{"id":121698,"date":"2019-01-06T20:30:04","date_gmt":"2019-01-06T19:30:04","guid":{"rendered":"https:\/\/kulturbloggen.com\/?p=121698"},"modified":"2019-01-06T20:30:05","modified_gmt":"2019-01-06T19:30:05","slug":"tv-serie-my-brilliant-friend","status":"publish","type":"post","link":"https:\/\/kulturbloggen.com\/?p=121698","title":{"rendered":"Tv-serie: My Brilliant Friend"},"content":{"rendered":"<p><img loading=\"lazy\" decoding=\"async\" class=\"aligncenter size-full wp-image-122013\" src=\"https:\/\/kulturbloggen.com\/wp-content\/uploads\/2019\/01\/mybrilliantfriend650.jpg\" alt=\"\" width=\"650\" height=\"365\" srcset=\"https:\/\/kulturbloggen.com\/wp-content\/uploads\/2019\/01\/mybrilliantfriend650.jpg 650w, https:\/\/kulturbloggen.com\/wp-content\/uploads\/2019\/01\/mybrilliantfriend650-300x168.jpg 300w\" sizes=\"auto, (max-width: 650px) 100vw, 650px\" \/><\/p>\n<p><strong>My Brilliant Friend<\/strong><br \/>\nBetyg 5<br \/>\nPremi\u00e4r p\u00e5 HBO 19 november 2018<\/p>\n<p>Denna helt underbara tv-serien bygger p\u00e5 Elena Ferrantes hyllade romanserie om de tv\u00e5 italienska flickorna Lila Elena som v\u00e4xte upp i efterkrigstidens Neapel.<\/p>\n<p>Att filmatisera en fantastisk roman har sina sidor. Jag hade inte hunnit l\u00e4sa b\u00f6ckerna n\u00e4r jag s\u00e5g denna f\u00f6rsta s\u00e4song. S\u00e5 jag t\u00e4nker inte j\u00e4mf\u00f6ra med boken. Men jag har sv\u00e5rt att t\u00e4nka mig att n\u00e5gon som \u00e4lskar b\u00f6ckerna skulle vara missn\u00f6jda. Denna f\u00f6rsta s\u00e4song verkar i stort sett st\u00e4mma med den f\u00f6rsta boken i serien, boken som p\u00e5 svenska har titeln Min fantastiska v\u00e4ninna.<\/p>\n<p><img loading=\"lazy\" decoding=\"async\" class=\"alignright size-full wp-image-122014\" src=\"https:\/\/kulturbloggen.com\/wp-content\/uploads\/2019\/01\/mybrilliantfriend2-e1546802928812.jpg\" alt=\"\" width=\"400\" height=\"225\" \/>S\u00e5 duktiga sk\u00e5despelare. Vi f\u00e5r b\u00f6rja och f\u00f6lja flickorna n\u00e4r de \u00e4r sm\u00e5 och sedan som ton\u00e5ringar och som unga kvinnor. Det \u00e4r en stark och ber\u00f6rande och fascinerande ber\u00e4ttelse om tv\u00e5 unga kvinnors uppv\u00e4xt. Att s\u00e4ga att en bok eller en film, eller tv-serie, \u00e4r viktig, kan l\u00e5ta dumt och kan l\u00e5ta som om det inte har konstn\u00e4rlig kvalitet. Denna tv-serie \u00e4r viktig men samtidigt enast\u00e5ende och har h\u00f6gt konstn\u00e4rligt v\u00e4rde.<\/p>\n<p>B\u00e5da flickorna v\u00e4xer upp i fattiga, enkla omst\u00e4ndigheter. B\u00e5da \u00e4r duktiga i skolan med Lila \u00e4r sn\u00e4ppet b\u00e4ttre. Lila \u00e4r rent genialisk. Hon \u00e4r b\u00e4st i klassen, utan tvekan. Hennes f\u00f6r\u00e4ldrar och i synnerhet pappan har ingen f\u00f6rst\u00e5else f\u00f6r att en flicka ska studera vidare. Hon m\u00e5ste sj\u00e4lvklart sluta skolan n\u00e4r den obligatoriska delen \u00e4r avklarad och sedan m\u00e5ste hon hj\u00e4lpa till hemma och i pappans skomakeri. Sedan gifts hon bort som 16-\u00e5ring. Elena har turen att hennes pappa lyssnar p\u00e5 n\u00e4r hennes l\u00e4rarinna uppmanar f\u00f6r\u00e4ldrarna att l\u00e5ta henne studera vidare.<\/p>\n<p>De tv\u00e5 flickorna f\u00f6ljs \u00e5t i livet fast deras liv gestaltar sig v\u00e4ldigt olika. Det \u00e4r en ber\u00e4ttelse som k\u00e4nns \u00e4kta, m\u00e4nniskorna \u00e4r begripliga, vi f\u00f6rst\u00e5r hur de reagerar och varf\u00f6r \u00e4ven om i inte h\u00e5ller med dem.<\/p>\n<p>Den \u00e4r s\u00e5 vackert och snyggt filmad och Elena som \u00e4r den som ber\u00e4ttar kommer vi n\u00e4ra och det k\u00e4nns som att vi \u00e4r d\u00e4r, som att vi upplever h\u00e4ndelserna med deras \u00f6gon. Bilderna, ljudet, musiken, sk\u00e5despelarna, ber\u00e4ttelsen &#8211; allt \u00e4r m\u00e4sterligt.<\/p>\n<p>Om du bara ska se en tv-serie: se denna. Nu l\u00e4ngtar jag till s\u00e4song 2. Under tiden ska jag l\u00e4sa \u00f6vriga b\u00f6cker i serien.<\/p>\n<p><a href=\"https:\/\/www.aftonbladet.se\/nojesbladet\/tv\/a\/bKPqwB\/tidlos-italiensk-kansla-i-hbos-maktiga-my-brilliant-friend\">Aftonbladet skriver i sin recension av serien: Tidl\u00f6s italiensk k\u00e4nsla i HBO:s m\u00e4ktiga \u201dMy brilliant friend\u201d<\/a><\/p>\n<p><iframe loading=\"lazy\" src=\"https:\/\/www.youtube.com\/embed\/PXCKYOlIgTQ\" width=\"560\" height=\"315\" frameborder=\"0\" allowfullscreen=\"allowfullscreen\"><\/iframe><\/p>\n","protected":false},"excerpt":{"rendered":"<p>My Brilliant Friend Betyg 5 Premi\u00e4r p\u00e5 HBO 19 november 2018 Denna helt underbara tv-serien bygger p\u00e5 Elena Ferrantes hyllade romanserie om de tv\u00e5 italienska flickorna Lila Elena som v\u00e4xte upp i efterkrigstidens Neapel. Att filmatisera en fantastisk roman har sina sidor. Jag hade inte hunnit l\u00e4sa b\u00f6ckerna n\u00e4r jag s\u00e5g denna f\u00f6rsta s\u00e4song. S\u00e5 [&hellip;]<\/p>\n","protected":false},"author":2,"featured_media":0,"comment_status":"open","ping_status":"open","sticky":false,"template":"","format":"standard","meta":{"_genesis_hide_title":false,"_genesis_hide_breadcrumbs":false,"_genesis_hide_singular_image":false,"_genesis_hide_footer_widgets":false,"_genesis_custom_body_class":"","_genesis_custom_post_class":"","_genesis_layout":"","footnotes":""},"categories":[50,13227,20,13624,13597],"tags":[12285,6020],"class_list":{"0":"post-121698","1":"post","2":"type-post","3":"status-publish","4":"format-standard","6":"category-filmfilm","7":"category-tv-serier","8":"category-film","9":"category-toppnytt","10":"category-tv","11":"tag-recension","12":"tag-tv-serie","13":"entry"},"_links":{"self":[{"href":"https:\/\/kulturbloggen.com\/index.php?rest_route=\/wp\/v2\/posts\/121698","targetHints":{"allow":["GET"]}}],"collection":[{"href":"https:\/\/kulturbloggen.com\/index.php?rest_route=\/wp\/v2\/posts"}],"about":[{"href":"https:\/\/kulturbloggen.com\/index.php?rest_route=\/wp\/v2\/types\/post"}],"author":[{"embeddable":true,"href":"https:\/\/kulturbloggen.com\/index.php?rest_route=\/wp\/v2\/users\/2"}],"replies":[{"embeddable":true,"href":"https:\/\/kulturbloggen.com\/index.php?rest_route=%2Fwp%2Fv2%2Fcomments&post=121698"}],"version-history":[{"count":3,"href":"https:\/\/kulturbloggen.com\/index.php?rest_route=\/wp\/v2\/posts\/121698\/revisions"}],"predecessor-version":[{"id":122015,"href":"https:\/\/kulturbloggen.com\/index.php?rest_route=\/wp\/v2\/posts\/121698\/revisions\/122015"}],"wp:attachment":[{"href":"https:\/\/kulturbloggen.com\/index.php?rest_route=%2Fwp%2Fv2%2Fmedia&parent=121698"}],"wp:term":[{"taxonomy":"category","embeddable":true,"href":"https:\/\/kulturbloggen.com\/index.php?rest_route=%2Fwp%2Fv2%2Fcategories&post=121698"},{"taxonomy":"post_tag","embeddable":true,"href":"https:\/\/kulturbloggen.com\/index.php?rest_route=%2Fwp%2Fv2%2Ftags&post=121698"}],"curies":[{"name":"wp","href":"https:\/\/api.w.org\/{rel}","templated":true}]}}