{"id":121645,"date":"2018-12-13T09:55:01","date_gmt":"2018-12-13T08:55:01","guid":{"rendered":"https:\/\/kulturbloggen.com\/?p=121645"},"modified":"2018-12-13T09:55:58","modified_gmt":"2018-12-13T08:55:58","slug":"titta-amasons-jullat-med-text-av-mattias-alkberg-en-god-god-god-jul","status":"publish","type":"post","link":"https:\/\/kulturbloggen.com\/?p=121645","title":{"rendered":"Titta: Amasons jull\u00e5t med text av Mattias Alkberg: En god, god, god jul"},"content":{"rendered":"<p><img loading=\"lazy\" decoding=\"async\" class=\"aligncenter size-full wp-image-121647\" src=\"https:\/\/kulturbloggen.com\/wp-content\/uploads\/2018\/12\/engodgodgodjul.jpg\" alt=\"\" width=\"650\" height=\"366\" srcset=\"https:\/\/kulturbloggen.com\/wp-content\/uploads\/2018\/12\/engodgodgodjul.jpg 650w, https:\/\/kulturbloggen.com\/wp-content\/uploads\/2018\/12\/engodgodgodjul-300x169.jpg 300w\" sizes=\"auto, (max-width: 650px) 100vw, 650px\" \/><\/p>\n<p>Amason har sl\u00e4ppt en nyskriven jull\u00e5t med text av Mattias Alkberg \u2013 lyssna p\u00e5 \u201dEn god, god, god jul\u201d.<\/p>\n<p>\u201dEn god, god, god jul\u201d har sl\u00e4ppts digitalt den 13 december 2018 via INGRID. Bandet har ocks\u00e5 tryckt singeln i ett exklusivt vinylexemplar som de auktionerar ut till f\u00f6rm\u00e5n f\u00f6r Musikhj\u00e4lpens insamling.<\/p>\n<p>Mattias Alkberg om l\u00e5ten:<br \/>\n&#8211; Jag ville skriva en text om att julen kan vara lite jobbig. Men jag ville att den inte skulle vara s\u00e5 moralistisk. Eller s\u00e5 d\u00e4r totalt \u00e5ngestfylld och \u2019Nor\u00e9nsk\u2019. Bara lite jobbig. En gr\u00e5 jul kanske, inte svart eller vit. Men god.<\/p>\n<p><iframe loading=\"lazy\" src=\"https:\/\/www.youtube.com\/embed\/CH4_kTV8pWs\" width=\"560\" height=\"315\" frameborder=\"0\" allowfullscreen=\"allowfullscreen\"><\/iframe><\/p>\n","protected":false},"excerpt":{"rendered":"<p>Amason har sl\u00e4ppt en nyskriven jull\u00e5t med text av Mattias Alkberg \u2013 lyssna p\u00e5 \u201dEn god, god, god jul\u201d. \u201dEn god, god, god jul\u201d har sl\u00e4ppts digitalt den 13 december 2018 via INGRID. Bandet har ocks\u00e5 tryckt singeln i ett exklusivt vinylexemplar som de auktionerar ut till f\u00f6rm\u00e5n f\u00f6r Musikhj\u00e4lpens insamling. Mattias Alkberg om l\u00e5ten: [&hellip;]<\/p>\n","protected":false},"author":2,"featured_media":0,"comment_status":"open","ping_status":"open","sticky":false,"template":"","format":"standard","meta":{"_genesis_hide_title":false,"_genesis_hide_breadcrumbs":false,"_genesis_hide_singular_image":false,"_genesis_hide_footer_widgets":false,"_genesis_custom_body_class":"","_genesis_custom_post_class":"","_genesis_layout":"","footnotes":""},"categories":[7,13624],"tags":[9072,12282,3868,13780,6230],"class_list":["post-121645","post","type-post","status-publish","format-standard","category-musik","category-toppnytt","tag-jullat","tag-musik","tag-musikvideo","tag-muskhjalpen","tag-video","entry"],"_links":{"self":[{"href":"https:\/\/kulturbloggen.com\/index.php?rest_route=\/wp\/v2\/posts\/121645","targetHints":{"allow":["GET"]}}],"collection":[{"href":"https:\/\/kulturbloggen.com\/index.php?rest_route=\/wp\/v2\/posts"}],"about":[{"href":"https:\/\/kulturbloggen.com\/index.php?rest_route=\/wp\/v2\/types\/post"}],"author":[{"embeddable":true,"href":"https:\/\/kulturbloggen.com\/index.php?rest_route=\/wp\/v2\/users\/2"}],"replies":[{"embeddable":true,"href":"https:\/\/kulturbloggen.com\/index.php?rest_route=%2Fwp%2Fv2%2Fcomments&post=121645"}],"version-history":[{"count":2,"href":"https:\/\/kulturbloggen.com\/index.php?rest_route=\/wp\/v2\/posts\/121645\/revisions"}],"predecessor-version":[{"id":121648,"href":"https:\/\/kulturbloggen.com\/index.php?rest_route=\/wp\/v2\/posts\/121645\/revisions\/121648"}],"wp:attachment":[{"href":"https:\/\/kulturbloggen.com\/index.php?rest_route=%2Fwp%2Fv2%2Fmedia&parent=121645"}],"wp:term":[{"taxonomy":"category","embeddable":true,"href":"https:\/\/kulturbloggen.com\/index.php?rest_route=%2Fwp%2Fv2%2Fcategories&post=121645"},{"taxonomy":"post_tag","embeddable":true,"href":"https:\/\/kulturbloggen.com\/index.php?rest_route=%2Fwp%2Fv2%2Ftags&post=121645"}],"curies":[{"name":"wp","href":"https:\/\/api.w.org\/{rel}","templated":true}]}}