{"id":121583,"date":"2018-12-11T16:32:51","date_gmt":"2018-12-11T15:32:51","guid":{"rendered":"https:\/\/kulturbloggen.com\/?p=121583"},"modified":"2018-12-11T16:32:52","modified_gmt":"2018-12-11T15:32:52","slug":"laleh-aker-pa-turne-sommaren-2019","status":"publish","type":"post","link":"https:\/\/kulturbloggen.com\/?p=121583","title":{"rendered":"Laleh \u00e5ker p\u00e5 turn\u00e9 sommaren 2019"},"content":{"rendered":"\n<figure class=\"wp-block-image\"><img loading=\"lazy\" decoding=\"async\" width=\"636\" height=\"358\" src=\"https:\/\/kulturbloggen.com\/wp-content\/uploads\/2018\/12\/unnamed-15.jpg\" alt=\"\" class=\"wp-image-121585\" srcset=\"https:\/\/kulturbloggen.com\/wp-content\/uploads\/2018\/12\/unnamed-15.jpg 636w, https:\/\/kulturbloggen.com\/wp-content\/uploads\/2018\/12\/unnamed-15-300x169.jpg 300w\" sizes=\"auto, (max-width: 636px) 100vw, 636px\" \/><\/figure>\n\n\n\n<p>Ett pressmeddelande ber\u00e4ttar:<\/p>\n\n\n\n<p>Senast Laleh var ute p\u00e5 turn\u00e9 var efter hennes 6:e album Kristaller som kom ut 2016. Sommarens och h\u00f6stens turn\u00e9 drog rekordpublik, \u00f6ver 105.000 biljetter s\u00e5ldes och konserterna tog snabbt slut. Med vetskapen om att det nya albumet \u00e4r i ant\u00e5gande i v\u00e5r r\u00e4knas trycket vara stort p\u00e5 turn\u00e9n, som f\u00e5r premi\u00e4r i Sofiero den 28 juni och forts\u00e4tter sedan med nedslag \u00f6ver hela Sverige.<\/p>\n\n\n\n<p>Laleh h\u00e4lsar:<\/p>\n\n\n\n<p><em>\u201dL\u00e4ngtar till sommaren, inget g\u00e5r upp emot sommarkv\u00e4llar och musik! Jag har verkligen hunnit l\u00e4ngta och sakna publiken j\u00e4ttemycket och s\u00e5 alla musiker och allt kul med bild och ljus kring konserterna, vi v\u00e4xer och har roligare f\u00f6r varje \u00e5r! Den h\u00e4r skivan kommer kanske bli en av de starkaste skivor jag gjort med mycket variation vilket \u00e4r \u00e4nnu roligare n\u00e4r man spelar live!\u201d<\/em><\/p>\n","protected":false},"excerpt":{"rendered":"<p>Ett pressmeddelande ber\u00e4ttar: Senast Laleh var ute p\u00e5 turn\u00e9 var efter hennes 6:e album Kristaller som kom ut 2016. Sommarens och h\u00f6stens turn\u00e9 drog rekordpublik, \u00f6ver 105.000 biljetter s\u00e5ldes och konserterna tog snabbt slut. Med vetskapen om att det nya albumet \u00e4r i ant\u00e5gande i v\u00e5r r\u00e4knas trycket vara stort p\u00e5 turn\u00e9n, som f\u00e5r premi\u00e4r [&hellip;]<\/p>\n","protected":false},"author":13,"featured_media":0,"comment_status":"open","ping_status":"open","sticky":false,"template":"","format":"standard","meta":{"_genesis_hide_title":false,"_genesis_hide_breadcrumbs":false,"_genesis_hide_singular_image":false,"_genesis_hide_footer_widgets":false,"_genesis_custom_body_class":"","_genesis_custom_post_class":"","_genesis_layout":"","footnotes":""},"categories":[7,13624],"tags":[],"class_list":{"0":"post-121583","1":"post","2":"type-post","3":"status-publish","4":"format-standard","6":"category-musik","7":"category-toppnytt","8":"entry"},"_links":{"self":[{"href":"https:\/\/kulturbloggen.com\/index.php?rest_route=\/wp\/v2\/posts\/121583","targetHints":{"allow":["GET"]}}],"collection":[{"href":"https:\/\/kulturbloggen.com\/index.php?rest_route=\/wp\/v2\/posts"}],"about":[{"href":"https:\/\/kulturbloggen.com\/index.php?rest_route=\/wp\/v2\/types\/post"}],"author":[{"embeddable":true,"href":"https:\/\/kulturbloggen.com\/index.php?rest_route=\/wp\/v2\/users\/13"}],"replies":[{"embeddable":true,"href":"https:\/\/kulturbloggen.com\/index.php?rest_route=%2Fwp%2Fv2%2Fcomments&post=121583"}],"version-history":[{"count":2,"href":"https:\/\/kulturbloggen.com\/index.php?rest_route=\/wp\/v2\/posts\/121583\/revisions"}],"predecessor-version":[{"id":121587,"href":"https:\/\/kulturbloggen.com\/index.php?rest_route=\/wp\/v2\/posts\/121583\/revisions\/121587"}],"wp:attachment":[{"href":"https:\/\/kulturbloggen.com\/index.php?rest_route=%2Fwp%2Fv2%2Fmedia&parent=121583"}],"wp:term":[{"taxonomy":"category","embeddable":true,"href":"https:\/\/kulturbloggen.com\/index.php?rest_route=%2Fwp%2Fv2%2Fcategories&post=121583"},{"taxonomy":"post_tag","embeddable":true,"href":"https:\/\/kulturbloggen.com\/index.php?rest_route=%2Fwp%2Fv2%2Ftags&post=121583"}],"curies":[{"name":"wp","href":"https:\/\/api.w.org\/{rel}","templated":true}]}}