{"id":121551,"date":"2018-12-10T18:27:28","date_gmt":"2018-12-10T17:27:28","guid":{"rendered":"https:\/\/kulturbloggen.com\/?p=121551"},"modified":"2018-12-10T18:27:28","modified_gmt":"2018-12-10T17:27:28","slug":"hakan-hellstrom-overraskar-med-en-andra-ny-singel","status":"publish","type":"post","link":"https:\/\/kulturbloggen.com\/?p=121551","title":{"rendered":"H\u00e5kan Hellstr\u00f6m \u00f6verraskar med en andra ny singel"},"content":{"rendered":"<p><a href=\"https:\/\/kulturbloggen.com\/wp-content\/uploads\/2018\/12\/IMG_0057.png\"><img loading=\"lazy\" decoding=\"async\" class=\"alignnone size-full wp-image-121552\" src=\"https:\/\/kulturbloggen.com\/wp-content\/uploads\/2018\/12\/IMG_0057.png\" alt=\"\" width=\"600\" height=\"330\" srcset=\"https:\/\/kulturbloggen.com\/wp-content\/uploads\/2018\/12\/IMG_0057.png 600w, https:\/\/kulturbloggen.com\/wp-content\/uploads\/2018\/12\/IMG_0057-300x165.png 300w\" sizes=\"auto, (max-width: 600px) 100vw, 600px\" \/><\/a><\/p>\n<p>Veckan efter den \u00f6verraskande nyheten att H\u00e5kan Hellstr\u00f6m sl\u00e4pper en ny skiva den 14 december, kallad illusioner, kommer nu singel nummer tv\u00e5 fr\u00e5n den nya skivan. Inatt klockan 00.00 sl\u00e4pps &#8221;Tro p\u00e5 livet&#8221;. F\u00f6rra veckans singel, &#8221;V\u00e4nta tills v\u00e5ren&#8221; fick ett lite blandat mottagande, Aftonbladet hade rubriken &#8221;En episk ballad i klassisk H\u00e5kan-stil&#8221;, i Nyhetsmorgon sa Jan Gradvall.<\/p>\n<p>\u2013 Den h\u00e4r l\u00e5ten \u00e4r riktad till H\u00e5kan Hellstr\u00f6ms gamla fans. Ingen under 25 kommer att bry sig om den h\u00e4r l\u00e5ten.<\/p>\n<p>Lika \u00f6verraskande kommer nu den nya singeln &#8221;Tro p\u00e5 livet&#8221;, inte att f\u00f6rv\u00e4xla med &#8221;Tro och tvivel&#8221;, en l\u00e5t som varit sj\u00e4lvklar de senaste \u00e5ren p\u00e5 alla H\u00e5kans konserter. Denna g\u00e5ng har skivbolaget l\u00e4rt sig att Nya Zeeland ligger i en annan tidszon och nu g\u00e5r det inte att lyssna p\u00e5 den i f\u00f6rv\u00e4g p\u00e5 n\u00e5gon digital plattform d\u00e4r.<\/p>\n","protected":false},"excerpt":{"rendered":"<p>Veckan efter den \u00f6verraskande nyheten att H\u00e5kan Hellstr\u00f6m sl\u00e4pper en ny skiva den 14 december, kallad illusioner, kommer nu singel nummer tv\u00e5 fr\u00e5n den nya skivan. Inatt klockan 00.00 sl\u00e4pps &#8221;Tro p\u00e5 livet&#8221;. F\u00f6rra veckans singel, &#8221;V\u00e4nta tills v\u00e5ren&#8221; fick ett lite blandat mottagande, Aftonbladet hade rubriken &#8221;En episk ballad i klassisk H\u00e5kan-stil&#8221;, i Nyhetsmorgon [&hellip;]<\/p>\n","protected":false},"author":12,"featured_media":0,"comment_status":"open","ping_status":"open","sticky":false,"template":"","format":"standard","meta":{"_genesis_hide_title":false,"_genesis_hide_breadcrumbs":false,"_genesis_hide_singular_image":false,"_genesis_hide_footer_widgets":false,"_genesis_custom_body_class":"","_genesis_custom_post_class":"","_genesis_layout":"","footnotes":""},"categories":[7,13624],"tags":[],"class_list":{"0":"post-121551","1":"post","2":"type-post","3":"status-publish","4":"format-standard","6":"category-musik","7":"category-toppnytt","8":"entry"},"_links":{"self":[{"href":"https:\/\/kulturbloggen.com\/index.php?rest_route=\/wp\/v2\/posts\/121551","targetHints":{"allow":["GET"]}}],"collection":[{"href":"https:\/\/kulturbloggen.com\/index.php?rest_route=\/wp\/v2\/posts"}],"about":[{"href":"https:\/\/kulturbloggen.com\/index.php?rest_route=\/wp\/v2\/types\/post"}],"author":[{"embeddable":true,"href":"https:\/\/kulturbloggen.com\/index.php?rest_route=\/wp\/v2\/users\/12"}],"replies":[{"embeddable":true,"href":"https:\/\/kulturbloggen.com\/index.php?rest_route=%2Fwp%2Fv2%2Fcomments&post=121551"}],"version-history":[{"count":1,"href":"https:\/\/kulturbloggen.com\/index.php?rest_route=\/wp\/v2\/posts\/121551\/revisions"}],"predecessor-version":[{"id":121553,"href":"https:\/\/kulturbloggen.com\/index.php?rest_route=\/wp\/v2\/posts\/121551\/revisions\/121553"}],"wp:attachment":[{"href":"https:\/\/kulturbloggen.com\/index.php?rest_route=%2Fwp%2Fv2%2Fmedia&parent=121551"}],"wp:term":[{"taxonomy":"category","embeddable":true,"href":"https:\/\/kulturbloggen.com\/index.php?rest_route=%2Fwp%2Fv2%2Fcategories&post=121551"},{"taxonomy":"post_tag","embeddable":true,"href":"https:\/\/kulturbloggen.com\/index.php?rest_route=%2Fwp%2Fv2%2Ftags&post=121551"}],"curies":[{"name":"wp","href":"https:\/\/api.w.org\/{rel}","templated":true}]}}