{"id":121391,"date":"2018-12-03T00:26:54","date_gmt":"2018-12-02T23:26:54","guid":{"rendered":"https:\/\/kulturbloggen.com\/?p=121391"},"modified":"2018-12-04T01:04:25","modified_gmt":"2018-12-04T00:04:25","slug":"vemodig-optimism-fargad-av-starka-melodier-och-rytmiska-finesser-dekontee-av-lisa-grotherus","status":"publish","type":"post","link":"https:\/\/kulturbloggen.com\/?p=121391","title":{"rendered":"Vemodig optimism pr\u00e4glar b\u00e4rkraftiga melodier  &#8211; Dekontee av Lisa Grotherus"},"content":{"rendered":"<p><a href=\"https:\/\/kulturbloggen.com\/wp-content\/uploads\/2018\/11\/BILD1898_2.jpg\"><img loading=\"lazy\" decoding=\"async\" class=\"alignnone size-medium wp-image-121394\" src=\"https:\/\/kulturbloggen.com\/wp-content\/uploads\/2018\/11\/BILD1898_2-300x200.jpg\" alt=\"\" width=\"300\" height=\"200\" srcset=\"https:\/\/kulturbloggen.com\/wp-content\/uploads\/2018\/11\/BILD1898_2-300x200.jpg 300w, https:\/\/kulturbloggen.com\/wp-content\/uploads\/2018\/11\/BILD1898_2-768x512.jpg 768w, https:\/\/kulturbloggen.com\/wp-content\/uploads\/2018\/11\/BILD1898_2-1024x683.jpg 1024w, https:\/\/kulturbloggen.com\/wp-content\/uploads\/2018\/11\/BILD1898_2.jpg 1500w\" sizes=\"auto, (max-width: 300px) 100vw, 300px\" \/><\/a>Foto Gina Mannberg<\/p>\n<p><strong>Artist:\u00a0<\/strong>Lisa Grotherus<\/p>\n<p><strong>Titel:\u00a0<\/strong>Dekontee<\/p>\n<p><strong>Betyg:\u00a0<\/strong>4<\/p>\n<p>Producerad av Lisa Grotherus och exekutiv producent Daniel Lantz<\/p>\n<p>Mixning\u00a0 Daniel Bengtsson<\/p>\n<p>Mastring\u00a0 Johannes Ahlberg<\/p>\n<p>Inspelad i studio Rymden<\/p>\n<p>Do Music Records<\/p>\n<p>Release 19\/10 2018<\/p>\n<p>38:15<\/p>\n<p>Svenska jazzlivet blomstrar, spirar av talanger som propsar p\u00e5 att h\u00f6ras. En i raden av intressanta debutanter heter Lisa Grotherus, vars instrument \u00e4r klarinett och basklarinett. L\u00e4gg d\u00e4rtill att hon sjunger, vilket ges fint prov p\u00e5 p\u00e5 tv\u00e5 av sp\u00e5ren. Grotherus har bokstavligt och bildligt talat gjort en vindlande resa, Efter att ha g\u00e5tt musikklass i Uppsala best\u00e4mde hon sig efter gymnasiet att se sig om i v\u00e4rlden. Hon flyttade till Australien, Portugal och reste runt i Chile, \u00f6vade inte p\u00e5 sju \u00e5r. Tog ist\u00e4llet en kandidat i Internationella relationer, blev ett kort tag statsvetare och jobbade som handl\u00e4ggare. Men lusten att musicera \u00e5terv\u00e4nde. Hon gick folkmusik- och jazzlinje p\u00e5 folkh\u00f6gskola f\u00f6r att d\u00e4refter p\u00e5b\u00f6rja studier vid Musikh\u00f6gskolan i Stockholm, studier hon avbr\u00f6t f\u00f6r att ist\u00e4llet frilansa. Idag spelar\u00a0 hon med bland andra Sallyswag, Fartyg 6, Trio Angels och ett Schweiziskt impro-band, \u00a0 bevis f\u00f6r att hon sugit \u00e5t sig olika typer av musik sedan uppv\u00e4xten med en pappa som musiker. Och hon har komponerat f\u00f6r teater, film och radio.<\/p>\n<p>Debuten \u00e4r inspirerad av en halv\u00e5rs l\u00e5ng vistelse i Liberia, ett land h\u00e5rt drabbat av inb\u00f6rdeskrig. Klarinettisten som stationerad i en by arbetade\u00a0 med m\u00e4nskliga r\u00e4ttigheter, tog djupt intryck av miserabla levnadsf\u00f6rh\u00e5llanden,\u00a0 varken kunde eller ville skaka av sig sina upplevelser efter hemkomsten. Har varit en l\u00e5ng skapelseprocess f\u00f6r\u00a0<em>Dekontee,\u00a0<\/em>det smeknamn Lisa fick i Liberia. Albumet har flera stilar och st\u00e4mningar i sig. Enligt pressutskicket samsas folkmusik med jazz och poppig experimentlusta i luftiga och \u00e4rliga klangv\u00e4rldar. Ett faktum som g\u00f6r det marigt att landa i ett entydigt omd\u00f6me. Flesta g\u00e5ngerna jag lyssnar mig igenom l\u00e5tarna tycker jag att i princip allt \u00e4r ljuvligt och h\u00e4nger ihop p\u00e5 n\u00e5got mystiskt s\u00e4tt. Enstaka g\u00e5nger har jag f\u00e5tt k\u00e4mpa mer, sett vissa passager\u00a0 som en spretig utmaning. Att recensenten i mig kan komma till olika konklusioner, \u00e4r v\u00e4l ett tecken p\u00e5 att h\u00e4r finns olika lager, framtagna av en medveten och m\u00e5linriktad konstn\u00e4rssj\u00e4l?\u00a0 Som ytterligare info kan i sammanhanget n\u00e4mnas att Grotherus engagerat sig i diverse intressef\u00f6reningar f\u00f6r musiker (IMPRA bland annat) och startat n\u00e5got som heter Jazz &amp; Art.<\/p>\n<p><a href=\"https:\/\/kulturbloggen.com\/wp-content\/uploads\/2018\/12\/1476035005946.jpg\"><img loading=\"lazy\" decoding=\"async\" class=\"alignnone size-medium wp-image-121459\" src=\"https:\/\/kulturbloggen.com\/wp-content\/uploads\/2018\/12\/1476035005946-200x300.jpg\" alt=\"\" width=\"200\" height=\"300\" srcset=\"https:\/\/kulturbloggen.com\/wp-content\/uploads\/2018\/12\/1476035005946-200x300.jpg 200w, https:\/\/kulturbloggen.com\/wp-content\/uploads\/2018\/12\/1476035005946-683x1024.jpg 683w, https:\/\/kulturbloggen.com\/wp-content\/uploads\/2018\/12\/1476035005946.jpg 750w\" sizes=\"auto, (max-width: 200px) 100vw, 200px\" \/><\/a>Foto Gina Mannberg<\/p>\n<p>Plattan best\u00e5r av tio l\u00e5tar,\u00a0 b\u00f6rjar och slutar med v\u00e4stafrikansk touch.\u00a0<em>Kajan flyger\u00a0<\/em>framkallar mycket v\u00e4lbehag i en genomkomponerad formel. Noterar omg\u00e5ende att Milton \u00d6hrstr\u00f6m p\u00e5 piano och philicorda (elorgel fr\u00e5n 60-talet) visar sig vara en mycket angen\u00e4m, f\u00f6r mig ny bekantskap. i\u00a0<em>Interlude\u00a0<\/em>g\u00f6r han en remarkabel, mycket h\u00f6rv\u00e4rd insats. En annan musiker bekr\u00e4ftar omg\u00e5ende mitt sedan tidigare mycket goda intryck. Konrad Agnas \u00e4r f\u00f6r n\u00e4rvarande en av landets b\u00e4sta och mest efterfr\u00e5gade jazztrumslagare. Han har en fantastisk tajming, flexibilitet och n\u00e4sa f\u00f6r rytmiska finesser. \u00d6verlag\u00a0 attraktiva teman med Grotherus och \u00d6hrstr\u00f6m tillsammans i t\u00e4tposition,\u00a0 superb v\u00e4xelverkan mellan dur och moll. Och n\u00e4r mina \u00f6ron \u00e4r r\u00e4tt inst\u00e4llda f\u00f6r mottagning: en intrikat avv\u00e4gning mellan r\u00e4tlinjiga och sm\u00e5kr\u00e5ngliga melodier.<\/p>\n<p>Ber\u00f6rande dragspelaren Lisa L\u00e5ngbacka f\u00e4rgar vackert <em>Till slut\u00a0<\/em>med sina melankoliska utdragna toner, vilka fl\u00e4tar in sig s\u00f6ml\u00f6st med Grotherus basklarinett (ett underskattat instrument). L\u00e5ten \u00e4r en skimrande p\u00e4rla, en utstuderat l\u00e5ngsam tango. Tons\u00e4ttningen av Barbro Lindgrens\u00a0<em>Nu och nu\u00a0<\/em>med innerlig s\u00e5ng j\u00e4mte Oskar Sch\u00f6nnings pregnanta basspel,\u00a0 \u00e4nnu en \u00e4delsten putsad till full\u00e4ndning. Avslutande <em>Hem\u00e5t hem <\/em>\u00a0m\u00e5ste betecknas som en enda l\u00e5ng, jublande poprefr\u00e4ng, konfirmerar hur h\u00e4rligt det kan vara att leva trots alt. I somliga sekvenser uppfattar jag annars, att sorgen och sm\u00e4rtan fr\u00e5n v\u00e5ldet i fattiga Liberia sipprat in i musiken. I <i>Dekontee (<\/i>&#8221;allt har sin tid&#8221;) har Lisa Grotherus h\u00e4llt n\u00e5gra droppar\u00a0 akustisk bebop, ett par skopor finkalibrerad pop och\u00a0 klanger fr\u00e5n kammarmusik samt pumpat p\u00e5 med v\u00e4rldsmusikens friskt brusande k\u00e4llvatten. Betr\u00e4ffande ljudet ska framh\u00e5llas att resonansen \u00e4r magnifik, likas\u00e5 balansen emellan instrumenten.<\/p>\n<p>&nbsp;<\/p>\n<p>&nbsp;<\/p>\n<p>&nbsp;<\/p>\n","protected":false},"excerpt":{"rendered":"<p>Foto Gina Mannberg Artist:\u00a0Lisa Grotherus Titel:\u00a0Dekontee Betyg:\u00a04 Producerad av Lisa Grotherus och exekutiv producent Daniel Lantz Mixning\u00a0 Daniel Bengtsson Mastring\u00a0 Johannes Ahlberg Inspelad i studio Rymden Do Music Records Release 19\/10 2018 38:15 Svenska jazzlivet blomstrar, spirar av talanger som propsar p\u00e5 att h\u00f6ras. En i raden av intressanta debutanter heter Lisa Grotherus, vars instrument [&hellip;]<\/p>\n","protected":false},"author":34,"featured_media":0,"comment_status":"open","ping_status":"open","sticky":false,"template":"","format":"standard","meta":{"_genesis_hide_title":false,"_genesis_hide_breadcrumbs":false,"_genesis_hide_singular_image":false,"_genesis_hide_footer_widgets":false,"_genesis_custom_body_class":"","_genesis_custom_post_class":"","_genesis_layout":"","footnotes":""},"categories":[7,22],"tags":[],"class_list":{"0":"post-121391","1":"post","2":"type-post","3":"status-publish","4":"format-standard","6":"category-musik","7":"category-skivor","8":"entry"},"_links":{"self":[{"href":"https:\/\/kulturbloggen.com\/index.php?rest_route=\/wp\/v2\/posts\/121391","targetHints":{"allow":["GET"]}}],"collection":[{"href":"https:\/\/kulturbloggen.com\/index.php?rest_route=\/wp\/v2\/posts"}],"about":[{"href":"https:\/\/kulturbloggen.com\/index.php?rest_route=\/wp\/v2\/types\/post"}],"author":[{"embeddable":true,"href":"https:\/\/kulturbloggen.com\/index.php?rest_route=\/wp\/v2\/users\/34"}],"replies":[{"embeddable":true,"href":"https:\/\/kulturbloggen.com\/index.php?rest_route=%2Fwp%2Fv2%2Fcomments&post=121391"}],"version-history":[{"count":6,"href":"https:\/\/kulturbloggen.com\/index.php?rest_route=\/wp\/v2\/posts\/121391\/revisions"}],"predecessor-version":[{"id":121460,"href":"https:\/\/kulturbloggen.com\/index.php?rest_route=\/wp\/v2\/posts\/121391\/revisions\/121460"}],"wp:attachment":[{"href":"https:\/\/kulturbloggen.com\/index.php?rest_route=%2Fwp%2Fv2%2Fmedia&parent=121391"}],"wp:term":[{"taxonomy":"category","embeddable":true,"href":"https:\/\/kulturbloggen.com\/index.php?rest_route=%2Fwp%2Fv2%2Fcategories&post=121391"},{"taxonomy":"post_tag","embeddable":true,"href":"https:\/\/kulturbloggen.com\/index.php?rest_route=%2Fwp%2Fv2%2Ftags&post=121391"}],"curies":[{"name":"wp","href":"https:\/\/api.w.org\/{rel}","templated":true}]}}