{"id":121386,"date":"2018-11-27T11:16:15","date_gmt":"2018-11-27T10:16:15","guid":{"rendered":"https:\/\/kulturbloggen.com\/?p=121386"},"modified":"2018-11-27T11:16:15","modified_gmt":"2018-11-27T10:16:15","slug":"bob-dylan-gor-tva-konserter-i-stockholm-och-goteborg-i-sommar","status":"publish","type":"post","link":"https:\/\/kulturbloggen.com\/?p=121386","title":{"rendered":"Bob Dylan g\u00f6r tv\u00e5 konserter i Stockholm och G\u00f6teborg i sommar"},"content":{"rendered":"<p><img loading=\"lazy\" decoding=\"async\" src=\"https:\/\/kulturbloggen.com\/wp-content\/uploads\/2018\/11\/unnamed-10.jpg\" alt=\"\" width=\"320\" height=\"337\" class=\"aligncenter size-full wp-image-121387\" srcset=\"https:\/\/kulturbloggen.com\/wp-content\/uploads\/2018\/11\/unnamed-10.jpg 320w, https:\/\/kulturbloggen.com\/wp-content\/uploads\/2018\/11\/unnamed-10-285x300.jpg 285w\" sizes=\"auto, (max-width: 320px) 100vw, 320px\" \/><\/p>\n<p>Nobelpristagaren Bob Dylan och hans band kommer till Sverige f\u00f6r tv\u00e5 konserter i sommar. Det blir en konsert p\u00e5 Ericsson Globe i Stockholm onsdag den 26 juni och en konsert p\u00e5 Scandinavium i G\u00f6teborg fredag den 28 juni.<\/p>\n<p>Ett pressmeddelande:<br \/>\nBob Dylan beh\u00f6ver ingen n\u00e4rmare presentation. Han \u00e4r just nu aktuell med sitt senaste album, kritikerrosade More Blood, More Tracks Vol. 14 vilket sl\u00e4pptes i b\u00f6rjan p\u00e5 november.<\/p>\n<p><strong>Datum 2019<br \/>\nOnsdag 26\/6 &#8211; Ericsson Globe, Stockholm<br \/>\nFredag 28\/6 &#8211; Scandinavium, G\u00f6teborg<\/strong><\/p>\n","protected":false},"excerpt":{"rendered":"<p>Nobelpristagaren Bob Dylan och hans band kommer till Sverige f\u00f6r tv\u00e5 konserter i sommar. Det blir en konsert p\u00e5 Ericsson Globe i Stockholm onsdag den 26 juni och en konsert p\u00e5 Scandinavium i G\u00f6teborg fredag den 28 juni. Ett pressmeddelande: Bob Dylan beh\u00f6ver ingen n\u00e4rmare presentation. Han \u00e4r just nu aktuell med sitt senaste album, [&hellip;]<\/p>\n","protected":false},"author":13,"featured_media":0,"comment_status":"open","ping_status":"open","sticky":false,"template":"","format":"standard","meta":{"_genesis_hide_title":false,"_genesis_hide_breadcrumbs":false,"_genesis_hide_singular_image":false,"_genesis_hide_footer_widgets":false,"_genesis_custom_body_class":"","_genesis_custom_post_class":"","_genesis_layout":"","footnotes":""},"categories":[7,13624],"tags":[],"class_list":{"0":"post-121386","1":"post","2":"type-post","3":"status-publish","4":"format-standard","6":"category-musik","7":"category-toppnytt","8":"entry"},"_links":{"self":[{"href":"https:\/\/kulturbloggen.com\/index.php?rest_route=\/wp\/v2\/posts\/121386","targetHints":{"allow":["GET"]}}],"collection":[{"href":"https:\/\/kulturbloggen.com\/index.php?rest_route=\/wp\/v2\/posts"}],"about":[{"href":"https:\/\/kulturbloggen.com\/index.php?rest_route=\/wp\/v2\/types\/post"}],"author":[{"embeddable":true,"href":"https:\/\/kulturbloggen.com\/index.php?rest_route=\/wp\/v2\/users\/13"}],"replies":[{"embeddable":true,"href":"https:\/\/kulturbloggen.com\/index.php?rest_route=%2Fwp%2Fv2%2Fcomments&post=121386"}],"version-history":[{"count":1,"href":"https:\/\/kulturbloggen.com\/index.php?rest_route=\/wp\/v2\/posts\/121386\/revisions"}],"predecessor-version":[{"id":121388,"href":"https:\/\/kulturbloggen.com\/index.php?rest_route=\/wp\/v2\/posts\/121386\/revisions\/121388"}],"wp:attachment":[{"href":"https:\/\/kulturbloggen.com\/index.php?rest_route=%2Fwp%2Fv2%2Fmedia&parent=121386"}],"wp:term":[{"taxonomy":"category","embeddable":true,"href":"https:\/\/kulturbloggen.com\/index.php?rest_route=%2Fwp%2Fv2%2Fcategories&post=121386"},{"taxonomy":"post_tag","embeddable":true,"href":"https:\/\/kulturbloggen.com\/index.php?rest_route=%2Fwp%2Fv2%2Ftags&post=121386"}],"curies":[{"name":"wp","href":"https:\/\/api.w.org\/{rel}","templated":true}]}}