{"id":12131,"date":"2009-08-28T01:27:44","date_gmt":"2009-08-27T23:27:44","guid":{"rendered":"http:\/\/kulturbloggen.com\/?p=12131"},"modified":"2009-08-28T01:27:44","modified_gmt":"2009-08-27T23:27:44","slug":"de-rodgrona-sa-nara-egen-majoritet","status":"publish","type":"post","link":"https:\/\/kulturbloggen.com\/?p=12131","title":{"rendered":"De r\u00f6dgr\u00f6na s\u00e5 n\u00e4ra egen majoritet"},"content":{"rendered":"<p><img loading=\"lazy\" decoding=\"async\" src=\"http:\/\/sodergren.com\/kulturbloggen\/wp-content\/uploads\/2009\/08\/rodgrona-300x205.jpg\" alt=\"rodgrona\" title=\"rodgrona\" width=\"300\" height=\"205\" class=\"aligncenter size-medium wp-image-12135\" \/><br \/>\nDe r\u00f6dgr\u00f6na \u00e4r s\u00e5 n\u00e4ra egen majoritet enligt DN\/Synovates augustim\u00e4tning. M\u00e4tningen s\u00e4ger att de r\u00f6dgr\u00f6na har st\u00f6d av 49,7 procent mot 45,0 f\u00f6r h\u00f6gerregeringspartierna.<br \/>\nSiffror som skulle vara v\u00e4ldigt bra f\u00f6r landet. Sverigedemokraterna skulle d\u00e5 inte ha minsta chans att bli v\u00e5gm\u00e4stare.<br \/>\n<a href=\"http:\/\/www.dn.se\/nyheter\/valet2010\/de-rodgrona-drar-ifran-alliansen-1.940111\">Dagens Nyheter<\/a> ber\u00e4ttar ocks\u00e5 att enligt den senaste m\u00e4tningen har st\u00f6det f\u00f6r Piratpartiet sjunkit kraftigt. Det beror nog bland annat p\u00e5 att <a href=\"http:\/\/www.svd.se\/naringsliv\/it\/artikel_3423783.svd\">Pirate Bay nu k\u00f6ps upp av ett vanligt vinstgivande f\u00f6retag<\/a> och fildelning ska bli aff\u00e4rsverksamhet. N\u00e4r fildelningens flaggskepp f\u00f6rvandlas till vanlig f\u00f6retagsverksamhet f\u00f6rlorar The Bay sin gloria, tror jag. Fildelningens frihet \u00e4r en av de b\u00e4rande benen f\u00f6r Piratpartiet.<\/p>\n<p>Fast n\u00e4r h\u00f6gerregeringen forts\u00e4tter med Europapaketet och andra integritetskr\u00e4nkande lagar kommer f\u00f6rmodligen st\u00f6det f\u00f6r piraterna att \u00f6ka, i j\u00e4mf\u00f6relse med den h\u00e4r augustim\u00e4tningen.<\/p>\n<p>Men trots Moderatst\u00e4mma och h\u00f6g exponering av partiledaren och statsministern Reinfeldt i medier backar st\u00f6det f\u00f6r h\u00f6gerpartierna. Det beror nog mycket p\u00e5 jobbfr\u00e5gan, att h\u00f6gern inte l\u00e4ngre \u00e4r trov\u00e4rdig n\u00e4r dess f\u00f6retr\u00e4dare talar om \u00e5tg\u00e4rder mot utanf\u00f6rskapet.<\/p>\n<p>Det d\u00e4r om att Moderaterna vill vara det nya arbetarpartiet anser m\u00e5nga v\u00e4ljare vara en version av Kejsarens nya kl\u00e4der. <a href=\"http:\/\/www.aftonbladet.se\/nyheter\/article5703774.ab\">Aftonbladet<\/a> d\u00e4r en l\u00e4sare formulerat det s\u00e5 h\u00e4r:<\/p>\n<blockquote><p>\u201dAlla ni arbetare som r\u00f6stade p\u00e5 Moderaterna kan k\u00e4nna er lurade. Jag fattar inte hur ni kunde g\u00e5 p\u00e5 detta valfl\u00e4sk om ett nytt arbetarparti som vill v\u00e4rna den svenska modellen, vilket trams. Summa summarum, vilka har tj\u00e4nat mest p\u00e5 den moderata politiken? Inte \u00e4r det den vanlige arbetaren. De som f\u00e5tt betala dyrast \u00e4r pension\u00e4rerna, arbetsl\u00f6sa och sjuka. Ska det vara s\u00e5 i ett v\u00e4lf\u00e4rdssamh\u00e4lle \u00e5r 2009? Enligt er som r\u00f6star och r\u00f6stat p\u00e5 Moderaterna ska det vara s\u00e5, enligt er \u00e4r en m\u00e4nniska inget v\u00e4rt om man inte har ett arbete, \u00e4r gammal eller sjuk.\u201d <\/p><\/blockquote>\n<p>Relaterat:<br \/>\n<a href=\"http:\/\/www.svd.se\/nyheter\/inrikes\/artikel_3426091.svd\">Svenska Dagbladet<\/a> och <a href=\"http:\/\/www.expressen.se\/Nyheter\/1.1685866\/ungdomsforbundet-missnojt-med-reinfeldts-tal#\">Expressen<\/a>, <a href=\"http:\/\/www.dn.se\/ekonomi\/ggf-vill-slutfora-pirate-bay-kopet-1.939650\">Dagens Nyheter 1<\/a>, <a href=\"http:\/\/www.dn.se\/nyheter\/valet2010\/folkhemmet-nya-modeordet-1.940073\">Dagens Nyheter 2<\/a>.<\/p>\n<p>L\u00e4s \u00e4ven andra bloggares \u00e5sikter om <a href=\"http:\/\/bloggar.se\/om\/jobb%E4vning\" rel=\"tag\">jobb\u00e4vning<\/a>, <a href=\"http:\/\/bloggar.se\/om\/v%E4ljarunders%F6kning\" rel=\"tag\">v\u00e4ljarunders\u00f6kning<\/a>, <a href=\"http:\/\/bloggar.se\/om\/samh%E4lle\" rel=\"tag\">samh\u00e4lle<\/a>, <a href=\"http:\/\/bloggar.se\/om\/val2010\" rel=\"tag\">val2010<\/a>, <a href=\"http:\/\/bloggar.se\/om\/Moderaterna\" rel=\"tag\">Moderaterna<\/a>, <a href=\"http:\/\/bloggar.se\/om\/De+r%F6dgr%F6na\" rel=\"tag\">De r\u00f6dgr\u00f6na<\/a>, <a href=\"http:\/\/bloggar.se\/om\/Piratpartiet\" rel=\"tag\">Piratpartiet<\/a><\/p>\n","protected":false},"excerpt":{"rendered":"<p>De r\u00f6dgr\u00f6na \u00e4r s\u00e5 n\u00e4ra egen majoritet enligt DN\/Synovates augustim\u00e4tning. M\u00e4tningen s\u00e4ger att de r\u00f6dgr\u00f6na har st\u00f6d av 49,7 procent mot 45,0 f\u00f6r h\u00f6gerregeringspartierna. Siffror som skulle vara v\u00e4ldigt bra f\u00f6r landet. Sverigedemokraterna skulle d\u00e5 inte ha minsta chans att bli v\u00e5gm\u00e4stare. Dagens Nyheter ber\u00e4ttar ocks\u00e5 att enligt den senaste m\u00e4tningen har st\u00f6det f\u00f6r Piratpartiet [&hellip;]<\/p>\n","protected":false},"author":2,"featured_media":0,"comment_status":"open","ping_status":"open","sticky":false,"template":"","format":"standard","meta":{"_genesis_hide_title":false,"_genesis_hide_breadcrumbs":false,"_genesis_hide_singular_image":false,"_genesis_hide_footer_widgets":false,"_genesis_custom_body_class":"","_genesis_custom_post_class":"","_genesis_layout":"","footnotes":""},"categories":[20],"tags":[2686,4917,6163,6307],"class_list":{"0":"post-12131","1":"post","2":"type-post","3":"status-publish","4":"format-standard","6":"category-film","7":"tag-jobbavning","8":"tag-samhalle","9":"tag-val2010","10":"tag-valjarundersokning","11":"entry"},"_links":{"self":[{"href":"https:\/\/kulturbloggen.com\/index.php?rest_route=\/wp\/v2\/posts\/12131","targetHints":{"allow":["GET"]}}],"collection":[{"href":"https:\/\/kulturbloggen.com\/index.php?rest_route=\/wp\/v2\/posts"}],"about":[{"href":"https:\/\/kulturbloggen.com\/index.php?rest_route=\/wp\/v2\/types\/post"}],"author":[{"embeddable":true,"href":"https:\/\/kulturbloggen.com\/index.php?rest_route=\/wp\/v2\/users\/2"}],"replies":[{"embeddable":true,"href":"https:\/\/kulturbloggen.com\/index.php?rest_route=%2Fwp%2Fv2%2Fcomments&post=12131"}],"version-history":[{"count":0,"href":"https:\/\/kulturbloggen.com\/index.php?rest_route=\/wp\/v2\/posts\/12131\/revisions"}],"wp:attachment":[{"href":"https:\/\/kulturbloggen.com\/index.php?rest_route=%2Fwp%2Fv2%2Fmedia&parent=12131"}],"wp:term":[{"taxonomy":"category","embeddable":true,"href":"https:\/\/kulturbloggen.com\/index.php?rest_route=%2Fwp%2Fv2%2Fcategories&post=12131"},{"taxonomy":"post_tag","embeddable":true,"href":"https:\/\/kulturbloggen.com\/index.php?rest_route=%2Fwp%2Fv2%2Ftags&post=12131"}],"curies":[{"name":"wp","href":"https:\/\/api.w.org\/{rel}","templated":true}]}}