{"id":121213,"date":"2018-11-15T07:39:05","date_gmt":"2018-11-15T06:39:05","guid":{"rendered":"https:\/\/kulturbloggen.com\/?p=121213"},"modified":"2018-11-15T07:42:44","modified_gmt":"2018-11-15T06:42:44","slug":"filmrecension-girl","status":"publish","type":"post","link":"https:\/\/kulturbloggen.com\/?p=121213","title":{"rendered":"Filmrecension: Girl"},"content":{"rendered":"<p><a href=\"https:\/\/kulturbloggen.com\/wp-content\/uploads\/2018\/11\/girl.jpg\"><img loading=\"lazy\" decoding=\"async\" class=\"alignnone size-medium wp-image-121215\" src=\"https:\/\/kulturbloggen.com\/wp-content\/uploads\/2018\/11\/girl-300x201.jpg\" alt=\"\" width=\"300\" height=\"201\" srcset=\"https:\/\/kulturbloggen.com\/wp-content\/uploads\/2018\/11\/girl-300x201.jpg 300w, https:\/\/kulturbloggen.com\/wp-content\/uploads\/2018\/11\/girl.jpg 575w\" sizes=\"auto, (max-width: 300px) 100vw, 300px\" \/><\/a><\/p>\n<p>Girl<br \/>\nBetyg 4<br \/>\nSvensk biopremi\u00e4r: 18 januari<br \/>\nRegiss\u00f6r: Lukas Duhont<br \/>\nMedverkande: Victor Polster och Arieh Worthalter<br \/>\nVisas p\u00e5 Stockholm filmfestival<\/p>\n<p>Det var l\u00e4nge sedan en film om trans s\u00e5 klockrent lyckas beskriva k\u00e4nslan av att v\u00e4xa upp i fel kropp,\u00a0 hur det l\u00e4tt leder till sj\u00e4lvhat, kroppshets och prestations\u00e5ngest. Lara \u00e4r en 15 \u00e5rig transtjej med en dr\u00f6m om att en dag f\u00e5 bli proffsdansare inom balett. Varje dag pushar hon sig till bristningsgr\u00e4nsen. Hennes t\u00e5r och h\u00e4lar fulla av \u00e4rr och s\u00e5rskorpor talar sitt tydliga spr\u00e5k. F\u00f6r att d\u00f6lja sin tilldelade k\u00f6nsidentitet virrar hon varje morgon in sin penis i toalettpapper. Ingen ska kunna se vad hon b\u00e4r mellan benen.<\/p>\n<p>Det \u00e4r tuff verklighet som regiss\u00f6r Lukas Duhont m\u00e5lar upp. I Lara finns mycket sj\u00e4lvhat och \u00e5ngestk\u00e4nslor. Dansen blir hennes tillflyktsort, platsen d\u00e4r hon kan f\u00e5 vara sig sj\u00e4lv och d\u00e4r hon utan d\u00f6mande blickar kan f\u00e5 uttrycka sin femnitet. Girl nyanserar synen p\u00e5 trans och g\u00e5r bortom konventionerna. Personportr\u00e4tten k\u00e4nns trov\u00e4rdiga. Det \u00e4r l\u00e4tt att f\u00f6r\u00e4lska sig pappan. I Vi slipper klichen av den f\u00f6rdomsfulle of\u00f6rst\u00e5ende pappan. Tv\u00e4rtom k\u00e4nns han som en everyday ton\u00e5rsfarsa,\u00a0 en som \u00e4r b\u00e5de pinsam, sn\u00e4ll och klumpig p\u00e5 samma g\u00e5ng. I alla l\u00e4gen st\u00f6ttar han och lyssnar p\u00e5 sin dotter.<br \/>\nMen det fr\u00e5ntar inte honom viss orosk\u00e4nsla n\u00e4r Lara beteer sig konstigt och n\u00e4r hon beslutar sig f\u00f6r att korrigera sin kropp.<\/p>\n<p>Som man s\u00e4ger The devil is in the details. Och det st\u00e4mmer verkligen h\u00e4r.I det subtila presenteras Laras mot- och medg\u00e5ngar. Som n\u00e4r den sure lillebrodern som k\u00e4nner frustration kallar henne f\u00f6r det tidiga namnet Victor och Lara ryter ifr\u00e5n.<\/p>\n<p>Sk\u00e5despelet \u00e4r top notch, inte minst \u00e4r Victor Polster som transflickan Lara helt lysande. Med hj\u00e4lp av ett starkt sk\u00e5despel k\u00e4nner vi riktigt hur hon k\u00e4nner. Kameran dr\u00f6jer kvar, zoomar in och kommer n\u00e4ra f\u00f6r att i n\u00e4sta scen flyga fram.\u00a0Balett \u00e4r en vacker konstart som h\u00e4r k\u00e4nns b\u00e5de vibrant och levande.<\/p>\n<p>Girl f\u00f6rdjupar den stereotypa bild av trans som s\u00e5 ofta m\u00e5las upp i film. P\u00e5 ett viss kunde Lara varit vilket flicka som helst med vanliga ton\u00e5rsproblem. Det strikta kraven samh\u00e4llet s\u00e4tter p\u00e5 flickor,\u00a0 pressen, stressen och f\u00f6rv\u00e4ntningarna som s\u00e5 f\u00e5 lyckas leva upp till granskas kritiskt. Det \u00e4r precis s\u00e5 h\u00e4r man g\u00f6r verkligt bra dramatik. Bli inte f\u00f6rv\u00e5nad om Lukas p\u00e5 s\u00f6ndagkv\u00e4ll f\u00e5r\u00a0motta det finaste priset p\u00e5 festivalen, Bronsh\u00e4sten.\u00a0 Gl\u00f6m inte vart ni h\u00f6rde det f\u00f6rst.<\/p>\n<p>Petter stjernstedt<\/p>\n","protected":false},"excerpt":{"rendered":"<p>Girl Betyg 4 Svensk biopremi\u00e4r: 18 januari Regiss\u00f6r: Lukas Duhont Medverkande: Victor Polster och Arieh Worthalter Visas p\u00e5 Stockholm filmfestival Det var l\u00e4nge sedan en film om trans s\u00e5 klockrent lyckas beskriva k\u00e4nslan av att v\u00e4xa upp i fel kropp,\u00a0 hur det l\u00e4tt leder till sj\u00e4lvhat, kroppshets och prestations\u00e5ngest. Lara \u00e4r en 15 \u00e5rig transtjej [&hellip;]<\/p>\n","protected":false},"author":40,"featured_media":0,"comment_status":"open","ping_status":"open","sticky":false,"template":"","format":"standard","meta":{"_genesis_hide_title":false,"_genesis_hide_breadcrumbs":false,"_genesis_hide_singular_image":false,"_genesis_hide_footer_widgets":false,"_genesis_custom_body_class":"","_genesis_custom_post_class":"","_genesis_layout":"","footnotes":""},"categories":[51,16,13624],"tags":[],"class_list":["post-121213","post","type-post","status-publish","format-standard","category-filmer","category-recension","category-toppnytt","entry"],"_links":{"self":[{"href":"https:\/\/kulturbloggen.com\/index.php?rest_route=\/wp\/v2\/posts\/121213","targetHints":{"allow":["GET"]}}],"collection":[{"href":"https:\/\/kulturbloggen.com\/index.php?rest_route=\/wp\/v2\/posts"}],"about":[{"href":"https:\/\/kulturbloggen.com\/index.php?rest_route=\/wp\/v2\/types\/post"}],"author":[{"embeddable":true,"href":"https:\/\/kulturbloggen.com\/index.php?rest_route=\/wp\/v2\/users\/40"}],"replies":[{"embeddable":true,"href":"https:\/\/kulturbloggen.com\/index.php?rest_route=%2Fwp%2Fv2%2Fcomments&post=121213"}],"version-history":[{"count":4,"href":"https:\/\/kulturbloggen.com\/index.php?rest_route=\/wp\/v2\/posts\/121213\/revisions"}],"predecessor-version":[{"id":121218,"href":"https:\/\/kulturbloggen.com\/index.php?rest_route=\/wp\/v2\/posts\/121213\/revisions\/121218"}],"wp:attachment":[{"href":"https:\/\/kulturbloggen.com\/index.php?rest_route=%2Fwp%2Fv2%2Fmedia&parent=121213"}],"wp:term":[{"taxonomy":"category","embeddable":true,"href":"https:\/\/kulturbloggen.com\/index.php?rest_route=%2Fwp%2Fv2%2Fcategories&post=121213"},{"taxonomy":"post_tag","embeddable":true,"href":"https:\/\/kulturbloggen.com\/index.php?rest_route=%2Fwp%2Fv2%2Ftags&post=121213"}],"curies":[{"name":"wp","href":"https:\/\/api.w.org\/{rel}","templated":true}]}}