{"id":12120,"date":"2009-08-27T15:07:00","date_gmt":"2009-08-27T13:07:00","guid":{"rendered":"http:\/\/kulturbloggen.com\/?p=12120"},"modified":"2009-08-27T15:07:00","modified_gmt":"2009-08-27T13:07:00","slug":"sex-stader-utvalda-for-melodifestivalens-deltavlingar-och-bjorkman-sitter-kvar-som-general","status":"publish","type":"post","link":"https:\/\/kulturbloggen.com\/?p=12120","title":{"rendered":"Sex st\u00e4der utvalda f\u00f6r Melodifestivalens delt\u00e4vlingar &#8211; och Bj\u00f6rkman sitter kvar som general"},"content":{"rendered":"<p><img loading=\"lazy\" decoding=\"async\" src=\"http:\/\/sodergren.com\/kulturbloggen\/wp-content\/uploads\/2009\/05\/malena-ernman290.jpg\" alt=\"malena-ernman290\" title=\"malena-ernman290\" width=\"290\" height=\"200\" class=\"aligncenter size-full wp-image-9390\" \/><br \/>\n\u00d6rnsk\u00f6ldsvik, Sandviken, G\u00f6teborg, Malm\u00f6, \u00d6rebro och Stockholm &#8211; det \u00e4r de sex st\u00e4der som kommer att visa Melodifestivalens delt\u00e4vlingar 2010.<br \/>\nTusan vad tiden rullar undan. Det var ju ig\u00e5r som Malena Ernman t\u00e4vlade f\u00f6r Sverige. Eller? Det k\u00e4nns s\u00e5.<br \/>\nOch nu \u00e4r f\u00f6rberedelserna i full g\u00e5ng inf\u00f6r n\u00e4sta omg\u00e5ng.<\/p>\n<p>Christer Bj\u00f6rkman presenterade de sex st\u00e4derna och han \u00e4r tydligen fortfarande festivalgeneral och har SVT:s fulla f\u00f6rtroende, trots att han misslyckats r\u00e4tt fatalt med att f\u00e5 fram sp\u00e4nnande nya l\u00e5tar som har n\u00e5gon chans d\u00e4r ute.<br \/>\nMalena borde i och f\u00f6r sig haft chansen, men hon hade d\u00e5liga r\u00e5dgivare p\u00e5 slutet tror jag. F\u00f6r hennes kl\u00e4der och stil var mycket tuffare i uttagningen \u00e4n n\u00e4r hon var i finalen.<\/p>\n<p>F\u00f6rsta omg\u00e5ngen av delt\u00e4vlingarna f\u00f6r att ta ut det svenska bidraget g\u00e5r i \u00d6rnsk\u00f6ldsvik, som var v\u00e4rd f\u00f6r en delfiinal senast 2007.<br \/>\nN\u00e4sta ort med delfinal \u00e4r Sandviken i G\u00e4strikland, som i somras har invigt en ny arena, G\u00f6ransson arena. Det ska vara en s\u00e5 kallad mulitarena som har plats f\u00f6r 10.000 personer. Delfinal tre och fyra blir i G\u00f6teborg och Malm\u00f6.<br \/>\n\u00d6rebro d\u00e4remot ska ta hand om sista urs\u00e4kta, andra chansen. Stockholm och Globen har finalen, f\u00f6rst\u00e5s, som alltid.<\/p>\n<p>Schemat f\u00f6r Melodifestivalen 2010:<br \/>\n\u00d6rnsk\u00f6ldsvik: 6\/2 &#8211; Delt\u00e4vling 1 &#8211; Swedbank Arena<br \/>\nSandviken: 13\/2 &#8211; Delt\u00e4vling 2 &#8211; G\u00f6ransson Arena<br \/>\nG\u00f6teborg: 20\/2 &#8211; Delt\u00e4vling 3 &#8211; Scandinavium<br \/>\nMalm\u00f6: 27\/2 &#8211; Delt\u00e4vling 4 &#8211; Malm\u00f6 Arena<br \/>\n\u00d6rebro: 6\/3 &#8211; Andra chansen &#8211; Conventum Arena<br \/>\nStockholm: 13\/3 &#8211; Final &#8211; Globen <\/p>\n<p>Relaterat: <a href=\"http:\/\/www.aftonbladet.se\/nojesbladet\/melodifestivalen2009\/article5700096.ab\">Aftonbladet<\/a>, <a href=\"http:\/\/trollhare.wordpress.com\/2009\/08\/27\/rosa-glitter-till-sandviken\/\">Trollhare<\/a>, <a href=\"http:\/\/www.schlagerpinglan.se\/blog\/2009\/08\/27\/mf-staderna-2010\/\">Schlagerpinglan<\/a>, <a href=\"http:\/\/svt.se\/2.27170\/1.1668128\/de_far_melodifestivalen_nasta_ar\">Sveriges Television<\/a>, <a href=\"http:\/\/www.expressen.se\/noje\/1.1684823\/schlagerstaderna-for-nasta-ar-klara#\">Expressen<\/a>, <a href=\"http:\/\/gp.se\/gp\/jsp\/Crosslink.jsp?d=907&#038;a=513646\">G\u00f6teborgsposten<\/a>.<\/p>\n<p>L\u00e4s \u00e4ven andra bloggares \u00e5sikter om <a href=\"http:\/\/bloggar.se\/om\/melodifestivalen\" rel=\"tag\">melodifestivalen<\/a>, <a href=\"http:\/\/bloggar.se\/om\/ESC\" rel=\"tag\">ESC<\/a>, <a href=\"http:\/\/bloggar.se\/om\/tv\" rel=\"tag\">tv<\/a>, <a href=\"http:\/\/bloggar.se\/om\/n%F6je\" rel=\"tag\">n\u00f6je<\/a>, <a href=\"http:\/\/bloggar.se\/om\/schlager\" rel=\"tag\">schlager<\/a>, <a href=\"http:\/\/bloggar.se\/om\/Christer+Bj%F6rkman\" rel=\"tag\">Christer Bj\u00f6rkman<\/a>, <a href=\"http:\/\/bloggar.se\/om\/Malena+Ernman\" rel=\"tag\">Malena Ernman<\/a><\/p>\n","protected":false},"excerpt":{"rendered":"<p>\u00d6rnsk\u00f6ldsvik, Sandviken, G\u00f6teborg, Malm\u00f6, \u00d6rebro och Stockholm &#8211; det \u00e4r de sex st\u00e4der som kommer att visa Melodifestivalens delt\u00e4vlingar 2010. Tusan vad tiden rullar undan. Det var ju ig\u00e5r som Malena Ernman t\u00e4vlade f\u00f6r Sverige. Eller? Det k\u00e4nns s\u00e5. Och nu \u00e4r f\u00f6rberedelserna i full g\u00e5ng inf\u00f6r n\u00e4sta omg\u00e5ng. Christer Bj\u00f6rkman presenterade de sex st\u00e4derna [&hellip;]<\/p>\n","protected":false},"author":13,"featured_media":0,"comment_status":"open","ping_status":"open","sticky":false,"template":"","format":"standard","meta":{"_genesis_hide_title":false,"_genesis_hide_breadcrumbs":false,"_genesis_hide_singular_image":false,"_genesis_hide_footer_widgets":false,"_genesis_custom_body_class":"","_genesis_custom_post_class":"","_genesis_layout":"","footnotes":""},"categories":[20],"tags":[1567,3605,4095,4961,6012],"class_list":{"0":"post-12120","1":"post","2":"type-post","3":"status-publish","4":"format-standard","6":"category-film","7":"tag-esc","8":"tag-melodifestivalen","9":"tag-noje","10":"tag-schlager","11":"tag-tv","12":"entry"},"_links":{"self":[{"href":"https:\/\/kulturbloggen.com\/index.php?rest_route=\/wp\/v2\/posts\/12120","targetHints":{"allow":["GET"]}}],"collection":[{"href":"https:\/\/kulturbloggen.com\/index.php?rest_route=\/wp\/v2\/posts"}],"about":[{"href":"https:\/\/kulturbloggen.com\/index.php?rest_route=\/wp\/v2\/types\/post"}],"author":[{"embeddable":true,"href":"https:\/\/kulturbloggen.com\/index.php?rest_route=\/wp\/v2\/users\/13"}],"replies":[{"embeddable":true,"href":"https:\/\/kulturbloggen.com\/index.php?rest_route=%2Fwp%2Fv2%2Fcomments&post=12120"}],"version-history":[{"count":0,"href":"https:\/\/kulturbloggen.com\/index.php?rest_route=\/wp\/v2\/posts\/12120\/revisions"}],"wp:attachment":[{"href":"https:\/\/kulturbloggen.com\/index.php?rest_route=%2Fwp%2Fv2%2Fmedia&parent=12120"}],"wp:term":[{"taxonomy":"category","embeddable":true,"href":"https:\/\/kulturbloggen.com\/index.php?rest_route=%2Fwp%2Fv2%2Fcategories&post=12120"},{"taxonomy":"post_tag","embeddable":true,"href":"https:\/\/kulturbloggen.com\/index.php?rest_route=%2Fwp%2Fv2%2Ftags&post=12120"}],"curies":[{"name":"wp","href":"https:\/\/api.w.org\/{rel}","templated":true}]}}