{"id":121161,"date":"2018-11-13T16:02:45","date_gmt":"2018-11-13T15:02:45","guid":{"rendered":"https:\/\/kulturbloggen.com\/?p=121161"},"modified":"2018-11-13T16:02:45","modified_gmt":"2018-11-13T15:02:45","slug":"linnea-axelssons-augustprisnominerade-diktverk-aednan-far-svenska-dagbladets-litteraturpris","status":"publish","type":"post","link":"https:\/\/kulturbloggen.com\/?p=121161","title":{"rendered":"Linnea Axelssons Augustprisnominerade diktverk AEdnan f\u00e5r Svenska Dagbladets litteraturpris"},"content":{"rendered":"<p><img loading=\"lazy\" decoding=\"async\" src=\"https:\/\/kulturbloggen.com\/wp-content\/uploads\/2018\/11\/aednan-190x300.jpg\" alt=\"\" width=\"190\" height=\"300\" class=\"aligncenter size-medium wp-image-121164\" srcset=\"https:\/\/kulturbloggen.com\/wp-content\/uploads\/2018\/11\/aednan-190x300.jpg 190w, https:\/\/kulturbloggen.com\/wp-content\/uploads\/2018\/11\/aednan.jpg 201w\" sizes=\"auto, (max-width: 190px) 100vw, 190px\" \/><\/p>\n<p><a href=\"https:\/\/www.adlibris.com\/se\/bok\/aednan-9789100173647\">AEdnan<\/a>, ett 800 sidor tjockt epos p\u00e5 dikt, av Linnea Axelsson \u00e4r en av \u00e5rets Augustpris-nominerade b\u00f6cker i kategorin sk\u00f6nlitteratur. Enligt kulturbloggens bed\u00f6mning torde detta epost vara en av de som har st\u00f6rsta chans att ta priset. Hur det \u00e4n g\u00e5r har Linnea Axelsson redan f\u00e5tt ett fint pris f\u00f6r Aednan. Hon har f\u00e5tt Svenska Dagbladets litteraturpris 2018.<\/p>\n<p><figure id=\"attachment_121165\" aria-describedby=\"caption-attachment-121165\" style=\"width: 210px\" class=\"wp-caption alignright\"><img loading=\"lazy\" decoding=\"async\" src=\"https:\/\/kulturbloggen.com\/wp-content\/uploads\/2018\/11\/linneaaxelsson-210x300.jpg\" alt=\"\" width=\"210\" height=\"300\" class=\"size-medium wp-image-121165\" srcset=\"https:\/\/kulturbloggen.com\/wp-content\/uploads\/2018\/11\/linneaaxelsson-210x300.jpg 210w, https:\/\/kulturbloggen.com\/wp-content\/uploads\/2018\/11\/linneaaxelsson.jpg 280w\" sizes=\"auto, (max-width: 210px) 100vw, 210px\" \/><figcaption id=\"caption-attachment-121165\" class=\"wp-caption-text\">Foto: Sara Mac Key<\/figcaption><\/figure>Eposet skildrar det moderna Sveriges framv\u00e4xt och \u00e4r hennes debut som lyriker. I boken skildrar hon tre generationer samer. Handlingen b\u00f6rjar med de tv\u00e5ngsf\u00f6rflyttningar som staten gav order om p\u00e5 1920-talet.<\/p>\n<p>Till Svenska Dagbladet s\u00e4ger Linnea Axelsson:<br \/>\n&#8211; Innan boken kom ut t\u00e4nkte jag sj\u00e4lv att det l\u00e5g en risk i att kalla den h\u00e4r l\u00e5nga historien f\u00f6r ett epos, det skulle jag kunna f\u00e5 \u00e4ta upp. Men d\u00e5 f\u00e5r man ju inte backa.<\/p>\n","protected":false},"excerpt":{"rendered":"<p>AEdnan, ett 800 sidor tjockt epos p\u00e5 dikt, av Linnea Axelsson \u00e4r en av \u00e5rets Augustpris-nominerade b\u00f6cker i kategorin sk\u00f6nlitteratur. Enligt kulturbloggens bed\u00f6mning torde detta epost vara en av de som har st\u00f6rsta chans att ta priset. Hur det \u00e4n g\u00e5r har Linnea Axelsson redan f\u00e5tt ett fint pris f\u00f6r Aednan. Hon har f\u00e5tt Svenska [&hellip;]<\/p>\n","protected":false},"author":13,"featured_media":0,"comment_status":"open","ping_status":"open","sticky":false,"template":"","format":"standard","meta":{"_genesis_hide_title":false,"_genesis_hide_breadcrumbs":false,"_genesis_hide_singular_image":false,"_genesis_hide_footer_widgets":false,"_genesis_custom_body_class":"","_genesis_custom_post_class":"","_genesis_layout":"","footnotes":""},"categories":[3,20,13624],"tags":[12280,13773,3313,3386,4408,13772,5523],"class_list":{"0":"post-121161","1":"post","2":"type-post","3":"status-publish","4":"format-standard","6":"category-litteratur","7":"category-film","8":"category-toppnytt","9":"tag-litteratur","10":"tag-epos","11":"tag-litteraturpris","12":"tag-lyrik","13":"tag-poesi","14":"tag-samer","15":"tag-svenska-dagbladet","16":"entry"},"_links":{"self":[{"href":"https:\/\/kulturbloggen.com\/index.php?rest_route=\/wp\/v2\/posts\/121161","targetHints":{"allow":["GET"]}}],"collection":[{"href":"https:\/\/kulturbloggen.com\/index.php?rest_route=\/wp\/v2\/posts"}],"about":[{"href":"https:\/\/kulturbloggen.com\/index.php?rest_route=\/wp\/v2\/types\/post"}],"author":[{"embeddable":true,"href":"https:\/\/kulturbloggen.com\/index.php?rest_route=\/wp\/v2\/users\/13"}],"replies":[{"embeddable":true,"href":"https:\/\/kulturbloggen.com\/index.php?rest_route=%2Fwp%2Fv2%2Fcomments&post=121161"}],"version-history":[{"count":3,"href":"https:\/\/kulturbloggen.com\/index.php?rest_route=\/wp\/v2\/posts\/121161\/revisions"}],"predecessor-version":[{"id":121166,"href":"https:\/\/kulturbloggen.com\/index.php?rest_route=\/wp\/v2\/posts\/121161\/revisions\/121166"}],"wp:attachment":[{"href":"https:\/\/kulturbloggen.com\/index.php?rest_route=%2Fwp%2Fv2%2Fmedia&parent=121161"}],"wp:term":[{"taxonomy":"category","embeddable":true,"href":"https:\/\/kulturbloggen.com\/index.php?rest_route=%2Fwp%2Fv2%2Fcategories&post=121161"},{"taxonomy":"post_tag","embeddable":true,"href":"https:\/\/kulturbloggen.com\/index.php?rest_route=%2Fwp%2Fv2%2Ftags&post=121161"}],"curies":[{"name":"wp","href":"https:\/\/api.w.org\/{rel}","templated":true}]}}