{"id":120982,"date":"2018-11-03T09:25:37","date_gmt":"2018-11-03T08:25:37","guid":{"rendered":"https:\/\/kulturbloggen.com\/?p=120982"},"modified":"2018-11-03T16:05:28","modified_gmt":"2018-11-03T15:05:28","slug":"titta-neil-young-ohio","status":"publish","type":"post","link":"https:\/\/kulturbloggen.com\/?p=120982","title":{"rendered":"Titta:  Neil Young &#8211; Ohio"},"content":{"rendered":"<p><img loading=\"lazy\" decoding=\"async\" src=\"https:\/\/kulturbloggen.com\/wp-content\/uploads\/2018\/11\/neilyoungOhio.jpg\" alt=\"\" width=\"650\" height=\"363\" class=\"aligncenter size-full wp-image-120987\" srcset=\"https:\/\/kulturbloggen.com\/wp-content\/uploads\/2018\/11\/neilyoungOhio.jpg 650w, https:\/\/kulturbloggen.com\/wp-content\/uploads\/2018\/11\/neilyoungOhio-300x168.jpg 300w\" sizes=\"auto, (max-width: 650px) 100vw, 650px\" \/><\/p>\n<p>Neil Young tar tydlig st\u00e4llning mot vapen och f\u00f6r lagar som begr\u00e4nsar tillg\u00e5ngen till vapen.<\/p>\n<p><iframe loading=\"lazy\" width=\"560\" height=\"315\" src=\"https:\/\/www.youtube.com\/embed\/hxl9R_2ax-8\" frameborder=\"0\" allow=\"accelerometer; autoplay; encrypted-media; gyroscope; picture-in-picture\" allowfullscreen><\/iframe><\/p>\n","protected":false},"excerpt":{"rendered":"<p>Neil Young tar tydlig st\u00e4llning mot vapen och f\u00f6r lagar som begr\u00e4nsar tillg\u00e5ngen till vapen.<\/p>\n","protected":false},"author":13,"featured_media":0,"comment_status":"open","ping_status":"open","sticky":false,"template":"","format":"standard","meta":{"_genesis_hide_title":false,"_genesis_hide_breadcrumbs":false,"_genesis_hide_singular_image":false,"_genesis_hide_footer_widgets":false,"_genesis_custom_body_class":"","_genesis_custom_post_class":"","_genesis_layout":"","footnotes":""},"categories":[62,7,13624],"tags":[3109,12282,3944,12284,4803,13618,6129,7442,6230],"class_list":{"0":"post-120982","1":"post","2":"type-post","3":"status-publish","4":"format-standard","6":"category-medie-och-kulturpolitik","7":"category-musik","8":"category-toppnytt","9":"tag-kulturpolitik","10":"tag-musik","11":"tag-neil-young","12":"tag-politik","13":"tag-rockmusik","14":"tag-titta","15":"tag-usa","16":"tag-vapen","17":"tag-video","18":"entry"},"_links":{"self":[{"href":"https:\/\/kulturbloggen.com\/index.php?rest_route=\/wp\/v2\/posts\/120982","targetHints":{"allow":["GET"]}}],"collection":[{"href":"https:\/\/kulturbloggen.com\/index.php?rest_route=\/wp\/v2\/posts"}],"about":[{"href":"https:\/\/kulturbloggen.com\/index.php?rest_route=\/wp\/v2\/types\/post"}],"author":[{"embeddable":true,"href":"https:\/\/kulturbloggen.com\/index.php?rest_route=\/wp\/v2\/users\/13"}],"replies":[{"embeddable":true,"href":"https:\/\/kulturbloggen.com\/index.php?rest_route=%2Fwp%2Fv2%2Fcomments&post=120982"}],"version-history":[{"count":5,"href":"https:\/\/kulturbloggen.com\/index.php?rest_route=\/wp\/v2\/posts\/120982\/revisions"}],"predecessor-version":[{"id":120988,"href":"https:\/\/kulturbloggen.com\/index.php?rest_route=\/wp\/v2\/posts\/120982\/revisions\/120988"}],"wp:attachment":[{"href":"https:\/\/kulturbloggen.com\/index.php?rest_route=%2Fwp%2Fv2%2Fmedia&parent=120982"}],"wp:term":[{"taxonomy":"category","embeddable":true,"href":"https:\/\/kulturbloggen.com\/index.php?rest_route=%2Fwp%2Fv2%2Fcategories&post=120982"},{"taxonomy":"post_tag","embeddable":true,"href":"https:\/\/kulturbloggen.com\/index.php?rest_route=%2Fwp%2Fv2%2Ftags&post=120982"}],"curies":[{"name":"wp","href":"https:\/\/api.w.org\/{rel}","templated":true}]}}