{"id":120698,"date":"2018-10-24T07:54:52","date_gmt":"2018-10-24T06:54:52","guid":{"rendered":"https:\/\/kulturbloggen.com\/?p=120698"},"modified":"2018-10-24T17:35:44","modified_gmt":"2018-10-24T16:35:44","slug":"stockholm-jazzfestival-del-iii","status":"publish","type":"post","link":"https:\/\/kulturbloggen.com\/?p=120698","title":{"rendered":"Stockholm Jazzfestival del III"},"content":{"rendered":"<p><a href=\"https:\/\/kulturbloggen.com\/wp-content\/uploads\/2018\/10\/Bad-Plus-foto-Thomas-Wingren.jpg\"><img loading=\"lazy\" decoding=\"async\" class=\"alignnone size-medium wp-image-120699\" src=\"https:\/\/kulturbloggen.com\/wp-content\/uploads\/2018\/10\/Bad-Plus-foto-Thomas-Wingren-300x200.jpg\" alt=\"\" width=\"300\" height=\"200\" srcset=\"https:\/\/kulturbloggen.com\/wp-content\/uploads\/2018\/10\/Bad-Plus-foto-Thomas-Wingren-300x200.jpg 300w, https:\/\/kulturbloggen.com\/wp-content\/uploads\/2018\/10\/Bad-Plus-foto-Thomas-Wingren-768x512.jpg 768w, https:\/\/kulturbloggen.com\/wp-content\/uploads\/2018\/10\/Bad-Plus-foto-Thomas-Wingren-1024x683.jpg 1024w\" sizes=\"auto, (max-width: 300px) 100vw, 300px\" \/><\/a>Foto Thomas Wingren<\/p>\n<p><strong>Stockholm Jazzfestival 12-21\/10 2018<\/strong><\/p>\n<p>Efter konserten med WILLEMARK\/ KNUTSSON\/ \u00d6BERG p\u00e5 Plugged Records i fantastisk akustik, fr\u00e5gade jag retoriskt jag till min\u00a0 bordsgranne:\u00a0 &#8211; Kan det bli b\u00e4ttre?\u00a0 Jag har deras cd\u00a0<em>Mina dr\u00f6mmars s\u00e5ng\u00a0<\/em>och h\u00f6rt dem ett antal g\u00e5nger live, fast os\u00e4ker p\u00e5 om jag sett just de tre tillsammans. Att Lena Willemark inte \u00e4r invald i Swedish Music Hall of Fame m\u00e5ste betraktas som en skandal. Geniet Mats \u00d6berg som nyligen fick ta emot Monic Z &#8211; pris associerar jag till Stevie Wonder, bortsett fr\u00e5n dennes r\u00f6st och\u00a0 l\u00e5tskrivar\u00e5dra.\u00a0 Saxmannen Jonas Knutsson tilldelades under jazzveckan ett v\u00e4lf\u00f6rtj\u00e4nt stipendium.\u00a0 Den karismatiske riksspelmannen anf\u00f6r en trio utan egentligt komp. Hon sjunger ofta p\u00e5 sitt k\u00e4ra \u00c4lvdalsm\u00e5l, ett val som m\u00f6jligen gick till \u00f6verdrift.\u00a0 Instrumenten som trakteras \u00e4r saxofoner, fiol, keyboard och munspel. Betr\u00e4ffande kompinstrument hamnar Jonas st\u00f6tvisa toner fr\u00e5n baryton n\u00e4rmast p\u00e5 ett effektfullt s\u00e4tt. Programmet utg\u00f6rs av en mix mellan visor, svensk folkmusik, nordisk uppdaterad jazz, groove och till och med en skv\u00e4tt funk. Sofistikerat r\u00f6rde man sig i detta vidstr\u00e4ckta landskap, fr\u00e5n innerligt till uppspelt. Musikanterna n\u00e5r fram direkt, m\u00e4rks att de hade total kontroll och n\u00e4rvaro, kanske extra stimulerade av brittsommarv\u00e4dret.\u00a0 Vi njuter kopi\u00f6st\u00a0 av exempelvis <em>G\u00e4rdebyl\u00e5ten, <\/em>Eva Dahlgren (helt otrolig tolkning av <em>Ung och stolt)<\/em>, Evert Taube, Cornelis, en reel (?) och\u00a0 underbar version av <em>Nu faller m\u00f6rkret <\/em>(Magnell). Konserten \u00e4gnas den svenska l\u00e5tskatten. Evigt unga Willemark deklarerar att de \u00e4r spelsugna, vill h\u00e5lla oss i ett j\u00e4rngrepp. Hon sjunger med gl\u00f6dhet passion och osviklig pondus.\u00a0 Motsatser som stark och svag volym j\u00e4mte sprittande sv\u00e4ng och stillsamma tong\u00e5ngar; gjorde spelningen till en fullst\u00e4ndig triumf.\u00a0 Samarbetet, arrangemangen och niv\u00e5n p\u00e5 musicerandet var av en s\u00e5dan magnitud att jag vill utbrista\u00a0 v\u00e4rldsklass.<\/p>\n<p>F\u00f6r f\u00f6rsta g\u00e5ngen h\u00f6r jag Ekdahl\/ Bagge Big Band n\u00e4r de tillsammans med Migdahl Strings och omtyckta s\u00e5ngsolister &#8211; Svante Thuresson, Rigmor Gustafsson, Isabella Lundgren samt Sarah Riedel &#8211; tar sig an originalarrangemang, gjorda f\u00f6r olika skivinspelningar med Monica Zetterlund. Det storstilade projektet TILL MONICA genomf\u00f6rdes under tv\u00e5 kv\u00e4llar p\u00e5 Artipelag. Jag recenserade s\u00f6ndagens konsert f\u00f6r Orkesterjournalens hemsida. Min ursprungliga rubrik l\u00f6d &#8221;Aktningsv\u00e4rd g\u00e4rning resulterade i hovsam hyllning&#8221; Kapellm\u00e4stare Carl Bagge hade fr\u00e4mst jobbat med arr fr\u00e5n sin far,Lars Bagge, som musikaliskt stod Zetterlund mycket n\u00e4ra. I \u00f6vrigt full\u00f6diga arr av\u00a0 Thad Jones, Jan Johansson och Ann-Sofi S\u00f6derqvist. Framg\u00e5r av recensionen att tillst\u00e4llningen var allt annat \u00e4n sl\u00e4tstruken. Men ocks\u00e5 att trots ypperliga insatser, blev jag inte ber\u00f6rd eller uppfylld i den utstr\u00e4ckning jag f\u00f6rmodat p\u00e5 f\u00f6rhand.<\/p>\n<p>Andra helgen jag reser med X 2000 till huvudstaden f\u00e5r en f\u00f6rsening p\u00e5 sjuttio minuter fatala konsekvenser.\u00a0 Missar konsertbussen till Artipelag, vilket g\u00f6r att jag g\u00e5r miste om Stacey Kent. Lyckligtvis finns en plan b som stavas THE BAD PLUS p\u00e5 Fasching. Kan n\u00e4mna att jag skrev om dem i OJ n\u00e4r de var p\u00e5 Nefertiti f\u00f6r cirka fem \u00e5r sedan. D\u00e5 inhandlade jag deras cd <i>Inevitable Western<\/i>. Basisten Reid Anderson \u00e4r som vanligt gruppens talesperson. Han flankeras av fascinerande lyh\u00f6rde trumslagaren David King och sedan i fjol Orrin Evans med\u00a0 attraktiva l\u00f6pningar p\u00e5 flygeln. Trion \u00e4r f\u00f6rtjusta i avancerade melodislingor doppade i\u00a0 uppbrutna takter och inslag av cymbalfrossa. I lika h\u00f6g grad \u00e4r spelningen uppbyggd p\u00e5 livfulla som lyriska kvaliteter. Samtliga medlemmar skriver sinnrika kompositioner,\u00a0 I en bluesbaserad l\u00e5t h\u00f6rs l\u00e4ckra basg\u00e5ngar och dito kantslag. Pianotrion som gillar abrupta slut, knixiga teman och tempostegringar, h\u00e4mtar merparten av materialet fr\u00e5n sitt f\u00e4rska album. F\u00f6rt\u00e4tad st\u00e4mning infinner sig fr\u00e5n och med tredje l\u00e5ten\u00a0<em>Hurricane Birds.\u00a0<\/em>En nyskriven ballad forts\u00e4tter organiskt p\u00e5 den inslagna v\u00e4gen, liksom h\u00f6gklassiga <i>Wolf Out<\/i> och <em>1983 Regional All- Star<\/em>, l\u00e5tar med hypnotisk p\u00e5verkan. P\u00e5fallande m\u00e5nga titlar\u00a0 p\u00e5b\u00f6rjas\u00a0 av stringente Anderson, som anger position och riktning. Det heter att trion fr\u00e5n Minneapolis saknar ledare, fast live \u00e4r det obestridligen han som \u00e4r navet. Andaktsfull inledning \u00f6verg\u00e5r i sm\u00e5st\u00f6kig passage, n\u00e4r andra set vid. Musiken \u00e4r extremt elastisk, ena foten tangerar fri form medan den andra befinner sig\u00a0 inom kammarjazzens dom\u00e4ner. Var och en f\u00e5r utlopp f\u00f6r sitt gedigna kunnande, fast vad som h\u00e4nf\u00f6r allra mest \u00e4r l\u00e5tarnas struktur och det intuitiva skimrande samspelet. H\u00f6gt st\u00e4llda f\u00f6rv\u00e4ntningar infrias, \u00e4ven om vi snuvas p\u00e5 fr\u00e4cka covers, annars ett signum f\u00f6r The Bad Plus. Ska p\u00e5pekas att ljudet var eminent p\u00e5 landets nationalscen f\u00f6r jazz och intilliggande genrer.<\/p>\n<p>&nbsp;<\/p>\n","protected":false},"excerpt":{"rendered":"<p>Foto Thomas Wingren Stockholm Jazzfestival 12-21\/10 2018 Efter konserten med WILLEMARK\/ KNUTSSON\/ \u00d6BERG p\u00e5 Plugged Records i fantastisk akustik, fr\u00e5gade jag retoriskt jag till min\u00a0 bordsgranne:\u00a0 &#8211; Kan det bli b\u00e4ttre?\u00a0 Jag har deras cd\u00a0Mina dr\u00f6mmars s\u00e5ng\u00a0och h\u00f6rt dem ett antal g\u00e5nger live, fast os\u00e4ker p\u00e5 om jag sett just de tre tillsammans. Att Lena [&hellip;]<\/p>\n","protected":false},"author":34,"featured_media":0,"comment_status":"open","ping_status":"open","sticky":false,"template":"","format":"standard","meta":{"_genesis_hide_title":false,"_genesis_hide_breadcrumbs":false,"_genesis_hide_singular_image":false,"_genesis_hide_footer_widgets":false,"_genesis_custom_body_class":"","_genesis_custom_post_class":"","_genesis_layout":"","footnotes":""},"categories":[7,16,20],"tags":[],"class_list":{"0":"post-120698","1":"post","2":"type-post","3":"status-publish","4":"format-standard","6":"category-musik","7":"category-recension","8":"category-film","9":"entry"},"_links":{"self":[{"href":"https:\/\/kulturbloggen.com\/index.php?rest_route=\/wp\/v2\/posts\/120698","targetHints":{"allow":["GET"]}}],"collection":[{"href":"https:\/\/kulturbloggen.com\/index.php?rest_route=\/wp\/v2\/posts"}],"about":[{"href":"https:\/\/kulturbloggen.com\/index.php?rest_route=\/wp\/v2\/types\/post"}],"author":[{"embeddable":true,"href":"https:\/\/kulturbloggen.com\/index.php?rest_route=\/wp\/v2\/users\/34"}],"replies":[{"embeddable":true,"href":"https:\/\/kulturbloggen.com\/index.php?rest_route=%2Fwp%2Fv2%2Fcomments&post=120698"}],"version-history":[{"count":8,"href":"https:\/\/kulturbloggen.com\/index.php?rest_route=\/wp\/v2\/posts\/120698\/revisions"}],"predecessor-version":[{"id":120723,"href":"https:\/\/kulturbloggen.com\/index.php?rest_route=\/wp\/v2\/posts\/120698\/revisions\/120723"}],"wp:attachment":[{"href":"https:\/\/kulturbloggen.com\/index.php?rest_route=%2Fwp%2Fv2%2Fmedia&parent=120698"}],"wp:term":[{"taxonomy":"category","embeddable":true,"href":"https:\/\/kulturbloggen.com\/index.php?rest_route=%2Fwp%2Fv2%2Fcategories&post=120698"},{"taxonomy":"post_tag","embeddable":true,"href":"https:\/\/kulturbloggen.com\/index.php?rest_route=%2Fwp%2Fv2%2Ftags&post=120698"}],"curies":[{"name":"wp","href":"https:\/\/api.w.org\/{rel}","templated":true}]}}