{"id":120418,"date":"2018-10-09T17:33:23","date_gmt":"2018-10-09T16:33:23","guid":{"rendered":"https:\/\/kulturbloggen.com\/?p=120418"},"modified":"2018-10-09T17:34:53","modified_gmt":"2018-10-09T16:34:53","slug":"filmrecension-first-man","status":"publish","type":"post","link":"https:\/\/kulturbloggen.com\/?p=120418","title":{"rendered":"Filmrecension: First Man &#8211; en film som k\u00e4nns som om vi sitter med i raketen p\u00e5 v\u00e4g mot m\u00e5nen"},"content":{"rendered":"<p><img loading=\"lazy\" decoding=\"async\" class=\"aligncenter size-full wp-image-120421\" src=\"https:\/\/kulturbloggen.com\/wp-content\/uploads\/2018\/10\/firstmanposter.png\" alt=\"\" width=\"220\" height=\"348\" srcset=\"https:\/\/kulturbloggen.com\/wp-content\/uploads\/2018\/10\/firstmanposter.png 220w, https:\/\/kulturbloggen.com\/wp-content\/uploads\/2018\/10\/firstmanposter-190x300.png 190w\" sizes=\"auto, (max-width: 220px) 100vw, 220px\" \/><\/p>\n<p><strong>First Man<\/strong><br \/>\nBetyg 4<br \/>\nSvensk biopremi\u00e4r 12 oktober 2018<br \/>\nRegi Damien Chazelle<\/p>\n<p>En film som tar oss p\u00e5tagligt n\u00e4ra mannen som tog m\u00e4nsklighetens f\u00f6rsta steg p\u00e5 m\u00e5nen och m\u00e4nniskorna kring honom. En film som g\u00f6r att det k\u00e4nns som om vi sitter med i raketen p\u00e5 v\u00e4g mot m\u00e5nen. En skildring av att vara m\u00e4nniska och b\u00e4ra en stor sorg, en film som g\u00f6r Neil Armstrong m\u00e4nsklig.<\/p>\n<p><img loading=\"lazy\" decoding=\"async\" class=\"size-medium wp-image-120425 alignright\" src=\"https:\/\/kulturbloggen.com\/wp-content\/uploads\/2018\/10\/firstman-300x169.jpg\" alt=\"\" width=\"300\" height=\"169\" srcset=\"https:\/\/kulturbloggen.com\/wp-content\/uploads\/2018\/10\/firstman-300x169.jpg 300w, https:\/\/kulturbloggen.com\/wp-content\/uploads\/2018\/10\/firstman-768x432.jpg 768w, https:\/\/kulturbloggen.com\/wp-content\/uploads\/2018\/10\/firstman.jpg 1000w\" sizes=\"auto, (max-width: 300px) 100vw, 300px\" \/><\/p>\n<p>Att bli iv\u00e4g-skjuten i en rymdraket \u00e4r ruggigt skakigt. Det kr\u00e4vs god fysik och starkt psyke f\u00f6r att klara det. First Man utspelas under \u00e5ren 1961-1969 och skildrar livet f\u00f6r astronauten Neil Armstrong som blev den f\u00f6rsta m\u00e4nniskan som steg ut p\u00e5 m\u00e5nen. Jag minns n\u00e4r jag kom hem fr\u00e5n skolan och mamma hade p\u00e5 tv:n d\u00e4r vi s\u00e5g raketen som for iv\u00e4g och sedan ocks\u00e5 m\u00e5nlandningen. Hur skakigt det \u00e4r att sitta inpackad i raketen d\u00e5 det far iv\u00e4g gick inte riktigt fram i tv-s\u00e4ndningarna d\u00e5. Nu, i filmen, upplever vi det oerh\u00f6rt p\u00e5tagligt. Det \u00e4r s\u00e5 det k\u00e4nns i kroppen d\u00e4r jag sitter i biosalongen.<img loading=\"lazy\" decoding=\"async\" class=\"alignright size-medium wp-image-120426\" src=\"https:\/\/kulturbloggen.com\/wp-content\/uploads\/2018\/10\/firstman3-300x200.jpg\" alt=\"\" width=\"300\" height=\"200\" srcset=\"https:\/\/kulturbloggen.com\/wp-content\/uploads\/2018\/10\/firstman3-300x200.jpg 300w, https:\/\/kulturbloggen.com\/wp-content\/uploads\/2018\/10\/firstman3-768x512.jpg 768w, https:\/\/kulturbloggen.com\/wp-content\/uploads\/2018\/10\/firstman3-1024x683.jpg 1024w, https:\/\/kulturbloggen.com\/wp-content\/uploads\/2018\/10\/firstman3.jpg 1200w\" sizes=\"auto, (max-width: 300px) 100vw, 300px\" \/><\/p>\n<p>Filmen tar oss n\u00e4ra honom och hans familj och m\u00e4nniskorna som jobbade med projektet att f\u00e5 en amerikansk astronaut till m\u00e5nen f\u00f6re de v\u00e4rsta konkurrenterna Sovjetunionen. Det \u00e4r fascinerande att se hans liv och hur de tekniker och astronauter som utvecklade projektet arbetade. Det fanns kritik mot rymdkappl\u00f6pningen, demonstrationer som h\u00f6rdes och d\u00e4r kostnaderna f\u00f6r att utveckla rymdtekniken ifr\u00e5gasattes eftersom m\u00e5nga m\u00e4nniskor samtidigt var s\u00e5 fattiga i USA att de inte hade r\u00e5d med sjukv\u00e5rd n\u00e4r de beh\u00f6vde. En annan aspekt som inte h\u00f6rdes s\u00e5 mycket i samband med m\u00e5nlandningen var att flera astronauter dog under testprojekten.<\/p>\n<p>Filmen \u00e4r v\u00e4lgjord med foton och klipp som g\u00f6r att det k\u00e4nns som att vi \u00e4r d\u00e4r, med i handlingen. Vi kommer ocks\u00e5 Neil Armstrong och hans familj n\u00e4r. Hans dotter Karen dog som liten och den sorgen bar han med sig hela livet. En av filmens styrkor \u00e4r att allt inte ber\u00e4ttas \u00f6vertydligt, vi g\u00e5r k\u00e4nna med och dra egna slutsatser.<\/p>\n<p>En l\u00e5ng rad duktiga sk\u00e5despelare \u00e4r med p\u00e5 rollistan. Ryan Gosling som Neil Armstrong och som hans fru Janet Armstrong ser vi Claire Foy (som slog igen internationellt med stor framg\u00e5ng i rollen som Queen Elizabeth II i hyllade tv-serien The Crown).<\/p>\n<p>Pressmeddelandet om filmen:<\/p>\n<p>Efter den sexfaldigt Oscarbel\u00f6nade kritiker- och publiksucc\u00e9n La La Land, samarbetar regiss\u00f6ren Damien Chazelle och Ryan Gosling \u00e5terigen med FIRST MAN som \u00e4r den sp\u00e4nnande historien om hur NASA landsatte en man p\u00e5 m\u00e5nen. Filmen utspelas under \u00e5ren 1961-1969 med fokus p\u00e5 astronauten Neil Armstrong \u2013 den f\u00f6rsta m\u00e4nniskan som gick p\u00e5 m\u00e5nen. FIRST MAN \u00e4r baserad p\u00e5 boken med samma titel av James R. Hansen. Vi f\u00e5r komma n\u00e4ra Armstrong och de uppoffringar han gjorde f\u00f6r att kunna utf\u00f6ra ett av historiens farligaste uppdrag. Filmens manus \u00e4r skrivet av Oscarbel\u00f6nade Josh Singer (Spotlight). FIRST MAN hade v\u00e4rldspremi\u00e4r vid filmfestivalen i Venedig.<\/p>\n<p>I rollerna: Ryan Gosling, Jason Clarke, Claire Foy, Kyle Chandler, Corey Stoll, Ciaran Hinds, Christopher Abbott, Patrick Fugit, Lukas Haas.<\/p>\n<p><iframe loading=\"lazy\" src=\"https:\/\/www.youtube.com\/embed\/PSoRx87OO6k\" width=\"560\" height=\"315\" frameborder=\"0\" allowfullscreen=\"allowfullscreen\"><\/iframe><\/p>\n","protected":false},"excerpt":{"rendered":"<p>First Man Betyg 4 Svensk biopremi\u00e4r 12 oktober 2018 Regi Damien Chazelle En film som tar oss p\u00e5tagligt n\u00e4ra mannen som tog m\u00e4nsklighetens f\u00f6rsta steg p\u00e5 m\u00e5nen och m\u00e4nniskorna kring honom. En film som g\u00f6r att det k\u00e4nns som om vi sitter med i raketen p\u00e5 v\u00e4g mot m\u00e5nen. En skildring av att vara m\u00e4nniska [&hellip;]<\/p>\n","protected":false},"author":2,"featured_media":0,"comment_status":"open","ping_status":"open","sticky":false,"template":"","format":"standard","meta":{"_genesis_hide_title":false,"_genesis_hide_breadcrumbs":false,"_genesis_hide_singular_image":false,"_genesis_hide_footer_widgets":false,"_genesis_custom_body_class":"","_genesis_custom_post_class":"","_genesis_layout":"","footnotes":""},"categories":[50,51,16,20,13624],"tags":[1738,12285,12286],"class_list":{"0":"post-120418","1":"post","2":"type-post","3":"status-publish","4":"format-standard","6":"category-filmfilm","7":"category-filmer","8":"category-recension","9":"category-film","10":"category-toppnytt","11":"tag-filmrecension","12":"tag-recension","13":"tag-film","14":"entry"},"_links":{"self":[{"href":"https:\/\/kulturbloggen.com\/index.php?rest_route=\/wp\/v2\/posts\/120418","targetHints":{"allow":["GET"]}}],"collection":[{"href":"https:\/\/kulturbloggen.com\/index.php?rest_route=\/wp\/v2\/posts"}],"about":[{"href":"https:\/\/kulturbloggen.com\/index.php?rest_route=\/wp\/v2\/types\/post"}],"author":[{"embeddable":true,"href":"https:\/\/kulturbloggen.com\/index.php?rest_route=\/wp\/v2\/users\/2"}],"replies":[{"embeddable":true,"href":"https:\/\/kulturbloggen.com\/index.php?rest_route=%2Fwp%2Fv2%2Fcomments&post=120418"}],"version-history":[{"count":8,"href":"https:\/\/kulturbloggen.com\/index.php?rest_route=\/wp\/v2\/posts\/120418\/revisions"}],"predecessor-version":[{"id":120429,"href":"https:\/\/kulturbloggen.com\/index.php?rest_route=\/wp\/v2\/posts\/120418\/revisions\/120429"}],"wp:attachment":[{"href":"https:\/\/kulturbloggen.com\/index.php?rest_route=%2Fwp%2Fv2%2Fmedia&parent=120418"}],"wp:term":[{"taxonomy":"category","embeddable":true,"href":"https:\/\/kulturbloggen.com\/index.php?rest_route=%2Fwp%2Fv2%2Fcategories&post=120418"},{"taxonomy":"post_tag","embeddable":true,"href":"https:\/\/kulturbloggen.com\/index.php?rest_route=%2Fwp%2Fv2%2Ftags&post=120418"}],"curies":[{"name":"wp","href":"https:\/\/api.w.org\/{rel}","templated":true}]}}