{"id":120137,"date":"2018-09-24T09:52:44","date_gmt":"2018-09-24T08:52:44","guid":{"rendered":"https:\/\/kulturbloggen.com\/?p=120137"},"modified":"2018-09-24T09:52:44","modified_gmt":"2018-09-24T08:52:44","slug":"metallica-till-ullevi-sommaren-2019","status":"publish","type":"post","link":"https:\/\/kulturbloggen.com\/?p=120137","title":{"rendered":"Metallica till Ullevi sommaren 2019"},"content":{"rendered":"<p><img loading=\"lazy\" decoding=\"async\" src=\"https:\/\/kulturbloggen.com\/wp-content\/uploads\/2018\/09\/unnamed-5.jpg\" alt=\"\" width=\"600\" height=\"289\" class=\"aligncenter size-full wp-image-120138\" srcset=\"https:\/\/kulturbloggen.com\/wp-content\/uploads\/2018\/09\/unnamed-5.jpg 600w, https:\/\/kulturbloggen.com\/wp-content\/uploads\/2018\/09\/unnamed-5-300x145.jpg 300w\" sizes=\"auto, (max-width: 600px) 100vw, 600px\" \/><\/p>\n<p>Metallica kommer till Ullevi sommaren 2019.<\/p>\n<p>Ett pressmeddelande:<br \/>\nEfter succ\u00e9 och publikrekord p\u00e5 Ericsson Globe (och 28 andra arenor runt om i Europa) \u00e5terv\u00e4nder nu ett av v\u00e4rldens st\u00f6rsta band Metallica till Sverige &#8211; och Ullevi i G\u00f6teborg. Den 9 juli kommer Metallica och Worldwired Tour till Sverige. Biljetter sl\u00e4pps fredag 28 september kl. 10.00 &#8211; och som vid tidigare biljettsl\u00e4pp s\u00e5 medf\u00f6ljer ett exemplar (fysiskt eller digitalt) av albumet Hardwired&#8230; To Self-Destruct!<\/p>\n<p>Support p\u00e5 hela turn\u00e9n blir den nordiska kombinationen Ghost och Bokassa!<\/p>\n<p>Hela 29 arenor s\u00e5g sina publikrekord sl\u00e5s n\u00e4r Metallica tog sin Worldwired Tour till inomhusarenor runt om i Europa. Nu \u00e4r det dags f\u00f6r utomhusarenor, parker och till och med ett slott. Den 1 maj startar turn\u00e9n p\u00e5 Estadio Restelo i Lissabon och i Norden kommer bandet till Ullevi i G\u00f6teborg, Parken i K\u00f6penhamn, Gran\u00e5sen i Trondheim och Kantolan Tapahtumapuisto i H\u00e4meenlinna (Tavastehus). De tv\u00e5 sistn\u00e4mnda bes\u00f6ks av Metallica f\u00f6r allra f\u00f6rsta g\u00e5ngen.<\/p>\n<p>9 juli 2019 har alla f\u00f6ruts\u00e4ttningar f\u00f6r att bli en historisk dag p\u00e5 Ullevi. Ett av v\u00e4rldens fr\u00e4msta band genom tiderna &#8211; mitt under svensk h\u00f6gsommar. Att Ghost och Bokassa f\u00f6ljer med som support blir bara en fantastisk bonus!<\/p>\n","protected":false},"excerpt":{"rendered":"<p>Metallica kommer till Ullevi sommaren 2019. Ett pressmeddelande: Efter succ\u00e9 och publikrekord p\u00e5 Ericsson Globe (och 28 andra arenor runt om i Europa) \u00e5terv\u00e4nder nu ett av v\u00e4rldens st\u00f6rsta band Metallica till Sverige &#8211; och Ullevi i G\u00f6teborg. Den 9 juli kommer Metallica och Worldwired Tour till Sverige. Biljetter sl\u00e4pps fredag 28 september kl. 10.00 [&hellip;]<\/p>\n","protected":false},"author":13,"featured_media":0,"comment_status":"open","ping_status":"open","sticky":false,"template":"","format":"standard","meta":{"_genesis_hide_title":false,"_genesis_hide_breadcrumbs":false,"_genesis_hide_singular_image":false,"_genesis_hide_footer_widgets":false,"_genesis_custom_body_class":"","_genesis_custom_post_class":"","_genesis_layout":"","footnotes":""},"categories":[7],"tags":[],"class_list":{"0":"post-120137","1":"post","2":"type-post","3":"status-publish","4":"format-standard","6":"category-musik","7":"entry"},"_links":{"self":[{"href":"https:\/\/kulturbloggen.com\/index.php?rest_route=\/wp\/v2\/posts\/120137","targetHints":{"allow":["GET"]}}],"collection":[{"href":"https:\/\/kulturbloggen.com\/index.php?rest_route=\/wp\/v2\/posts"}],"about":[{"href":"https:\/\/kulturbloggen.com\/index.php?rest_route=\/wp\/v2\/types\/post"}],"author":[{"embeddable":true,"href":"https:\/\/kulturbloggen.com\/index.php?rest_route=\/wp\/v2\/users\/13"}],"replies":[{"embeddable":true,"href":"https:\/\/kulturbloggen.com\/index.php?rest_route=%2Fwp%2Fv2%2Fcomments&post=120137"}],"version-history":[{"count":1,"href":"https:\/\/kulturbloggen.com\/index.php?rest_route=\/wp\/v2\/posts\/120137\/revisions"}],"predecessor-version":[{"id":120139,"href":"https:\/\/kulturbloggen.com\/index.php?rest_route=\/wp\/v2\/posts\/120137\/revisions\/120139"}],"wp:attachment":[{"href":"https:\/\/kulturbloggen.com\/index.php?rest_route=%2Fwp%2Fv2%2Fmedia&parent=120137"}],"wp:term":[{"taxonomy":"category","embeddable":true,"href":"https:\/\/kulturbloggen.com\/index.php?rest_route=%2Fwp%2Fv2%2Fcategories&post=120137"},{"taxonomy":"post_tag","embeddable":true,"href":"https:\/\/kulturbloggen.com\/index.php?rest_route=%2Fwp%2Fv2%2Ftags&post=120137"}],"curies":[{"name":"wp","href":"https:\/\/api.w.org\/{rel}","templated":true}]}}