{"id":120046,"date":"2018-09-18T13:24:51","date_gmt":"2018-09-18T12:24:51","guid":{"rendered":"https:\/\/kulturbloggen.com\/?p=120046"},"modified":"2018-09-20T07:39:05","modified_gmt":"2018-09-20T06:39:05","slug":"varldspremiar-for-anna-odells-xy-pa-stockholms-internationella-filmfestival","status":"publish","type":"post","link":"https:\/\/kulturbloggen.com\/?p=120046","title":{"rendered":"V\u00e4rldspremi\u00e4r f\u00f6r Anna Odells X&#038;Y p\u00e5 Stockholms internationella filmfestival"},"content":{"rendered":"<figure id=\"attachment_120047\" aria-describedby=\"caption-attachment-120047\" style=\"width: 300px\" class=\"wp-caption aligncenter\"><img loading=\"lazy\" decoding=\"async\" src=\"https:\/\/kulturbloggen.com\/wp-content\/uploads\/2018\/09\/unnamed-2-1-300x200.jpg\" alt=\"\" width=\"300\" height=\"200\" class=\"size-medium wp-image-120047\" srcset=\"https:\/\/kulturbloggen.com\/wp-content\/uploads\/2018\/09\/unnamed-2-1-300x200.jpg 300w, https:\/\/kulturbloggen.com\/wp-content\/uploads\/2018\/09\/unnamed-2-1-768x512.jpg 768w, https:\/\/kulturbloggen.com\/wp-content\/uploads\/2018\/09\/unnamed-2-1.jpg 800w\" sizes=\"auto, (max-width: 300px) 100vw, 300px\" \/><figcaption id=\"caption-attachment-120047\" class=\"wp-caption-text\">Mikael Persbrandt och Anna Odell. Foto: Nadja H\u00e4llstr\u00f6m<\/figcaption><\/figure>\n<p>Anna Odells film X&#038;Y f\u00e5r v\u00e4rldspremi\u00e4r p\u00e5 Stockholms internationella filmfestival.<\/p>\n<p>Ett pressmeddelande:<br \/>\nStockholms filmfestival presenterar \u00e5rets \u00f6ppningsfilm, Anna Odells omtalade X&#038;Y med henne sj\u00e4lv som den galna konstn\u00e4ren och Mikael Persbrandt som den gr\u00e4nsl\u00f6sa sk\u00e5despelaren i huvudrollerna. I filmen medverkar \u00e4ven bland andra Vera Vitali, Shanti Roney, Sofie Gr\u00e5b\u00f8l, Trine Dyrholm, Jens Albinus, Thure Lindhardt.<\/p>\n<p>Anna Odells debutfilm \u00c5tertr\u00e4ffen hade nordisk premi\u00e4r p\u00e5 Stockholms filmfestival 2013 och har sedan dess hyllats v\u00e4rlden \u00f6ver. Filmen blev bland annat dubbelt Guldbaggebel\u00f6nad f\u00f6r b\u00e4sta film och b\u00e4sta manuskript samt prisades p\u00e5 Venedigs filmfestival.<\/p>\n<p>\u2014 L\u00e4ngtan och f\u00f6rv\u00e4ntningarna p\u00e5 Odells andra l\u00e5ngfilm \u00e4r stora och vi \u00e4r glada och stolta \u00f6ver att f\u00e5 ha v\u00e4rldspremi\u00e4ren p\u00e5 v\u00e5r \u00f6ppningskv\u00e4ll, s\u00e4ger Git Scheynius, festivalchef p\u00e5 Stockholms internationella filmfestival.<\/p>\n<p>I X&#038;Y ifr\u00e5gas\u00e4tter och utmanar Anna Odell de mediala bilder som finns av henne och Mikael Persbrandt. Tillsammans dekonstruerar de sina invanda roller och ger sig in i en gr\u00e4nsl\u00f6s lek med sin omgivning i ett utforskande av sexuella beteendem\u00f6nster, k\u00f6nsroller, karakt\u00e4rsdrag och m\u00e4nskliga sanningar.<\/p>\n<p>N\u00e4r de b\u00f6rjar l\u00e4ra k\u00e4nna varandra castar de, som en del i unders\u00f6kningen, alter egon. De v\u00e4ljer ut tre sk\u00e5despelare var, som f\u00e5r i uppgift att gestalta och synligg\u00f6ra olika karakt\u00e4rsdrag.<\/p>\n<p>\u2014 X&#038;Y \u00e4r en film som utforskar identitet, manligt, kvinnligt. Det \u00e4r en lek med verklighet och fiktion, en kontrollerad unders\u00f6kning av vad det inneb\u00e4r att vara m\u00e4nniska i v\u00e5r medialt gr\u00e4nsl\u00f6sa samtid. Det k\u00e4nns m\u00e4ktigt och \u00e4rofyllt att f\u00e5 visa filmen p\u00e5 \u00f6ppningskv\u00e4llen av Stockholms filmfestival och jag ser fram emot att m\u00f6ta publikens reaktioner, s\u00e4ger Anna Odell. <\/p>\n<p>X&#038;Y t\u00e4vlar i \u00e5rets Stockholm XXIX Competition och har v\u00e4rldspremi\u00e4r tisdag den 6 november p\u00e5 galapremi\u00e4ren av den 29:e upplagan av Stockholms filmfestival. Filmen visas \u00e4ven p\u00e5 den officiella premi\u00e4ren av festivalen onsdag den 7 november p\u00e5 biograf Skandia i Stockholm.<\/p>\n","protected":false},"excerpt":{"rendered":"<p>Anna Odells film X&#038;Y f\u00e5r v\u00e4rldspremi\u00e4r p\u00e5 Stockholms internationella filmfestival. Ett pressmeddelande: Stockholms filmfestival presenterar \u00e5rets \u00f6ppningsfilm, Anna Odells omtalade X&#038;Y med henne sj\u00e4lv som den galna konstn\u00e4ren och Mikael Persbrandt som den gr\u00e4nsl\u00f6sa sk\u00e5despelaren i huvudrollerna. I filmen medverkar \u00e4ven bland andra Vera Vitali, Shanti Roney, Sofie Gr\u00e5b\u00f8l, Trine Dyrholm, Jens Albinus, Thure Lindhardt. [&hellip;]<\/p>\n","protected":false},"author":13,"featured_media":0,"comment_status":"open","ping_status":"open","sticky":false,"template":"","format":"standard","meta":{"_genesis_hide_title":false,"_genesis_hide_breadcrumbs":false,"_genesis_hide_singular_image":false,"_genesis_hide_footer_widgets":false,"_genesis_custom_body_class":"","_genesis_custom_post_class":"","_genesis_layout":"","footnotes":""},"categories":[50,13624],"tags":[1723,13754],"class_list":{"0":"post-120046","1":"post","2":"type-post","3":"status-publish","4":"format-standard","6":"category-filmfilm","7":"category-toppnytt","8":"tag-filmfestival","9":"tag-stockholms-internationella-filmfestival","10":"entry"},"_links":{"self":[{"href":"https:\/\/kulturbloggen.com\/index.php?rest_route=\/wp\/v2\/posts\/120046","targetHints":{"allow":["GET"]}}],"collection":[{"href":"https:\/\/kulturbloggen.com\/index.php?rest_route=\/wp\/v2\/posts"}],"about":[{"href":"https:\/\/kulturbloggen.com\/index.php?rest_route=\/wp\/v2\/types\/post"}],"author":[{"embeddable":true,"href":"https:\/\/kulturbloggen.com\/index.php?rest_route=\/wp\/v2\/users\/13"}],"replies":[{"embeddable":true,"href":"https:\/\/kulturbloggen.com\/index.php?rest_route=%2Fwp%2Fv2%2Fcomments&post=120046"}],"version-history":[{"count":1,"href":"https:\/\/kulturbloggen.com\/index.php?rest_route=\/wp\/v2\/posts\/120046\/revisions"}],"predecessor-version":[{"id":120048,"href":"https:\/\/kulturbloggen.com\/index.php?rest_route=\/wp\/v2\/posts\/120046\/revisions\/120048"}],"wp:attachment":[{"href":"https:\/\/kulturbloggen.com\/index.php?rest_route=%2Fwp%2Fv2%2Fmedia&parent=120046"}],"wp:term":[{"taxonomy":"category","embeddable":true,"href":"https:\/\/kulturbloggen.com\/index.php?rest_route=%2Fwp%2Fv2%2Fcategories&post=120046"},{"taxonomy":"post_tag","embeddable":true,"href":"https:\/\/kulturbloggen.com\/index.php?rest_route=%2Fwp%2Fv2%2Ftags&post=120046"}],"curies":[{"name":"wp","href":"https:\/\/api.w.org\/{rel}","templated":true}]}}