{"id":12003,"date":"2009-08-24T19:37:23","date_gmt":"2009-08-24T17:37:23","guid":{"rendered":"http:\/\/kulturbloggen.com\/?p=12003"},"modified":"2009-08-24T19:37:23","modified_gmt":"2009-08-24T17:37:23","slug":"lars-demian-slapper-nytt-album-och-aker-pa-turne","status":"publish","type":"post","link":"https:\/\/kulturbloggen.com\/?p=12003","title":{"rendered":"Lars Demian sl\u00e4pper nytt album och \u00e5ker p\u00e5 turn\u00e9"},"content":{"rendered":"<p><img loading=\"lazy\" decoding=\"async\" src=\"http:\/\/sodergren.com\/kulturbloggen\/wp-content\/uploads\/2009\/08\/lars_demian09-300x298.jpg\" alt=\"booklet_4 pages_demian.indd\" title=\"booklet_4 pages_demian.indd\" width=\"300\" height=\"298\" class=\"aligncenter size-medium wp-image-12007\" \/><br \/>\nLars Demian sl\u00e4pper ett album i EP-format med det r\u00e4tt skumma namnet &#8221;\u201dATT INTE VARA P\u00c4R GEZZLE\u201d.<br \/>\nSamtidigt beger sig den Demian ut p\u00e5 turn\u00e9.<\/p>\n<p>F\u00f6r tv\u00e5 \u00e5r sedan blev Lars Demian Grammisnominerad f\u00f6r plattan \u201dV\u00e4lkommen hit\u201d. Sedan dess har han \u00e4gnat sig \u00e5t att turnera land och rike runt och samtidigt fundera \u00f6ver l\u00e5tvalet till n\u00e4sta skiva. Nya EP:n \u201dAtt inte vara P\u00e4r Gezzle\u201d som sl\u00e4pps den 9 september best\u00e5r av sex, aningen ov\u00e4ntade covers. Bland annat Gessles \u201dH\u00e4r kommer alla k\u00e4nslorna (p\u00e5 en och samma g\u00e5ng)\u201d och Roxettes Billboard-etta \u201dListen to your heart\u201d.<\/p>\n<p>&#8211; Jag skickade ut en fr\u00e5ga till de ca 1.000 m\u00e4nniskor jag har p\u00e5 min mailinglista. Vilka l\u00e5tar skulle ni vilja h\u00f6ra mig spela och sjunga? Jag fick en massa f\u00f6rslag, vissa sj\u00e4lvklara, andra fullst\u00e4ndigt chockerande. S\u00e5 jag f\u00f6rs\u00f6kte blanda lite ur b\u00e5da kategorierna, ber\u00e4ttar Lars Demian i ett pressmeddelande.<\/p>\n<p>N\u00e5gra direkta likheter mellan Lars Demian och Per Gessle finns v\u00e4l egentligen inte, mer \u00e4n att b\u00e5da \u00e4r uppvuxna i Halmstad. Med \u201dAtt inte vara P\u00e4r Gezzle\u201d visar Demian att allt som kommer fr\u00e5n hemstaden inte \u00e4r golf, solsken och popmusik.<\/p>\n<p>Den 26 september \u00e4r det turn\u00e9premi\u00e4r p\u00e5 Skandiateatern i Norrk\u00f6ping. Med p\u00e5 scen har Lars Demian med sig sin medproducent och vapendragare David Tallroth som mycket beg\u00e5vat trakterar allehanda instrument.<\/p>\n<p>Turnedatum:<br \/>\n26. 09       Skandiateatern, Norrk\u00f6ping<br \/>\n01.10        The Tivoli, Helsingborg<br \/>\n02.10        Victoria Teatern, Malm\u00f6<br \/>\n03.10        Victoria Teatern, Malm\u00f6<br \/>\n07.10        Kulturhuset, \u00d6rebro<br \/>\n08.10        Koriander Bar &amp; Deli, Karlstad<br \/>\n09.10        Sigurdsgatan 25, V\u00e4ster\u00e5s<br \/>\n10.10        Stadsteaterns Foaj\u00e9bar, G\u00f6teborg<br \/>\n11.10        Stadsteaterns Foaj\u00e9bar, G\u00f6teborg<br \/>\n13.10        Kaf\u00e9 44, Stockholm<br \/>\n14.10        Katalin, Uppsala<br \/>\n15.10        L&#8217;Orient, Link\u00f6ping<br \/>\n16.10        Raw, Eskilstuna<br \/>\n17.10        \u00d6gir, K\u00f6ping<\/p>\n<p>Fler datum tillkommer.<\/p>\n<p><a href=\"http:\/\/www.demian.se\">Hemsida: www.demian.se<\/a><\/p>\n<p>L\u00e4s \u00e4ven andra bloggares \u00e5sikter om <a rel=\"tag\" href=\"http:\/\/bloggar.se\/om\/musik\">musik<\/a>, <a rel=\"tag\" href=\"http:\/\/bloggar.se\/om\/skivnytt\">skivnytt<\/a>, <a rel=\"tag\" href=\"http:\/\/bloggar.se\/om\/turn%E9\">turn\u00e9<\/a>, <a rel=\"tag\" href=\"http:\/\/bloggar.se\/om\/Lars+Demian\">Lars Demian<\/a><\/p>\n","protected":false},"excerpt":{"rendered":"<p>Lars Demian sl\u00e4pper ett album i EP-format med det r\u00e4tt skumma namnet &#8221;\u201dATT INTE VARA P\u00c4R GEZZLE\u201d. Samtidigt beger sig den Demian ut p\u00e5 turn\u00e9. F\u00f6r tv\u00e5 \u00e5r sedan blev Lars Demian Grammisnominerad f\u00f6r plattan \u201dV\u00e4lkommen hit\u201d. Sedan dess har han \u00e4gnat sig \u00e5t att turnera land och rike runt och samtidigt fundera \u00f6ver l\u00e5tvalet [&hellip;]<\/p>\n","protected":false},"author":13,"featured_media":0,"comment_status":"open","ping_status":"open","sticky":false,"template":"","format":"standard","meta":{"_genesis_hide_title":false,"_genesis_hide_breadcrumbs":false,"_genesis_hide_singular_image":false,"_genesis_hide_footer_widgets":false,"_genesis_custom_body_class":"","_genesis_custom_post_class":"","_genesis_layout":"","footnotes":""},"categories":[20],"tags":[12282,5121,6004],"class_list":{"0":"post-12003","1":"post","2":"type-post","3":"status-publish","4":"format-standard","6":"category-film","7":"tag-musik","8":"tag-skivnytt","9":"tag-turne","10":"entry"},"_links":{"self":[{"href":"https:\/\/kulturbloggen.com\/index.php?rest_route=\/wp\/v2\/posts\/12003","targetHints":{"allow":["GET"]}}],"collection":[{"href":"https:\/\/kulturbloggen.com\/index.php?rest_route=\/wp\/v2\/posts"}],"about":[{"href":"https:\/\/kulturbloggen.com\/index.php?rest_route=\/wp\/v2\/types\/post"}],"author":[{"embeddable":true,"href":"https:\/\/kulturbloggen.com\/index.php?rest_route=\/wp\/v2\/users\/13"}],"replies":[{"embeddable":true,"href":"https:\/\/kulturbloggen.com\/index.php?rest_route=%2Fwp%2Fv2%2Fcomments&post=12003"}],"version-history":[{"count":0,"href":"https:\/\/kulturbloggen.com\/index.php?rest_route=\/wp\/v2\/posts\/12003\/revisions"}],"wp:attachment":[{"href":"https:\/\/kulturbloggen.com\/index.php?rest_route=%2Fwp%2Fv2%2Fmedia&parent=12003"}],"wp:term":[{"taxonomy":"category","embeddable":true,"href":"https:\/\/kulturbloggen.com\/index.php?rest_route=%2Fwp%2Fv2%2Fcategories&post=12003"},{"taxonomy":"post_tag","embeddable":true,"href":"https:\/\/kulturbloggen.com\/index.php?rest_route=%2Fwp%2Fv2%2Ftags&post=12003"}],"curies":[{"name":"wp","href":"https:\/\/api.w.org\/{rel}","templated":true}]}}