{"id":119901,"date":"2018-09-05T19:47:31","date_gmt":"2018-09-05T18:47:31","guid":{"rendered":"https:\/\/kulturbloggen.com\/?p=119901"},"modified":"2018-09-05T19:47:31","modified_gmt":"2018-09-05T18:47:31","slug":"bildgalleri-mike-shinoda-pa-berns","status":"publish","type":"post","link":"https:\/\/kulturbloggen.com\/?p=119901","title":{"rendered":"Bildgalleri: Mike Shinoda p\u00e5 Berns"},"content":{"rendered":"<p><img loading=\"lazy\" decoding=\"async\" src=\"https:\/\/kulturbloggen.com\/wp-content\/uploads\/2018\/09\/mikeshinoda.jpg\" alt=\"\" width=\"650\" height=\"433\" class=\"aligncenter size-full wp-image-119902\" srcset=\"https:\/\/kulturbloggen.com\/wp-content\/uploads\/2018\/09\/mikeshinoda.jpg 650w, https:\/\/kulturbloggen.com\/wp-content\/uploads\/2018\/09\/mikeshinoda-300x200.jpg 300w\" sizes=\"auto, (max-width: 650px) 100vw, 650px\" \/><\/p>\n<p>Mike Shinoda p\u00e5 Berns<br \/>\n3 september 2018<\/p>\n<p>Mike Shinoda, mera k\u00e4nd f\u00f6r de flesta som en av grundarna och frontman i det amerikanska Linkin Park intog i m\u00e5ndags den 3:e september scenen p\u00e5 Berns salonger i Stockholm. <\/p>\n<p>Senast Linkin Park var i Sverige var p\u00e5 Br\u00e5valla Festivalen f\u00f6rra \u00e5ret, den visade sig bli bandets sista i v\u00e5rt land. Tre veckor senare hade s\u00e5ngaren Chester Bennington tagit livet av sig. Efter det tog bandet en l\u00e4ngre paus och Mike b\u00f6rjade ist\u00e4llet skriva ett nytt album f\u00f6r att skingra tankarna. Det var med denna Post Traumatic som han nu turnerar med. Mike s\u00e4ger att han bearbetar d\u00f6dsfallet och pratar nu mycket om psykisk oh\u00e4lsa n\u00e4r han spelar. \u00c4ven f\u00f6r fansen h\u00e4r s\u00e5 l\u00e5ter han dem bli en del i showen och han l\u00e5ter de sjunga i flera av l\u00e5tarna, d\u00e4r ibland deras stora hits Numb och In the End. Mike v\u00e4ljer att bara spela p\u00e5 sitt piano och l\u00e5ta publiken g\u00f6ra allt till en alls\u00e5ng. <\/p>\n<p>Dock blir spelningen s\u00e5 d\u00e4r aldrig fullbordad perfekt som hoppats. \u00c4ven om hitsen och showen h\u00e5ller v\u00e4rldsklass s\u00e5 ger det ingen bra helhetsupplevelse utav konserten. Den k\u00e4nns ensam, mest tragisk. Det dock b\u00e4sta med hela kv\u00e4llen var att \u00f6len var kall. <\/p>\n<p><a href=\"https:\/\/2.bp.blogspot.com\/-I8iorANm4aA\/W5AkaRjA6PI\/AAAAAAAAFFM\/RnLmCVNk8-sW2K3_eaAKl5nyBOitt9JKgCLcBGAs\/s1600\/G40B6587.jpg\" imageanchor=\"1\" ><img loading=\"lazy\" decoding=\"async\" border=\"0\" src=\"https:\/\/2.bp.blogspot.com\/-I8iorANm4aA\/W5AkaRjA6PI\/AAAAAAAAFFM\/RnLmCVNk8-sW2K3_eaAKl5nyBOitt9JKgCLcBGAs\/s640\/G40B6587.jpg\" width=\"640\" height=\"427\" data-original-width=\"1600\" data-original-height=\"1067\" \/><\/a><\/p>\n<p><a href=\"https:\/\/2.bp.blogspot.com\/-u9OMyU2FB98\/W5AkaUjaHdI\/AAAAAAAAFFI\/WPnArEGLCIMaGvuxP9LZzQdOeXLM9u-OQCLcBGAs\/s1600\/G40B6845.jpg\" imageanchor=\"1\" ><img loading=\"lazy\" decoding=\"async\" border=\"0\" src=\"https:\/\/2.bp.blogspot.com\/-u9OMyU2FB98\/W5AkaUjaHdI\/AAAAAAAAFFI\/WPnArEGLCIMaGvuxP9LZzQdOeXLM9u-OQCLcBGAs\/s640\/G40B6845.jpg\" width=\"353\" height=\"640\" data-original-width=\"883\" data-original-height=\"1600\" \/><\/a><\/p>\n<p><a href=\"https:\/\/2.bp.blogspot.com\/-LaATtUiaDac\/W5AkaXm0VqI\/AAAAAAAAFFQ\/Q5OSwQhf_ZoIfnbyZhBFUoPCIS25FzE-ACLcBGAs\/s1600\/G40B6879.jpg\" imageanchor=\"1\" ><img loading=\"lazy\" decoding=\"async\" border=\"0\" src=\"https:\/\/2.bp.blogspot.com\/-LaATtUiaDac\/W5AkaXm0VqI\/AAAAAAAAFFQ\/Q5OSwQhf_ZoIfnbyZhBFUoPCIS25FzE-ACLcBGAs\/s640\/G40B6879.jpg\" width=\"640\" height=\"427\" data-original-width=\"1600\" data-original-height=\"1067\" \/><\/a><\/p>\n<p><a href=\"https:\/\/2.bp.blogspot.com\/-v-8QtJVjsBc\/W5AkbGj4Q4I\/AAAAAAAAFFU\/qBuvZoOeahkwa0lwFsTcoeRHAxhTHO4sACLcBGAs\/s1600\/G40B7211.jpg\" imageanchor=\"1\" ><img loading=\"lazy\" decoding=\"async\" border=\"0\" src=\"https:\/\/2.bp.blogspot.com\/-v-8QtJVjsBc\/W5AkbGj4Q4I\/AAAAAAAAFFU\/qBuvZoOeahkwa0lwFsTcoeRHAxhTHO4sACLcBGAs\/s640\/G40B7211.jpg\" width=\"640\" height=\"427\" data-original-width=\"1600\" data-original-height=\"1067\" \/><\/a><\/p>\n<p><a href=\"https:\/\/3.bp.blogspot.com\/-T3EUv2pNRvM\/W5Akbyun5jI\/AAAAAAAAFFY\/gmel4hvSb58wu2FS9RFJskzv_mOryev8gCLcBGAs\/s1600\/G40B7283.jpg\" imageanchor=\"1\" ><img loading=\"lazy\" decoding=\"async\" border=\"0\" src=\"https:\/\/3.bp.blogspot.com\/-T3EUv2pNRvM\/W5Akbyun5jI\/AAAAAAAAFFY\/gmel4hvSb58wu2FS9RFJskzv_mOryev8gCLcBGAs\/s640\/G40B7283.jpg\" width=\"640\" height=\"427\" data-original-width=\"1600\" data-original-height=\"1067\" \/><\/a><\/p>\n<p><a href=\"https:\/\/2.bp.blogspot.com\/-IbVSXYQbAes\/W5AkcN1a5oI\/AAAAAAAAFFc\/bcTeRPtFFKQQFtICUlGAlYRU1Suzi0_zQCLcBGAs\/s1600\/G40B7341.jpg\" imageanchor=\"1\" ><img loading=\"lazy\" decoding=\"async\" border=\"0\" src=\"https:\/\/2.bp.blogspot.com\/-IbVSXYQbAes\/W5AkcN1a5oI\/AAAAAAAAFFc\/bcTeRPtFFKQQFtICUlGAlYRU1Suzi0_zQCLcBGAs\/s640\/G40B7341.jpg\" width=\"640\" height=\"397\" data-original-width=\"1600\" data-original-height=\"993\" \/><\/a><\/p>\n","protected":false},"excerpt":{"rendered":"<p>Mike Shinoda p\u00e5 Berns 3 september 2018 Mike Shinoda, mera k\u00e4nd f\u00f6r de flesta som en av grundarna och frontman i det amerikanska Linkin Park intog i m\u00e5ndags den 3:e september scenen p\u00e5 Berns salonger i Stockholm. Senast Linkin Park var i Sverige var p\u00e5 Br\u00e5valla Festivalen f\u00f6rra \u00e5ret, den visade sig bli bandets sista [&hellip;]<\/p>\n","protected":false},"author":13,"featured_media":0,"comment_status":"open","ping_status":"open","sticky":false,"template":"","format":"standard","meta":{"_genesis_hide_title":false,"_genesis_hide_breadcrumbs":false,"_genesis_hide_singular_image":false,"_genesis_hide_footer_widgets":false,"_genesis_custom_body_class":"","_genesis_custom_post_class":"","_genesis_layout":"","footnotes":""},"categories":[7,13624],"tags":[601,1841,12282,4803],"class_list":{"0":"post-119901","1":"post","2":"type-post","3":"status-publish","4":"format-standard","6":"category-musik","7":"category-toppnytt","8":"tag-berns","9":"tag-foto","10":"tag-musik","11":"tag-rockmusik","12":"entry"},"_links":{"self":[{"href":"https:\/\/kulturbloggen.com\/index.php?rest_route=\/wp\/v2\/posts\/119901","targetHints":{"allow":["GET"]}}],"collection":[{"href":"https:\/\/kulturbloggen.com\/index.php?rest_route=\/wp\/v2\/posts"}],"about":[{"href":"https:\/\/kulturbloggen.com\/index.php?rest_route=\/wp\/v2\/types\/post"}],"author":[{"embeddable":true,"href":"https:\/\/kulturbloggen.com\/index.php?rest_route=\/wp\/v2\/users\/13"}],"replies":[{"embeddable":true,"href":"https:\/\/kulturbloggen.com\/index.php?rest_route=%2Fwp%2Fv2%2Fcomments&post=119901"}],"version-history":[{"count":1,"href":"https:\/\/kulturbloggen.com\/index.php?rest_route=\/wp\/v2\/posts\/119901\/revisions"}],"predecessor-version":[{"id":119903,"href":"https:\/\/kulturbloggen.com\/index.php?rest_route=\/wp\/v2\/posts\/119901\/revisions\/119903"}],"wp:attachment":[{"href":"https:\/\/kulturbloggen.com\/index.php?rest_route=%2Fwp%2Fv2%2Fmedia&parent=119901"}],"wp:term":[{"taxonomy":"category","embeddable":true,"href":"https:\/\/kulturbloggen.com\/index.php?rest_route=%2Fwp%2Fv2%2Fcategories&post=119901"},{"taxonomy":"post_tag","embeddable":true,"href":"https:\/\/kulturbloggen.com\/index.php?rest_route=%2Fwp%2Fv2%2Ftags&post=119901"}],"curies":[{"name":"wp","href":"https:\/\/api.w.org\/{rel}","templated":true}]}}