{"id":1199,"date":"2008-08-23T07:10:56","date_gmt":"2008-08-23T07:10:56","guid":{"rendered":"http:\/\/kulturbloggen.com\/?p=1199"},"modified":"2008-08-23T07:10:56","modified_gmt":"2008-08-23T07:10:56","slug":"for-att-vara-saker-pa-att-kunna-vinna-maste-obama-ha-en-vit-man-i-ovre-medelaldern-vid-sin-sida","status":"publish","type":"post","link":"https:\/\/kulturbloggen.com\/?p=1199","title":{"rendered":"F\u00f6r att vara s\u00e4ker p\u00e5 att kunna vinna m\u00e5ste Obama ha en vit man i \u00f6vre medel\u00e5ldern vid sin sida"},"content":{"rendered":"<p><a href='http:\/\/sodergren.com\/kulturbloggen\/wp-content\/uploads\/2008\/08\/joebiden260.jpg'><img loading=\"lazy\" decoding=\"async\" src=\"http:\/\/sodergren.com\/kulturbloggen\/wp-content\/uploads\/2008\/08\/joebiden260.jpg\" alt=\"\" title=\"joebiden260\" width=\"260\" height=\"150\" class=\"alignright size-full wp-image-1198\" \/><\/a>Nu b\u00f6rjar valkampen i det amerikanska valet g\u00e5 in i slutfasen. Obama har utsett sin vicepresidentkandidat: Joseph Biden.<\/p>\n<blockquote><p>Genom att v\u00e4lja Biden f\u00e5r Obama den erfarenhet som m\u00e5nga kritiker s\u00e4ger att han sj\u00e4lv saknar. Biden har suttit sex perioder som senator sedan 1972 och \u00e4r en ledande auktoritet p\u00e5 utrikespolitik. Tidigare i veckan bes\u00f6kte han Georgien i samband med den ryska invasionen.<\/p>\n<p>Joseph Biden beskrivs som utrikespolitiskt erfaren och \u00e4r ordf\u00f6rande i senatens kommitt\u00e9 f\u00f6r utl\u00e4ndska relationer. Han \u00e4r ocks\u00e5 en starkt kritiker av president George W. Bushs politik n\u00e4r det g\u00e4ller Irak. (<a href=\"http:\/\/www.dn.se\/DNet\/jsp\/polopoly.jsp?d=554&#038;a=819447\">Ur Dagens Nyheter<\/a>)<\/p><\/blockquote>\n<p>N\u00e4r jag ser bilden p\u00e5 Obama tillsammans med Biden d\u00e5 \u00e4r det s\u00e5 tydligt att man n\u00e4stan f\u00e5r ont i magen: f\u00f6r att vara s\u00e4ker p\u00e5 att kunna vinna m\u00e5ste Obama ha en vit man i \u00f6vre medel\u00e5ldern vid sin sida.<\/p>\n<p>Det \u00e4r givetvis realistiskt och strategiskt korrekt, men s\u00e5 tr\u00e5kigt. Obamas kampanj bygger f\u00f6rst\u00e5s p\u00e5 hur verkligheten \u00e4r beskaffad. F\u00f6rst samlade Obama in alla som vill ha n\u00e5got nytt, han pratade om &#8221;Change&#8221; &#8211; sedan n\u00e4r det blir allvar \u00e4r kampen om det amerikanska presidentskapet \u00e4nd\u00e5 en historia mellan \u00e4ldre medel\u00e5lders m\u00e4n.<\/p>\n<p><a href=\"http:\/\/www.dn.se\/DNet\/jsp\/polopoly.jsp?d=148&#038;a=819464\">Erik Ohlsson i DN<\/a> formulerar det p\u00e5 mer diplomatiskt s\u00e4tt:<\/p>\n<blockquote><p>M\u00e5nga namn dryftades i spekulationerna om demokraternas vicepresidentkandidat. N\u00e4r det kom till kritan valde demokraternas Barack Obama det s\u00e4kra f\u00f6re det os\u00e4kra.<\/p><\/blockquote>\n<p>Ohlsson ber\u00e4ttar ocks\u00e5 att Biden kompletterar Obama p\u00e5 ett annat s\u00e4tt:<\/p>\n<blockquote><p>Biden \u00e4r katolik och representerar den lilla \u00f6stkuststaten Delaware. Han har en dedikerat arbetarklassm\u00e4ssig uppv\u00e4xt. New York Times kallar honom &#8221;lunch box democrat&#8221; &#8211; en kille som tar med sig matl\u00e5da till jobbet f\u00f6r att spara pengar. Han \u00e4r med andra ord bra p\u00e5 att &#8221;ta&#8221; folk som har en bakgrund i det icke-akademiska USA. D\u00e4r har Obama hittills misslyckats.<\/p><\/blockquote>\n<p>H\u00e4r pratar Biden om Obamas utrikespolitik:<\/p>\n<p><object width=\"425\" height=\"344\"><param name=\"movie\" value=\"http:\/\/www.youtube.com\/v\/j2IRYCHy3y4&#038;hl=en&#038;fs=1\"><\/param><param name=\"allowFullScreen\" value=\"true\"><\/param><embed src=\"http:\/\/www.youtube.com\/v\/j2IRYCHy3y4&#038;hl=en&#038;fs=1\" type=\"application\/x-shockwave-flash\" allowfullscreen=\"true\" width=\"425\" height=\"344\"><\/embed><\/object><\/p>\n<p>Relaterat:<a href=\"http:\/\/blogg.aftonbladet.se\/20736\/perma\/924572\/\"><br \/>\nUSA-bloggen i Aftonbladet<\/a><br \/>\n<a href=\"http:\/\/www.aftonbladet.se\/nyheter\/usavalet\/article3161791.ab\">Aftonbladet<\/a><br \/>\n<a href=\"http:\/\/www.svd.se\/nyheter\/utrikes\/artikel_1605325.svd\">Svenska Dagbladet<\/a><br \/>\n<a href=\"http:\/\/www.dagen.se\/dagen\/Article.aspx?ID=156857\">Dagen<\/a><\/p>\n<p><a href=\"http:\/\/tankarfranroten.wordpress.com\/2008\/08\/23\/obamas-vicepresidentkandidat\/\">Fredrik i bloggen Tankar fr\u00e5n roten<\/a> och <a href=\"http:\/\/amandasghetto.blogg.se\/2008\/august\/synsk.html\">Amandas ghetto har ocks\u00e5 bloggat om Biden.<\/a><\/p>\n<p>Andra bloggar om: <a href=\"http:\/\/bloggar.se\/om\/USA\" rel=\"tag\">USA<\/a>, <a href=\"http:\/\/bloggar.se\/om\/Biden\" rel=\"tag\">Biden<\/a>, <a href=\"http:\/\/bloggar.se\/om\/Obama\" rel=\"tag\">Obama<\/a>, <a href=\"http:\/\/bloggar.se\/om\/presidentval\" rel=\"tag\">presidentval<\/a>, <a href=\"http:\/\/bloggar.se\/om\/demokraterna\" rel=\"tag\">demokraterna<\/a>, <a href=\"http:\/\/bloggar.se\/om\/medel%E5lders\" rel=\"tag\">medel\u00e5lders<\/a>, <a href=\"http:\/\/bloggar.se\/om\/vit\" rel=\"tag\">vit<\/a><\/p>\n","protected":false},"excerpt":{"rendered":"<p>Nu b\u00f6rjar valkampen i det amerikanska valet g\u00e5 in i slutfasen. Obama har utsett sin vicepresidentkandidat: Joseph Biden. Genom att v\u00e4lja Biden f\u00e5r Obama den erfarenhet som m\u00e5nga kritiker s\u00e4ger att han sj\u00e4lv saknar. Biden har suttit sex perioder som senator sedan 1972 och \u00e4r en ledande auktoritet p\u00e5 utrikespolitik. Tidigare i veckan bes\u00f6kte han [&hellip;]<\/p>\n","protected":false},"author":2,"featured_media":0,"comment_status":"open","ping_status":"open","sticky":false,"template":"","format":"standard","meta":{"_genesis_hide_title":false,"_genesis_hide_breadcrumbs":false,"_genesis_hide_singular_image":false,"_genesis_hide_footer_widgets":false,"_genesis_custom_body_class":"","_genesis_custom_post_class":"","_genesis_layout":"","footnotes":""},"categories":[20],"tags":[4100,6129],"class_list":{"0":"post-1199","1":"post","2":"type-post","3":"status-publish","4":"format-standard","6":"category-film","7":"tag-obama","8":"tag-usa","9":"entry"},"_links":{"self":[{"href":"https:\/\/kulturbloggen.com\/index.php?rest_route=\/wp\/v2\/posts\/1199","targetHints":{"allow":["GET"]}}],"collection":[{"href":"https:\/\/kulturbloggen.com\/index.php?rest_route=\/wp\/v2\/posts"}],"about":[{"href":"https:\/\/kulturbloggen.com\/index.php?rest_route=\/wp\/v2\/types\/post"}],"author":[{"embeddable":true,"href":"https:\/\/kulturbloggen.com\/index.php?rest_route=\/wp\/v2\/users\/2"}],"replies":[{"embeddable":true,"href":"https:\/\/kulturbloggen.com\/index.php?rest_route=%2Fwp%2Fv2%2Fcomments&post=1199"}],"version-history":[{"count":0,"href":"https:\/\/kulturbloggen.com\/index.php?rest_route=\/wp\/v2\/posts\/1199\/revisions"}],"wp:attachment":[{"href":"https:\/\/kulturbloggen.com\/index.php?rest_route=%2Fwp%2Fv2%2Fmedia&parent=1199"}],"wp:term":[{"taxonomy":"category","embeddable":true,"href":"https:\/\/kulturbloggen.com\/index.php?rest_route=%2Fwp%2Fv2%2Fcategories&post=1199"},{"taxonomy":"post_tag","embeddable":true,"href":"https:\/\/kulturbloggen.com\/index.php?rest_route=%2Fwp%2Fv2%2Ftags&post=1199"}],"curies":[{"name":"wp","href":"https:\/\/api.w.org\/{rel}","templated":true}]}}