{"id":119896,"date":"2018-09-02T05:42:27","date_gmt":"2018-09-02T04:42:27","guid":{"rendered":"https:\/\/kulturbloggen.com\/?p=119896"},"modified":"2018-09-05T05:43:20","modified_gmt":"2018-09-05T04:43:20","slug":"popaganda-veronica-maggio","status":"publish","type":"post","link":"https:\/\/kulturbloggen.com\/?p=119896","title":{"rendered":"Popaganda: Veronica Maggio"},"content":{"rendered":"<p>Veronica Maggio p\u00e5 Popaganda<br \/>\n1 september 2018<br \/>\nBetyg 3<\/p>\n<p>Som st\u00e4ngningsakt har Popaganda bjudit in Sveriges egen popdrottning; Veronica Maggio. Som en av Sveriges st\u00f6rsta artister har Veronica sedan l\u00e4nge varit hemmafesternas och ungdomens spr\u00e5kr\u00f6r tillsammans med artister som r\u00f6r sig i samma tematiska fiskevatten \u2013 som exempelvis H\u00e5kan Hellstr\u00f6m och Oskar Linnros. Med sv\u00e5rslagen framg\u00e5ng har hon sjungit fram utekv\u00e4llarnas och dansgolvens kval p\u00e5 svenska sedan \u00e5r 2006, d\u00e5 hon sl\u00e4ppte sin f\u00f6rsta platta, Vatten och br\u00f6d. <\/p>\n<p>Det \u00e4r ett v\u00e4l avv\u00e4gt val av arrang\u00f6rerna, inte minst eftersom Veronica sj\u00e4lv r\u00f6rt sig mycket i omr\u00e5dena kring Skanstull, d\u00e4r Popaganda ju \u00e4ger rum. Hon sjunger \u00e4ven om det i flera l\u00e5tar: \u201dEtt f\u00f6delsedagshotell, en vanlig Skanstullskv\u00e4ll\u201d (Satan i gatan), eller i Tr\u00e4dg\u00e5rden en fredag \u2013 som handlar om att v\u00e4nta i k\u00f6n till klubben Tr\u00e4dg\u00e5rden \u2013 vilken bara ligger ett (f\u00f6rvisso ganska l\u00e5ngt) stenkast fr\u00e5n den scen hon nu sjunger p\u00e5. <\/p>\n<p>Klockan b\u00f6rjar n\u00e4rma sig tio och det sedan tv\u00e5 timmar tillbaka p\u00e5tryckande m\u00f6rkret vittnar om att h\u00f6sten verkligen \u00e4r i ant\u00e5gande. Framf\u00f6r den stora scenen \u00e4r det fullt med folk och den lilla kullen som ligger framf\u00f6r den har den otympliga effekten att man knappt ser n\u00e5gonting om man \u00e4r l\u00e5ngt bak (och d\u00e5 \u00e4r jag \u00e4nd\u00e5 1,86 m). Men publiken \u00e4r taggad, Veronica \u00e4r taggad och det \u00e4r med material fr\u00e5n de tre senaste albumen som hon sjunger in sensommarens Stockholmsnatt. <\/p>\n<p>Det \u00e4r en popveteran som st\u00e5r p\u00e5 scenen och med in\u00f6vade tonl\u00e4gen charmar hon sin publik i de korta talen mellan l\u00e5tarna. Hon sjunger fram sina kr\u00f6nikor \u00f6ver krossade hj\u00e4rtan, sena kv\u00e4llar och r\u00f6kta cigaretter. Hon \u00e4r \u00f6dmjuk, k\u00e4rleksfull och s\u00e4ger till publiken att hon \u00e4lskar den. Att hon \u00e4r ledsen f\u00f6r att hon snart inte ska upptr\u00e4da p\u00e5 l\u00e4nge, men att hon beh\u00f6ver skriva nytt material. Hon frammanar jubel och dans. Folk sjunger med. <\/p>\n<p>Men det \u00e4r n\u00e5gonting som fattas. <\/p>\n<p>St\u00e4mningen k\u00e4nns p\u00e5 n\u00e5got s\u00e4tt m\u00e4ttad och ungdomens sorger och sv\u00e5righeter k\u00e4nns utvattnade ikv\u00e4ll. Kanske \u00e4r det f\u00f6r att de inte l\u00e4ngre erk\u00e4nner Veronica som sin talesperson, kanske tycker de att det \u00e4r dags f\u00f6r henne att l\u00e4mna taktpinnen vidare till n\u00e5gon annan. Kanske \u00e4r det dags f\u00f6r henne att ta sig vidare till andra tematiska fiskevatten. Efter att ha sett Veronica live tv\u00e5 g\u00e5nger tidigare \u2013 i Svandammshallarna i Uppsala 2013 och p\u00e5 Br\u00e5valla 2014 \u2013 kan jag enkelt s\u00e4ga att denna konsert inte alls innehar samma elektricitet som d\u00e5. Och f\u00f6r att vara helt \u00e4rlig k\u00e4nns det som att det \u00e4r dags f\u00f6r henne att utveckla sina teman lite.<\/p>\n<p>Nattklubbskv\u00e4llarna, de f\u00f6rsta kyssarna, de krossade hj\u00e4rtana, de ensamma cigarettpromenaderna och den osynliga elektriciteten mellan tv\u00e5 nyk\u00e4ra har blivit besjungna av Veronica i tolv \u00e5r och kanske \u00e4r det dags f\u00f6r henne att h\u00e4mta inspiration ur andra delar av livet inf\u00f6r n\u00e4sta l\u00e5tsl\u00e4pp. All respekt till Veronica \u2013 hon \u00e4r en otrolig musikalisk beg\u00e5vning och har otaliga hits i bagaget \u2013 men n\u00e4r man b\u00f6rjar n\u00e4rma sig fyrtio och dessutom har barn blir det sv\u00e5rt att forts\u00e4tta sjunga saker som: \u201dNatten blir dag men alla st\u00e5r kvar, dom har legget i handen, blicken ner i marken, ingen blir vald. Vi borde dra men alla st\u00e5r kvar, dom har glitter p\u00e5 kinden, blicken ner i marken, alla p\u00e5 rad\u201d (Tr\u00e5dg\u00e5rden en fredag) eller \u201dDet jag ville ha ig\u00e5r \u00e4r borta idag, solen v\u00e4cker oss och nu s\u00e5 ser jag dig klart \u2026 \u00c4r vi gjorda f\u00f6r varandra, \u00e4r det drama som i Dallas, \u00e4r vi lyckliga tillsammans, \u00e4r det bara vi tv\u00e5 eller finns det andra?\u201d (Dallas). I och f\u00f6r sig \u00e4r b\u00e5da dessa l\u00e5tar fr\u00e5n albumet Handen i fickan fast jag bryr mig, som kom ut \u00e5r 2013 (och som jag verkligen tycker om), men p\u00e5 n\u00e5got vis k\u00e4nns det som om de lyriska temana har varit r\u00e4tt kontinuerliga, \u00e4ven om de musikaliska temana har skiljts sig \u00e5t mycket. <\/p>\n<p>Denna recension har inte alls f\u00f6r avsikt att vara n\u00e5gon s\u00e5gning, det \u00e4r snarare s\u00e5 att jag f\u00f6r v\u00e5r allas del hoppas p\u00e5 en fin musikalisk mognad och att Sveriges popdrottning inte g\u00f6r en Lana Del Rey; fastnar i det som gjorde henne k\u00e4nd fr\u00e5n f\u00f6rsta b\u00f6rjan och sedan blir n\u00e4st intill en karikatyr \u00f6ver vissa delar av livet. Ist\u00e4llet hoppas jag att Veronica forts\u00e4tter att utvecklas b\u00e5de lyriskt och musikaliskt och i framtiden uts\u00f6ndrar bra mycket mer elektricitet i luften \u00e4n i denna sensomriga Skanstullskv\u00e4ll. <\/p>\n","protected":false},"excerpt":{"rendered":"<p>Veronica Maggio p\u00e5 Popaganda 1 september 2018 Betyg 3 Som st\u00e4ngningsakt har Popaganda bjudit in Sveriges egen popdrottning; Veronica Maggio. Som en av Sveriges st\u00f6rsta artister har Veronica sedan l\u00e4nge varit hemmafesternas och ungdomens spr\u00e5kr\u00f6r tillsammans med artister som r\u00f6r sig i samma tematiska fiskevatten \u2013 som exempelvis H\u00e5kan Hellstr\u00f6m och Oskar Linnros. Med sv\u00e5rslagen [&hellip;]<\/p>\n","protected":false},"author":13,"featured_media":0,"comment_status":"open","ping_status":"open","sticky":false,"template":"","format":"standard","meta":{"_genesis_hide_title":false,"_genesis_hide_breadcrumbs":false,"_genesis_hide_singular_image":false,"_genesis_hide_footer_widgets":false,"_genesis_custom_body_class":"","_genesis_custom_post_class":"","_genesis_layout":"","footnotes":""},"categories":[7,16],"tags":[4430],"class_list":{"0":"post-119896","1":"post","2":"type-post","3":"status-publish","4":"format-standard","6":"category-musik","7":"category-recension","8":"tag-popaganda","9":"entry"},"_links":{"self":[{"href":"https:\/\/kulturbloggen.com\/index.php?rest_route=\/wp\/v2\/posts\/119896","targetHints":{"allow":["GET"]}}],"collection":[{"href":"https:\/\/kulturbloggen.com\/index.php?rest_route=\/wp\/v2\/posts"}],"about":[{"href":"https:\/\/kulturbloggen.com\/index.php?rest_route=\/wp\/v2\/types\/post"}],"author":[{"embeddable":true,"href":"https:\/\/kulturbloggen.com\/index.php?rest_route=\/wp\/v2\/users\/13"}],"replies":[{"embeddable":true,"href":"https:\/\/kulturbloggen.com\/index.php?rest_route=%2Fwp%2Fv2%2Fcomments&post=119896"}],"version-history":[{"count":1,"href":"https:\/\/kulturbloggen.com\/index.php?rest_route=\/wp\/v2\/posts\/119896\/revisions"}],"predecessor-version":[{"id":119897,"href":"https:\/\/kulturbloggen.com\/index.php?rest_route=\/wp\/v2\/posts\/119896\/revisions\/119897"}],"wp:attachment":[{"href":"https:\/\/kulturbloggen.com\/index.php?rest_route=%2Fwp%2Fv2%2Fmedia&parent=119896"}],"wp:term":[{"taxonomy":"category","embeddable":true,"href":"https:\/\/kulturbloggen.com\/index.php?rest_route=%2Fwp%2Fv2%2Fcategories&post=119896"},{"taxonomy":"post_tag","embeddable":true,"href":"https:\/\/kulturbloggen.com\/index.php?rest_route=%2Fwp%2Fv2%2Ftags&post=119896"}],"curies":[{"name":"wp","href":"https:\/\/api.w.org\/{rel}","templated":true}]}}