{"id":119838,"date":"2018-09-03T09:05:34","date_gmt":"2018-09-03T08:05:34","guid":{"rendered":"https:\/\/kulturbloggen.com\/?p=119838"},"modified":"2018-09-03T09:05:34","modified_gmt":"2018-09-03T08:05:34","slug":"ozzy-osbourne-tar-farval-och-kommer-med-judas-priest-till-stockholm","status":"publish","type":"post","link":"https:\/\/kulturbloggen.com\/?p=119838","title":{"rendered":"Ozzy Osbourne tar farv\u00e4l och kommer med Judas Priest till Stockholm"},"content":{"rendered":"<p><img loading=\"lazy\" decoding=\"async\" src=\"https:\/\/kulturbloggen.com\/wp-content\/uploads\/2018\/09\/unnamed-6.jpg\" alt=\"\" width=\"600\" height=\"289\" class=\"aligncenter size-full wp-image-119839\" srcset=\"https:\/\/kulturbloggen.com\/wp-content\/uploads\/2018\/09\/unnamed-6.jpg 600w, https:\/\/kulturbloggen.com\/wp-content\/uploads\/2018\/09\/unnamed-6-300x145.jpg 300w\" sizes=\"auto, (max-width: 600px) 100vw, 600px\" \/><\/p>\n<p>Ozzy Osbourne tar farv\u00e4l med Europaturn\u00e9n &#8221;No More Tours 2&#8243; &#8211; kommer till Stockholm och Tele2 Arena fredag 22 februari! \u201dThe Prince of Darkness&#8221; tar farv\u00e4l av en av rockhistoriens mest framg\u00e5ngsrika karri\u00e4rer \u2013dessutom med Judas Priest som g\u00e4ster! Det blir sista g\u00e5ngen Ozzy Osbourne kommer till Europa, ber\u00e4ttar ett pressmeddelande:<\/p>\n<p>Rock and Roll Hall of Fame, flera Grammy-vinster och den okr\u00f6nte prinsen av m\u00f6rker. Ozzy Osbourne \u00e4r onekligen en av rockv\u00e4rldens allra st\u00f6rsta namn n\u00e5gonsin och nu \u00e4r det dags f\u00f6r &#8221;No More Tours 2&#8221; &#8211; en referens till hans &#8221;No More Tours&#8221; fr\u00e5n 1992. Med sig har han sina st\u00e4ndiga vapendragare Zakk Wylde (gitarr), Blasko (bas), Tommy Clufetos (trummor) och Adam Wakeman (keyboard).<\/p>\n<p>Denna sommar spelade Ozzy Osbourne p\u00e5 stora festivaler runt om i Europa: Download Festival, Copenhell, Firenze Rocks, Grasspop Metal Meeting och s\u00e5 klart Sweden Rock Festival. Ozzy sj\u00e4lv s\u00e4ger:<\/p>\n<p>&#8221;I&#8217;ve been extremely blessed to have had two successful music careers. I&#8217;m looking at this final tour as being a huge celebration for my fans and anyone who has enjoyed my music over the past five decades&#8221;.<\/p>\n<p>P\u00e5 den kommande turn\u00e9n kommer vi att f\u00e5 se Ozzy Osbourne fira fem \u00e5rtionden som artist (b\u00e5de solo och som s\u00e5ngare i Black Sabbath) &#8211; och fredag 22 februari blir Ozzys farv\u00e4l till den svenska publiken.<\/p>\n<p><strong>Datum 2019<br \/>\n22\/2 &#8211; Tele2 Arena, Stockholm<\/strong><\/p>\n","protected":false},"excerpt":{"rendered":"<p>Ozzy Osbourne tar farv\u00e4l med Europaturn\u00e9n &#8221;No More Tours 2&#8243; &#8211; kommer till Stockholm och Tele2 Arena fredag 22 februari! \u201dThe Prince of Darkness&#8221; tar farv\u00e4l av en av rockhistoriens mest framg\u00e5ngsrika karri\u00e4rer \u2013dessutom med Judas Priest som g\u00e4ster! Det blir sista g\u00e5ngen Ozzy Osbourne kommer till Europa, ber\u00e4ttar ett pressmeddelande: Rock and Roll Hall [&hellip;]<\/p>\n","protected":false},"author":13,"featured_media":0,"comment_status":"open","ping_status":"open","sticky":false,"template":"","format":"standard","meta":{"_genesis_hide_title":false,"_genesis_hide_breadcrumbs":false,"_genesis_hide_singular_image":false,"_genesis_hide_footer_widgets":false,"_genesis_custom_body_class":"","_genesis_custom_post_class":"","_genesis_layout":"","footnotes":""},"categories":[7,13624],"tags":[],"class_list":{"0":"post-119838","1":"post","2":"type-post","3":"status-publish","4":"format-standard","6":"category-musik","7":"category-toppnytt","8":"entry"},"_links":{"self":[{"href":"https:\/\/kulturbloggen.com\/index.php?rest_route=\/wp\/v2\/posts\/119838","targetHints":{"allow":["GET"]}}],"collection":[{"href":"https:\/\/kulturbloggen.com\/index.php?rest_route=\/wp\/v2\/posts"}],"about":[{"href":"https:\/\/kulturbloggen.com\/index.php?rest_route=\/wp\/v2\/types\/post"}],"author":[{"embeddable":true,"href":"https:\/\/kulturbloggen.com\/index.php?rest_route=\/wp\/v2\/users\/13"}],"replies":[{"embeddable":true,"href":"https:\/\/kulturbloggen.com\/index.php?rest_route=%2Fwp%2Fv2%2Fcomments&post=119838"}],"version-history":[{"count":1,"href":"https:\/\/kulturbloggen.com\/index.php?rest_route=\/wp\/v2\/posts\/119838\/revisions"}],"predecessor-version":[{"id":119840,"href":"https:\/\/kulturbloggen.com\/index.php?rest_route=\/wp\/v2\/posts\/119838\/revisions\/119840"}],"wp:attachment":[{"href":"https:\/\/kulturbloggen.com\/index.php?rest_route=%2Fwp%2Fv2%2Fmedia&parent=119838"}],"wp:term":[{"taxonomy":"category","embeddable":true,"href":"https:\/\/kulturbloggen.com\/index.php?rest_route=%2Fwp%2Fv2%2Fcategories&post=119838"},{"taxonomy":"post_tag","embeddable":true,"href":"https:\/\/kulturbloggen.com\/index.php?rest_route=%2Fwp%2Fv2%2Ftags&post=119838"}],"curies":[{"name":"wp","href":"https:\/\/api.w.org\/{rel}","templated":true}]}}