{"id":119788,"date":"2018-09-01T19:11:50","date_gmt":"2018-09-01T18:11:50","guid":{"rendered":"https:\/\/kulturbloggen.com\/?p=119788"},"modified":"2018-09-01T19:22:14","modified_gmt":"2018-09-01T18:22:14","slug":"europapremiaren-av-u2-kanns-som-en-stor-upprepning","status":"publish","type":"post","link":"https:\/\/kulturbloggen.com\/?p=119788","title":{"rendered":"Europapremi\u00e4ren av U2 &#8211; k\u00e4nns som en stor upprepning"},"content":{"rendered":"<p><a href=\"https:\/\/kulturbloggen.com\/wp-content\/uploads\/2018\/09\/u2berlin8.jpg\"><img loading=\"lazy\" decoding=\"async\" class=\"alignnone size-full wp-image-119808\" src=\"https:\/\/kulturbloggen.com\/wp-content\/uploads\/2018\/09\/u2berlin8.jpg\" alt=\"\" width=\"600\" height=\"450\" srcset=\"https:\/\/kulturbloggen.com\/wp-content\/uploads\/2018\/09\/u2berlin8.jpg 600w, https:\/\/kulturbloggen.com\/wp-content\/uploads\/2018\/09\/u2berlin8-300x225.jpg 300w\" sizes=\"auto, (max-width: 600px) 100vw, 600px\" \/><\/a><\/p>\n<p>U2<\/p>\n<p>Mercedes-Benz Arena Berlin<\/p>\n<p><strong>Betyg:<\/strong> 2 (om du s\u00e5g showen 2015) 3 (om du inte sett den f\u00f6rut)<\/p>\n<p>Kommer inte U2 till Sverige f\u00e5r vi komma till U2. Ifjol valde vi att se dom i Dublin och \u00e5r blev det Europa-premi\u00e4ren i Berlin.<\/p>\n<p>Det \u00e4r snyggt, det \u00e4r en ganska vuxen publik, men det \u00e4r i princip samma show som 2015. D\u00e5 hette den Innocence + Experience och nu har orden bytt ordning, Experience + Innocence. Scenen \u00e4r densamma, med en l\u00e5ng sk\u00e4rm som sticker ut mellan huvudscenen och den lilla e-scenen.<\/p>\n<p>Den som p\u00e5st\u00e5r att rock och politik inte h\u00f6r ihop, har aldrig varit p\u00e5 en U2-konsert. H\u00e4r \u00e4r det mycket politik, \u00e4ven om jag personligen tappade mycket av Bono trov\u00e4rdighet n\u00e4r han ertappades att finnas med i Panama-l\u00e4ckan, har det inte stoppat den politiska predikanten Bono. H\u00e4r d\u00f6per han om det tyska partiet AFD till alternativ f\u00f6r demokrati. Showen b\u00f6rjar med att det visas bilder fr\u00e5n olika s\u00f6nderbombade platser under och efter andra v\u00e4rldskriget, och det k\u00e4nns j\u00e4ttekonstigt att publiken appl\u00e5derar bilderna av ett s\u00f6nderbombat Berlin.<\/p>\n<p>Biljett-priserna f\u00f6r en U2-konsert ligger nu p\u00e5 sm\u00e4rtgr\u00e4nsen vad m\u00e5nga \u00e4r beredda att betala. Mannen bredvid oss hade f\u00f6rs\u00f6kt att s\u00e4lja tv\u00e5 biljetter han hade till show nummer tv\u00e5, men folk tackade nej, f\u00f6r att de var f\u00f6r dyra, trots att han s\u00e5lde de till samma pris han k\u00f6pt dom f\u00f6r, 235 euro styck. Det priset \u00e4r ingen pris fr\u00e5n en svarta-b\u00f6rs-handel utan det pris som st\u00e5r p\u00e5 biljetten. Det \u00e4r dyrt att se U2 numera.<\/p>\n<p>Vid den f\u00f6rra sv\u00e4ngen s\u00e5 var det fyra shower i Globen, och storleken p\u00e5 den nya versionen \u00e4r i princip identisk med den 2015, s\u00e5 varf\u00f6r d\u00e5 v\u00e4lja bort Globen? Anledningen \u00e4r nog att det var en inst\u00e4lld show sist, p\u00e5 grund av att en man blev insl\u00e4ppt med ett vapen. Det slutade med en inst\u00e4lld show och en extradag i Stockholm. Inget som uppskattades d\u00e5, och nu blev det ingen show i Stockholm, vare sig 2017 \u00e5rs turn\u00e9 eller \u00e5rets. Miss gissning \u00e4r att det h\u00e4nger ihop med vad som h\u00e4nde i Stockholm 2015.<\/p>\n<p>\u00c4nd\u00e5 har den som s\u00e5g showen 2015, inte s\u00e5 m\u00e5nga nyheter h\u00e4r. Visst, det spelas sju l\u00e5tar fr\u00e5n fjol\u00e5rets skiva \u201dSongs of Experince\u201d, nya l\u00e5tar f\u00f6r publiken, men sanningen \u00e4r v\u00e4l att m\u00e5nga av dessa s\u00e5nger inte kommer att klara av att ta sig in i U2-m\u00e5ste-l\u00e5tar-att-spela-live. De ers\u00e4tter l\u00e5tarna fr\u00e5n \u201dJoshua Tree\u201d och jag saknar \u201dWhere the streets have no name\u201d och \u201dI still haven\u2019t found what i am looking for och \u201dWith or without you\u201d f\u00f6r att n\u00e4mna tre l\u00e5tar fr\u00e5n den skivan. Visst, kanske modigt av bandet, och dom var nog lite less p\u00e5 dom efter 2017-\u00e5rs shower d\u00e4r dom spelade hela Joshua-tree skivan live. \u00c4nd\u00e5 \u00e4r det n\u00e5got jag saknar h\u00e4r, och dom tillh\u00f6r de mest spelade l\u00e5tarna av hela urvalet av U2-l\u00e5tar.<\/p>\n<p>Det \u00e4r m\u00e5nga video-sekvenser som \u00e4r \u00e5teranv\u00e4nda fr\u00e5n 2015. Det \u00e5ret startade showen med en stor gl\u00f6dlampa. Jag han t\u00e4nka tanken att den inte var kvar i \u00e5r, men jag hade fel. Den d\u00f6k nu upp sist i showen. Innan dess blev vi bjudna p\u00e5 en<\/p>\n<p>2 timmar och 17 minuter l\u00e5ng show. Den startar med att bandet st\u00e5r i den l\u00e5nga sk\u00e4rmen, tydligen med dubbelt s\u00e5 h\u00f6g uppl\u00f6sning som sk\u00e4rmen 2015, men det k\u00e4nns \u00e4nd\u00e5 som en upprepning. Vi \u00e4r \u00f6ver 17 000 personer p\u00e5 plats.<\/p>\n<p>Jag f\u00e5r k\u00e4nslan att det blivit lugnare runt U2, ingen svensk media p\u00e5 plats som jag ser. Stora delar av de amerikanska showerna blir inte s\u00e5 omskrivna. Det finns inte l\u00e4ngre n\u00e5gra \u00f6verraskningar, det \u00e4r snyggt, men var finns energin och det nya vilda. Det finns tre passager i showen d\u00e4r energin i arenan \u00f6kar, publiken f\u00f6r vad den kan, f\u00e5 sitter p\u00e5 sin sittplats men \u00e4nd\u00e5 saknas n\u00e5got. Publiken har inte kommit till ett v\u00e4ckelsem\u00f6te f\u00f6r EU, men det \u00e4r ungef\u00e4r vad det ser ut som, n\u00e4r bandet vecklar ut en gigantisk EU-flagga och r\u00e4knar upp vilka l\u00e4nder som finns i Europa.<\/p>\n<p>Bandet v\u00e4ljer att avsluta konserten med l\u00e5tar fr\u00e5n den nya skivan, men \u00e4r kanske inte den starkaste avslutningen. K\u00e4nslan jag har n\u00e4r jag g\u00e5r ut p\u00e5 kv\u00e4llen, att det var v\u00e4l kul, men k\u00e4nner inget k\u00e4nsla att jag vill se n\u00e5gon till show under denna sv\u00e4ng, det r\u00e4cker s\u00e5 h\u00e4r.<\/p>\n<p>&nbsp;<\/p>\n<p><strong>L\u00e5tlista<\/strong><\/p>\n<p>The Blackout<br \/>\nLights of Home<br \/>\nI Will Follow<br \/>\nRed Flag Day<br \/>\nBeautiful Day<br \/>\nThe Ocean<br \/>\nIris (Hold Me Close)<br \/>\nCedarwood Road<br \/>\nSunday Bloody Sunday<br \/>\nUntil the End of the World<br \/>\nElevation<br \/>\nVertigo<br \/>\nEven Better Than the Real Thing<br \/>\nAcrobat<br \/>\nYou&#8217;re the Best Thing About Me<br \/>\nSummer of Love<br \/>\nPride (In the Name of Love)<br \/>\nGet Out of Your Own Way<br \/>\nNew Year&#8217;s Day<br \/>\nCity of Blinding Lights<\/p>\n<p>Extranummer<br \/>\nOne<br \/>\nLove Is Bigger Than Anything in Its Way<br \/>\n13 (There Is a Light)<br \/>\n<a href=\"https:\/\/kulturbloggen.com\/wp-content\/uploads\/2018\/09\/u2berlin2.jpg\"><img loading=\"lazy\" decoding=\"async\" class=\"alignnone size-medium wp-image-119802\" src=\"https:\/\/kulturbloggen.com\/wp-content\/uploads\/2018\/09\/u2berlin2-300x225.jpg\" alt=\"\" width=\"600\" height=\"450\" srcset=\"https:\/\/kulturbloggen.com\/wp-content\/uploads\/2018\/09\/u2berlin2-300x225.jpg 300w, https:\/\/kulturbloggen.com\/wp-content\/uploads\/2018\/09\/u2berlin2.jpg 600w\" sizes=\"auto, (max-width: 600px) 100vw, 600px\" \/><\/a><\/p>\n<p><a href=\"https:\/\/kulturbloggen.com\/wp-content\/uploads\/2018\/09\/u2berlin3.jpg\"><img loading=\"lazy\" decoding=\"async\" class=\"alignnone size-medium wp-image-119803\" src=\"https:\/\/kulturbloggen.com\/wp-content\/uploads\/2018\/09\/u2berlin3-300x225.jpg\" alt=\"\" width=\"600\" height=\"450\" srcset=\"https:\/\/kulturbloggen.com\/wp-content\/uploads\/2018\/09\/u2berlin3-300x225.jpg 300w, https:\/\/kulturbloggen.com\/wp-content\/uploads\/2018\/09\/u2berlin3.jpg 600w\" sizes=\"auto, (max-width: 600px) 100vw, 600px\" \/><\/a><\/p>\n<p><a href=\"https:\/\/kulturbloggen.com\/wp-content\/uploads\/2018\/09\/u2berlin4.jpg\"><img loading=\"lazy\" decoding=\"async\" class=\"alignnone size-medium wp-image-119804\" src=\"https:\/\/kulturbloggen.com\/wp-content\/uploads\/2018\/09\/u2berlin4-300x225.jpg\" alt=\"\" width=\"600\" height=\"450\" srcset=\"https:\/\/kulturbloggen.com\/wp-content\/uploads\/2018\/09\/u2berlin4-300x225.jpg 300w, https:\/\/kulturbloggen.com\/wp-content\/uploads\/2018\/09\/u2berlin4.jpg 600w\" sizes=\"auto, (max-width: 600px) 100vw, 600px\" \/><\/a><\/p>\n<p><a href=\"https:\/\/kulturbloggen.com\/wp-content\/uploads\/2018\/09\/u2berlin5.jpg\"><img loading=\"lazy\" decoding=\"async\" class=\"alignnone size-medium wp-image-119805\" src=\"https:\/\/kulturbloggen.com\/wp-content\/uploads\/2018\/09\/u2berlin5-300x225.jpg\" alt=\"\" width=\"600\" height=\"450\" srcset=\"https:\/\/kulturbloggen.com\/wp-content\/uploads\/2018\/09\/u2berlin5-300x225.jpg 300w, https:\/\/kulturbloggen.com\/wp-content\/uploads\/2018\/09\/u2berlin5.jpg 600w\" sizes=\"auto, (max-width: 600px) 100vw, 600px\" \/><\/a><\/p>\n<p><a href=\"https:\/\/kulturbloggen.com\/wp-content\/uploads\/2018\/09\/u2berlin6.jpg\"><img loading=\"lazy\" decoding=\"async\" class=\"alignnone size-medium wp-image-119806\" src=\"https:\/\/kulturbloggen.com\/wp-content\/uploads\/2018\/09\/u2berlin6-300x225.jpg\" alt=\"\" width=\"600\" height=\"450\" srcset=\"https:\/\/kulturbloggen.com\/wp-content\/uploads\/2018\/09\/u2berlin6-300x225.jpg 300w, https:\/\/kulturbloggen.com\/wp-content\/uploads\/2018\/09\/u2berlin6.jpg 600w\" sizes=\"auto, (max-width: 600px) 100vw, 600px\" \/><\/a><\/p>\n<p><a href=\"https:\/\/kulturbloggen.com\/wp-content\/uploads\/2018\/09\/u2berlin7.jpg\"><img loading=\"lazy\" decoding=\"async\" class=\"alignnone size-medium wp-image-119807\" src=\"https:\/\/kulturbloggen.com\/wp-content\/uploads\/2018\/09\/u2berlin7-300x225.jpg\" alt=\"\" width=\"600\" height=\"450\" srcset=\"https:\/\/kulturbloggen.com\/wp-content\/uploads\/2018\/09\/u2berlin7-300x225.jpg 300w, https:\/\/kulturbloggen.com\/wp-content\/uploads\/2018\/09\/u2berlin7.jpg 600w\" sizes=\"auto, (max-width: 600px) 100vw, 600px\" \/><\/a><\/p>\n<p><a href=\"https:\/\/kulturbloggen.com\/wp-content\/uploads\/2018\/09\/u2berlin1.jpg\"><img loading=\"lazy\" decoding=\"async\" class=\"alignnone size-medium wp-image-119801\" src=\"https:\/\/kulturbloggen.com\/wp-content\/uploads\/2018\/09\/u2berlin1-300x225.jpg\" alt=\"\" width=\"600\" height=\"450\" srcset=\"https:\/\/kulturbloggen.com\/wp-content\/uploads\/2018\/09\/u2berlin1-300x225.jpg 300w, https:\/\/kulturbloggen.com\/wp-content\/uploads\/2018\/09\/u2berlin1.jpg 600w\" sizes=\"auto, (max-width: 600px) 100vw, 600px\" \/><\/a><\/p>\n","protected":false},"excerpt":{"rendered":"<p>U2 Mercedes-Benz Arena Berlin Betyg: 2 (om du s\u00e5g showen 2015) 3 (om du inte sett den f\u00f6rut) Kommer inte U2 till Sverige f\u00e5r vi komma till U2. Ifjol valde vi att se dom i Dublin och \u00e5r blev det Europa-premi\u00e4ren i Berlin. Det \u00e4r snyggt, det \u00e4r en ganska vuxen publik, men det \u00e4r [&hellip;]<\/p>\n","protected":false},"author":12,"featured_media":0,"comment_status":"open","ping_status":"open","sticky":false,"template":"","format":"standard","meta":{"_genesis_hide_title":false,"_genesis_hide_breadcrumbs":false,"_genesis_hide_singular_image":false,"_genesis_hide_footer_widgets":false,"_genesis_custom_body_class":"","_genesis_custom_post_class":"","_genesis_layout":"","footnotes":""},"categories":[7,16,13624],"tags":[],"class_list":{"0":"post-119788","1":"post","2":"type-post","3":"status-publish","4":"format-standard","6":"category-musik","7":"category-recension","8":"category-toppnytt","9":"entry"},"_links":{"self":[{"href":"https:\/\/kulturbloggen.com\/index.php?rest_route=\/wp\/v2\/posts\/119788","targetHints":{"allow":["GET"]}}],"collection":[{"href":"https:\/\/kulturbloggen.com\/index.php?rest_route=\/wp\/v2\/posts"}],"about":[{"href":"https:\/\/kulturbloggen.com\/index.php?rest_route=\/wp\/v2\/types\/post"}],"author":[{"embeddable":true,"href":"https:\/\/kulturbloggen.com\/index.php?rest_route=\/wp\/v2\/users\/12"}],"replies":[{"embeddable":true,"href":"https:\/\/kulturbloggen.com\/index.php?rest_route=%2Fwp%2Fv2%2Fcomments&post=119788"}],"version-history":[{"count":5,"href":"https:\/\/kulturbloggen.com\/index.php?rest_route=\/wp\/v2\/posts\/119788\/revisions"}],"predecessor-version":[{"id":119813,"href":"https:\/\/kulturbloggen.com\/index.php?rest_route=\/wp\/v2\/posts\/119788\/revisions\/119813"}],"wp:attachment":[{"href":"https:\/\/kulturbloggen.com\/index.php?rest_route=%2Fwp%2Fv2%2Fmedia&parent=119788"}],"wp:term":[{"taxonomy":"category","embeddable":true,"href":"https:\/\/kulturbloggen.com\/index.php?rest_route=%2Fwp%2Fv2%2Fcategories&post=119788"},{"taxonomy":"post_tag","embeddable":true,"href":"https:\/\/kulturbloggen.com\/index.php?rest_route=%2Fwp%2Fv2%2Ftags&post=119788"}],"curies":[{"name":"wp","href":"https:\/\/api.w.org\/{rel}","templated":true}]}}