{"id":119778,"date":"2018-08-31T12:26:41","date_gmt":"2018-08-31T11:26:41","guid":{"rendered":"https:\/\/kulturbloggen.com\/?p=119778"},"modified":"2018-08-31T12:26:41","modified_gmt":"2018-08-31T11:26:41","slug":"bildgalleri-thastrom-pa-grona-lund","status":"publish","type":"post","link":"https:\/\/kulturbloggen.com\/?p=119778","title":{"rendered":"Bildgalleri: Th\u00e5str\u00f6m p\u00e5 Gr\u00f6na Lund"},"content":{"rendered":"<p><img loading=\"lazy\" decoding=\"async\" src=\"https:\/\/kulturbloggen.com\/wp-content\/uploads\/2018\/08\/th\u00e5str\u00f6m-dewol-650-IMG_7523.jpg\" alt=\"\" width=\"650\" height=\"832\" class=\"aligncenter size-full wp-image-119780\" srcset=\"https:\/\/kulturbloggen.com\/wp-content\/uploads\/2018\/08\/th\u00e5str\u00f6m-dewol-650-IMG_7523.jpg 650w, https:\/\/kulturbloggen.com\/wp-content\/uploads\/2018\/08\/th\u00e5str\u00f6m-dewol-650-IMG_7523-234x300.jpg 234w\" sizes=\"auto, (max-width: 650px) 100vw, 650px\" \/><\/p>\n<p>Th\u00e5str\u00f6m p\u00e5 Gr\u00f6na Lund<br \/>\n30 augusti 2018<\/p>\n<p>Th\u00e5str\u00f6m, en av landets numera mest folkk\u00e4ra artister, gav en konsert f\u00f6r ett fullsmockat Gr\u00f6na Lund. Ikl\u00e4dd vit kostym och svart hatt bj\u00f6d han p\u00e5 b\u00e5de nya och gamla l\u00e5tar fr\u00e5n sin stora repertoar.<\/p>\n<p>Kortfakta fr\u00e5n wikipedia:<br \/>\nSven Joakim &#8221;Pimme&#8221; Eriksson Th\u00e5str\u00f6m, f\u00f6dd 20 mars 1957 i Vant\u00f6rs f\u00f6rsamling,\u00e4r en svensk s\u00e5ngare och l\u00e5tskrivare, k\u00e4nd f\u00f6r sin solokarri\u00e4r och som frontman i banden Ebba Gr\u00f6n, Imperiet och Peace, Love and Pitbulls. 1986 hade filmen Den frusna leoparden premi\u00e4r d\u00e4r Th\u00e5str\u00f6m spelade huvudrollen Kiljan. \u00c4ven Peter Stormare och Christian Falk hade framtr\u00e4dande roller i filmen.<\/p>\n<p>Foto: Desiree Woltze<\/p>\n<p><a href=\"https:\/\/4.bp.blogspot.com\/-HWyMYx2fCNw\/W4kldVMMOKI\/AAAAAAAAFBk\/TXbuoBC9p_ED0Jf5GpA4n6j87-jZigLqgCLcBGAs\/s1600\/tha%25CC%258Astro%25CC%2588m-dewol-650-IMG_7547.jpg\" imageanchor=\"1\" ><img decoding=\"async\" border=\"0\" src=\"https:\/\/4.bp.blogspot.com\/-HWyMYx2fCNw\/W4kldVMMOKI\/AAAAAAAAFBk\/TXbuoBC9p_ED0Jf5GpA4n6j87-jZigLqgCLcBGAs\/s1600\/tha%25CC%258Astro%25CC%2588m-dewol-650-IMG_7547.jpg\" data-original-width=\"650\" data-original-height=\"823\" \/><\/a><\/p>\n<p><a href=\"https:\/\/4.bp.blogspot.com\/-re7pD2L8OV4\/W4kldGkX7SI\/AAAAAAAAFBg\/IguaJtUuxG0tTk7wwWWLkGO-HeVT_TGawCLcBGAs\/s1600\/tha%25CC%258Astro%25CC%2588m-dewol-650-IMG_7567.jpg\" imageanchor=\"1\" ><img decoding=\"async\" border=\"0\" src=\"https:\/\/4.bp.blogspot.com\/-re7pD2L8OV4\/W4kldGkX7SI\/AAAAAAAAFBg\/IguaJtUuxG0tTk7wwWWLkGO-HeVT_TGawCLcBGAs\/s1600\/tha%25CC%258Astro%25CC%2588m-dewol-650-IMG_7567.jpg\" data-original-width=\"650\" data-original-height=\"376\" \/><\/a><\/p>\n<p><a href=\"https:\/\/4.bp.blogspot.com\/-VZtkim99a8U\/W4kldY1H5vI\/AAAAAAAAFBo\/0KyJjxKx-ig5zOL6K3jElA2x6eP38n0QQCLcBGAs\/s1600\/tha%25CC%258Astro%25CC%2588m-dewol-650-IMG_7597.jpg\" imageanchor=\"1\" ><img decoding=\"async\" border=\"0\" src=\"https:\/\/4.bp.blogspot.com\/-VZtkim99a8U\/W4kldY1H5vI\/AAAAAAAAFBo\/0KyJjxKx-ig5zOL6K3jElA2x6eP38n0QQCLcBGAs\/s1600\/tha%25CC%258Astro%25CC%2588m-dewol-650-IMG_7597.jpg\" data-original-width=\"650\" data-original-height=\"969\" \/><\/a><\/p>\n<p><a href=\"https:\/\/1.bp.blogspot.com\/-_JBBrg-lJ7c\/W4kldrh7Y5I\/AAAAAAAAFBs\/BMnrPggUFEYzyQhUum9tJZ0-bJgTVLFEwCLcBGAs\/s1600\/tha%25CC%258Astro%25CC%2588m-dewol-650-IMG_7725.jpg\" imageanchor=\"1\" ><img decoding=\"async\" border=\"0\" src=\"https:\/\/1.bp.blogspot.com\/-_JBBrg-lJ7c\/W4kldrh7Y5I\/AAAAAAAAFBs\/BMnrPggUFEYzyQhUum9tJZ0-bJgTVLFEwCLcBGAs\/s1600\/tha%25CC%258Astro%25CC%2588m-dewol-650-IMG_7725.jpg\" data-original-width=\"650\" data-original-height=\"433\" \/><\/a><\/p>\n<p><a href=\"https:\/\/3.bp.blogspot.com\/-SS1aahRJInY\/W4kldvbUpRI\/AAAAAAAAFBw\/emXNv9Ikf_4lrL_aDtFUavTsVlmTHqhDQCLcBGAs\/s1600\/tha%25CC%258Astro%25CC%2588m-dewol-650-IMG_7738.jpg\" imageanchor=\"1\" ><img decoding=\"async\" border=\"0\" src=\"https:\/\/3.bp.blogspot.com\/-SS1aahRJInY\/W4kldvbUpRI\/AAAAAAAAFBw\/emXNv9Ikf_4lrL_aDtFUavTsVlmTHqhDQCLcBGAs\/s1600\/tha%25CC%258Astro%25CC%2588m-dewol-650-IMG_7738.jpg\" data-original-width=\"650\" data-original-height=\"442\" \/><\/a><\/p>\n<p><a href=\"https:\/\/3.bp.blogspot.com\/-g-kDzlaLy2g\/W4kld-t-vpI\/AAAAAAAAFB0\/dexc2soVg6cA9ZYttRhpqSZ1XWdrWyk2QCLcBGAs\/s1600\/tha%25CC%258Astro%25CC%2588m-dewol-650-IMG_7752.jpg\" imageanchor=\"1\" ><img decoding=\"async\" border=\"0\" src=\"https:\/\/3.bp.blogspot.com\/-g-kDzlaLy2g\/W4kld-t-vpI\/AAAAAAAAFB0\/dexc2soVg6cA9ZYttRhpqSZ1XWdrWyk2QCLcBGAs\/s1600\/tha%25CC%258Astro%25CC%2588m-dewol-650-IMG_7752.jpg\" data-original-width=\"650\" data-original-height=\"449\" \/><\/a><\/p>\n<p><a href=\"https:\/\/4.bp.blogspot.com\/-QdpKk_5L6SA\/W4kleHbG_xI\/AAAAAAAAFB4\/wqiFsVq2y3UwKmjJHaHvy9Ksr_rpAoHJQCLcBGAs\/s1600\/tha%25CC%258Astro%25CC%2588m-dewol-650-IMG_7899.jpg\" imageanchor=\"1\" ><img decoding=\"async\" border=\"0\" src=\"https:\/\/4.bp.blogspot.com\/-QdpKk_5L6SA\/W4kleHbG_xI\/AAAAAAAAFB4\/wqiFsVq2y3UwKmjJHaHvy9Ksr_rpAoHJQCLcBGAs\/s1600\/tha%25CC%258Astro%25CC%2588m-dewol-650-IMG_7899.jpg\" data-original-width=\"650\" data-original-height=\"426\" \/><\/a><\/p>\n<p><a href=\"https:\/\/3.bp.blogspot.com\/-T2v1ewsJpj0\/W4kleRb4sVI\/AAAAAAAAFB8\/HWhS1TbALKoL4-uLozlQEKrAWc7_fufAACLcBGAs\/s1600\/tha%25CC%258Astro%25CC%2588m-dewol-650-IMG_8019.jpg\" imageanchor=\"1\" ><img decoding=\"async\" border=\"0\" src=\"https:\/\/3.bp.blogspot.com\/-T2v1ewsJpj0\/W4kleRb4sVI\/AAAAAAAAFB8\/HWhS1TbALKoL4-uLozlQEKrAWc7_fufAACLcBGAs\/s1600\/tha%25CC%258Astro%25CC%2588m-dewol-650-IMG_8019.jpg\" data-original-width=\"650\" data-original-height=\"415\" \/><\/a><\/p>\n","protected":false},"excerpt":{"rendered":"<p>Th\u00e5str\u00f6m p\u00e5 Gr\u00f6na Lund 30 augusti 2018 Th\u00e5str\u00f6m, en av landets numera mest folkk\u00e4ra artister, gav en konsert f\u00f6r ett fullsmockat Gr\u00f6na Lund. Ikl\u00e4dd vit kostym och svart hatt bj\u00f6d han p\u00e5 b\u00e5de nya och gamla l\u00e5tar fr\u00e5n sin stora repertoar. Kortfakta fr\u00e5n wikipedia: Sven Joakim &#8221;Pimme&#8221; Eriksson Th\u00e5str\u00f6m, f\u00f6dd 20 mars 1957 i Vant\u00f6rs [&hellip;]<\/p>\n","protected":false},"author":13,"featured_media":0,"comment_status":"open","ping_status":"open","sticky":false,"template":"","format":"standard","meta":{"_genesis_hide_title":false,"_genesis_hide_breadcrumbs":false,"_genesis_hide_singular_image":false,"_genesis_hide_footer_widgets":false,"_genesis_custom_body_class":"","_genesis_custom_post_class":"","_genesis_layout":"","footnotes":""},"categories":[7,13624],"tags":[2110,12282,4564,5850],"class_list":{"0":"post-119778","1":"post","2":"type-post","3":"status-publish","4":"format-standard","6":"category-musik","7":"category-toppnytt","8":"tag-grona-lund","9":"tag-musik","10":"tag-punk","11":"tag-thastrom","12":"entry"},"_links":{"self":[{"href":"https:\/\/kulturbloggen.com\/index.php?rest_route=\/wp\/v2\/posts\/119778","targetHints":{"allow":["GET"]}}],"collection":[{"href":"https:\/\/kulturbloggen.com\/index.php?rest_route=\/wp\/v2\/posts"}],"about":[{"href":"https:\/\/kulturbloggen.com\/index.php?rest_route=\/wp\/v2\/types\/post"}],"author":[{"embeddable":true,"href":"https:\/\/kulturbloggen.com\/index.php?rest_route=\/wp\/v2\/users\/13"}],"replies":[{"embeddable":true,"href":"https:\/\/kulturbloggen.com\/index.php?rest_route=%2Fwp%2Fv2%2Fcomments&post=119778"}],"version-history":[{"count":1,"href":"https:\/\/kulturbloggen.com\/index.php?rest_route=\/wp\/v2\/posts\/119778\/revisions"}],"predecessor-version":[{"id":119781,"href":"https:\/\/kulturbloggen.com\/index.php?rest_route=\/wp\/v2\/posts\/119778\/revisions\/119781"}],"wp:attachment":[{"href":"https:\/\/kulturbloggen.com\/index.php?rest_route=%2Fwp%2Fv2%2Fmedia&parent=119778"}],"wp:term":[{"taxonomy":"category","embeddable":true,"href":"https:\/\/kulturbloggen.com\/index.php?rest_route=%2Fwp%2Fv2%2Fcategories&post=119778"},{"taxonomy":"post_tag","embeddable":true,"href":"https:\/\/kulturbloggen.com\/index.php?rest_route=%2Fwp%2Fv2%2Ftags&post=119778"}],"curies":[{"name":"wp","href":"https:\/\/api.w.org\/{rel}","templated":true}]}}