{"id":11975,"date":"2009-08-24T10:19:59","date_gmt":"2009-08-24T08:19:59","guid":{"rendered":"http:\/\/kulturbloggen.com\/?p=11975"},"modified":"2009-08-24T10:19:59","modified_gmt":"2009-08-24T08:19:59","slug":"nypremiar-pa-boulevardteatern-for-jacques-brel","status":"publish","type":"post","link":"https:\/\/kulturbloggen.com\/?p=11975","title":{"rendered":"Nypremi\u00e4r p\u00e5 Boulevardteatern f\u00f6r Jacques Brel"},"content":{"rendered":"<p><img loading=\"lazy\" decoding=\"async\" src=\"http:\/\/sodergren.com\/kulturbloggen\/wp-content\/uploads\/2009\/08\/DSC_0073_15x21-214x300.jpg\" alt=\"DSC_0073_15x21\" title=\"DSC_0073_15x21\" width=\"214\" height=\"300\" class=\"aligncenter size-medium wp-image-11976\" \/><\/p>\n<p>1 oktober blir det nypremi\u00e4r p\u00e5 Boulevardteatern i Stockholm f\u00f6r Jacques Brel-f\u00f6rest\u00e4llningen Beredd.<\/p>\n<p>H\u00e4r utdrag ur pressutskick om detta:<\/p>\n<blockquote><p>En f\u00f6rest\u00e4llning om m\u00e4nniskans desperata behov och s\u00f6kande efter n\u00e4rhet och bekr\u00e4ftelse. om hennes of\u00f6rm\u00e5ga att stanna upp.<br \/>\n\u201dEn av \u00e5rets b\u00e4sta konserter.\u201d &#8211; Dagbladet<br \/>\n\u201dGenom Andreas Liljeholm rullas den Brelska tragiken upp, precis s\u00e5 osminkad som den ska vara. Man k\u00e4nner i kroppen hur futtigt livet ter sig f\u00f6r den som ser igenom l\u00f6gnen, inte orkar h\u00e5lla masken, inte klarar att l\u00e5ta sig kuvas.\u201d \u2013 Sundsvalls Tidning<\/p>\n<p>Sk\u00e5despelaren Andreas Liljeholm framf\u00f6r tillsammans med musiker f\u00f6rest\u00e4llningen BEREDD med musik\/text av Jacques Brel p\u00e5 Boulevardteaterns scen under sex oktoberkv\u00e4llar.<br \/>\nF\u00f6r f\u00f6rsta g\u00e5ngen upptr\u00e4der han med f\u00f6rest\u00e4llningen i Stockholm.<\/p><\/blockquote>\n<p>L\u00e4s \u00e4ven andra bloggares \u00e5sikter om <a href=\"http:\/\/bloggar.se\/om\/teater\" rel=\"tag\">teater<\/a>, <a href=\"http:\/\/bloggar.se\/om\/scen\" rel=\"tag\">scen<\/a>, <a href=\"http:\/\/bloggar.se\/om\/Stockholm\" rel=\"tag\">Stockholm<\/a>, <a href=\"http:\/\/bloggar.se\/om\/Boulevardteatern\" rel=\"tag\">Boulevardteatern<\/a>, <a href=\"http:\/\/bloggar.se\/om\/Jacques+Brel\" rel=\"tag\">Jacques Brel<\/a><\/p>\n","protected":false},"excerpt":{"rendered":"<p>1 oktober blir det nypremi\u00e4r p\u00e5 Boulevardteatern i Stockholm f\u00f6r Jacques Brel-f\u00f6rest\u00e4llningen Beredd. H\u00e4r utdrag ur pressutskick om detta: En f\u00f6rest\u00e4llning om m\u00e4nniskans desperata behov och s\u00f6kande efter n\u00e4rhet och bekr\u00e4ftelse. om hennes of\u00f6rm\u00e5ga att stanna upp. \u201dEn av \u00e5rets b\u00e4sta konserter.\u201d &#8211; Dagbladet \u201dGenom Andreas Liljeholm rullas den Brelska tragiken upp, precis s\u00e5 osminkad [&hellip;]<\/p>\n","protected":false},"author":13,"featured_media":0,"comment_status":"open","ping_status":"open","sticky":false,"template":"","format":"standard","meta":{"_genesis_hide_title":false,"_genesis_hide_breadcrumbs":false,"_genesis_hide_singular_image":false,"_genesis_hide_footer_widgets":false,"_genesis_custom_body_class":"","_genesis_custom_post_class":"","_genesis_layout":"","footnotes":""},"categories":[30],"tags":[12286,5400,12288],"class_list":{"0":"post-11975","1":"post","2":"type-post","3":"status-publish","4":"format-standard","6":"category-teater","7":"tag-film","8":"tag-stockholm","9":"tag-teater","10":"entry"},"_links":{"self":[{"href":"https:\/\/kulturbloggen.com\/index.php?rest_route=\/wp\/v2\/posts\/11975","targetHints":{"allow":["GET"]}}],"collection":[{"href":"https:\/\/kulturbloggen.com\/index.php?rest_route=\/wp\/v2\/posts"}],"about":[{"href":"https:\/\/kulturbloggen.com\/index.php?rest_route=\/wp\/v2\/types\/post"}],"author":[{"embeddable":true,"href":"https:\/\/kulturbloggen.com\/index.php?rest_route=\/wp\/v2\/users\/13"}],"replies":[{"embeddable":true,"href":"https:\/\/kulturbloggen.com\/index.php?rest_route=%2Fwp%2Fv2%2Fcomments&post=11975"}],"version-history":[{"count":0,"href":"https:\/\/kulturbloggen.com\/index.php?rest_route=\/wp\/v2\/posts\/11975\/revisions"}],"wp:attachment":[{"href":"https:\/\/kulturbloggen.com\/index.php?rest_route=%2Fwp%2Fv2%2Fmedia&parent=11975"}],"wp:term":[{"taxonomy":"category","embeddable":true,"href":"https:\/\/kulturbloggen.com\/index.php?rest_route=%2Fwp%2Fv2%2Fcategories&post=11975"},{"taxonomy":"post_tag","embeddable":true,"href":"https:\/\/kulturbloggen.com\/index.php?rest_route=%2Fwp%2Fv2%2Ftags&post=11975"}],"curies":[{"name":"wp","href":"https:\/\/api.w.org\/{rel}","templated":true}]}}