{"id":119573,"date":"2018-08-20T14:14:05","date_gmt":"2018-08-20T13:14:05","guid":{"rendered":"https:\/\/kulturbloggen.com\/?p=119573"},"modified":"2018-08-20T14:14:05","modified_gmt":"2018-08-20T13:14:05","slug":"musik-och-filmfestivalen-live-at-heart-i-orebro-har-lagt-till-ytterligare-59-akter","status":"publish","type":"post","link":"https:\/\/kulturbloggen.com\/?p=119573","title":{"rendered":"Musik-och filmfestivalen Live at Heart i \u00d6rebro har lagt till ytterligare 59 akter"},"content":{"rendered":"<figure id=\"attachment_119574\" aria-describedby=\"caption-attachment-119574\" style=\"width: 505px\" class=\"wp-caption aligncenter\"><img loading=\"lazy\" decoding=\"async\" src=\"https:\/\/kulturbloggen.com\/wp-content\/uploads\/2018\/08\/unnamed-2-1.jpg\" alt=\"\" width=\"505\" height=\"337\" class=\"size-full wp-image-119574\" srcset=\"https:\/\/kulturbloggen.com\/wp-content\/uploads\/2018\/08\/unnamed-2-1.jpg 505w, https:\/\/kulturbloggen.com\/wp-content\/uploads\/2018\/08\/unnamed-2-1-300x200.jpg 300w\" sizes=\"auto, (max-width: 505px) 100vw, 505px\" \/><figcaption id=\"caption-attachment-119574\" class=\"wp-caption-text\">Fr\u00e4nder kommer till Live at Heart<\/figcaption><\/figure>\n<p>Musik-och filmfestivalen Live at Heart i \u00d6rebro har lagt till ytterligare 59 akter till ett redan brett startf\u00e4lt. Festivalen forts\u00e4tter med den internationella inriktningen och det nya sl\u00e4ppet finns artister fr\u00e5n Senegal, Portugal, Spanien, Italien, Tyskland, Ukraina, Polen och Kanada.<\/p>\n<p>Ett pressmeddelande:<br \/>\n&#8211; N\u00e5gra potentiell snackisar i dagens sl\u00e4pp skulle vara Agata Karczewska fr\u00e5n Polen, The Wack MC\u2019s fr\u00e5n Kanada som har haft otroligt roliga l\u00e5tar och videoh\u00e4lsningar i sociala medier. Fearless har byggt sina egna instrument av grepar och h\u00f6gafflar och spelar Hillbilly-metal. Fr\u00e4nder \u00e4r ett svenskt band som spelar folkmusik och \u00e4r redan bokade v\u00e4rlden \u00f6ver. Omiri fr\u00e5n Portugal som spelar till live-projektioner hittade vi i Portugal under Westway Lab och dom var helt fantastiska. Vi har som sagt en m\u00e4ngd artister av h\u00f6g kvalit\u00e9, och det kommer att komma fler. Med ett hektiskt festivalprogram s\u00e5 \u00e4r det ocks\u00e5 kul att ber\u00e4tta att vi i \u00e5r ger m\u00e5nga akter flera spelningar s\u00e5 att publiken f\u00e5r en chans att planera in att ser flera nya artister utan att oroa sig \u00f6ver krockar i schemat. S\u00e4ger Peter \u00c5stedt, sammankallande f\u00f6r bokningsgruppen p\u00e5 Live at Heart.<\/p>\n<p>&#8211; F\u00f6rutom mycket internationell musik s\u00e5 vi vill dessutom fokusera p\u00e5 lokala artister fr\u00e5n \u00d6rebro-omr\u00e5det. Vi hoppas att musiklivet som finns h\u00e4r kan hitta bra n\u00e4tverksm\u00f6jligheter med festivalens utl\u00e4ndska artister. Avslutar Peter \u00c5stedt.<\/p>\n<p>Lokala \u00d6rebro-akter i dagens sl\u00e4pp \u00e4r: Punsch, Thyselius, Mohlavyr, Katarina Josephsson Trio, Pura Vida, Joakim Arenius &#038; Praise Unit, Tommy Tapper Kvartett, Meadow Creek, Sisters in Arms.<\/p>\n<p>Fullst\u00e4ndig lista \u00f6ver nya sl\u00e4ppet:<br \/>\nBleeGijoe (Sengal)<\/p>\n<p>Ermo (Portugal)<\/p>\n<p>\u00c5rets Ninja (Sverige)<\/p>\n<p>Bara Jonson and Free (Sverige)<\/p>\n<p>Whippoorwill (Sverige)<\/p>\n<p>Chainwreck (Sverige)<\/p>\n<p>Anna-Sofia Monroy (Sverige)<\/p>\n<p>The Wack MC&#8217;s (Kanada)<\/p>\n<p>Kielley Koyote (Kanada)<\/p>\n<p>Erika &#038; Sofia (Sverige)<\/p>\n<p>Punsch (Sverige)<\/p>\n<p>Orbit Culture (Sverige)<\/p>\n<p>Skullrdain (Sverige)<\/p>\n<p>danmarck (Sverige)<\/p>\n<p>Karpov (Sverige)<\/p>\n<p>Gunner &#038; Smith (Kanada)<\/p>\n<p>Andrew Cassara (Kanada)<\/p>\n<p>Viktor Olsson (Sverige)<\/p>\n<p>Fearless (Sverige)<\/p>\n<p>Thyselius (Sverige)<\/p>\n<p>Ludwig Hart (Sverige)<\/p>\n<p>Two Camels and the River (Sverige)<\/p>\n<p>Fr\u00e4nder (Sverige)<\/p>\n<p>Niklas Jeng (Sverige)<\/p>\n<p>Selina Boland (Kanada)<\/p>\n<p>Waterfront Fire (Kanada)<\/p>\n<p>Miss Winter (Sverige)<\/p>\n<p>Yeyo (Ukraina)<\/p>\n<p>Dyess (Sverige)<\/p>\n<p>Agata Karczewska (Polen)<\/p>\n<p>Victoria Voss (Sverige)<\/p>\n<p>Arat (Sverige)<\/p>\n<p>Mohlavyr (Sverige)<\/p>\n<p>The Lovers of Valdaro (Sverige)<\/p>\n<p>Lovis (Sverige)<\/p>\n<p>Gabriella Lamond (Sverige)<\/p>\n<p>Elsa Henretta (Sverige)<\/p>\n<p>Rivertown Blues (Sverige)<\/p>\n<p>Det \u00e4r k\u00e4rlek (Sverige)<\/p>\n<p>Pura Vida (Sverige)<\/p>\n<p>Katarina Josephsson Trio (Sverige)<\/p>\n<p>The Prussians (Spanien)<\/p>\n<p>Andre Pettipas and the giants (Kanada)<\/p>\n<p>I&#8217;m not a blonde (Italien)<\/p>\n<p>Joakim Arenius &#038; Praise Unit (Sverige)<\/p>\n<p>Marie Chain (Tyskland)<\/p>\n<p>Tommy Tapper Kvartett (Sverige)<\/p>\n<p>Joakim Ehn (Sverige)<\/p>\n<p>Adam Giles Levy (Sverige)<\/p>\n<p>Dan Millson (Spanien)<\/p>\n<p>Meadow Creek (Sverige)<\/p>\n<p>Omiri (Portugal)<\/p>\n<p>Clara Klingenstr\u00f6m (Sverige)<\/p>\n<p>Ida Gratte (Sverige)<\/p>\n<p>Maran (Sverige)<\/p>\n<p>Jordana Talsky (Kanada)<\/p>\n<p>Loving Emebers (Sverige)<\/p>\n<p>Olivia Junholm (Sverige)<\/p>\n<p>Sisters in arms (Sverige)<\/p>\n","protected":false},"excerpt":{"rendered":"<p>Musik-och filmfestivalen Live at Heart i \u00d6rebro har lagt till ytterligare 59 akter till ett redan brett startf\u00e4lt. Festivalen forts\u00e4tter med den internationella inriktningen och det nya sl\u00e4ppet finns artister fr\u00e5n Senegal, Portugal, Spanien, Italien, Tyskland, Ukraina, Polen och Kanada. Ett pressmeddelande: &#8211; N\u00e5gra potentiell snackisar i dagens sl\u00e4pp skulle vara Agata Karczewska fr\u00e5n Polen, [&hellip;]<\/p>\n","protected":false},"author":13,"featured_media":0,"comment_status":"open","ping_status":"open","sticky":false,"template":"","format":"standard","meta":{"_genesis_hide_title":false,"_genesis_hide_breadcrumbs":false,"_genesis_hide_singular_image":false,"_genesis_hide_footer_widgets":false,"_genesis_custom_body_class":"","_genesis_custom_post_class":"","_genesis_layout":"","footnotes":""},"categories":[7,13624],"tags":[3844,6539],"class_list":{"0":"post-119573","1":"post","2":"type-post","3":"status-publish","4":"format-standard","6":"category-musik","7":"category-toppnytt","8":"tag-musikfestival","9":"tag-orebro","10":"entry"},"_links":{"self":[{"href":"https:\/\/kulturbloggen.com\/index.php?rest_route=\/wp\/v2\/posts\/119573","targetHints":{"allow":["GET"]}}],"collection":[{"href":"https:\/\/kulturbloggen.com\/index.php?rest_route=\/wp\/v2\/posts"}],"about":[{"href":"https:\/\/kulturbloggen.com\/index.php?rest_route=\/wp\/v2\/types\/post"}],"author":[{"embeddable":true,"href":"https:\/\/kulturbloggen.com\/index.php?rest_route=\/wp\/v2\/users\/13"}],"replies":[{"embeddable":true,"href":"https:\/\/kulturbloggen.com\/index.php?rest_route=%2Fwp%2Fv2%2Fcomments&post=119573"}],"version-history":[{"count":1,"href":"https:\/\/kulturbloggen.com\/index.php?rest_route=\/wp\/v2\/posts\/119573\/revisions"}],"predecessor-version":[{"id":119575,"href":"https:\/\/kulturbloggen.com\/index.php?rest_route=\/wp\/v2\/posts\/119573\/revisions\/119575"}],"wp:attachment":[{"href":"https:\/\/kulturbloggen.com\/index.php?rest_route=%2Fwp%2Fv2%2Fmedia&parent=119573"}],"wp:term":[{"taxonomy":"category","embeddable":true,"href":"https:\/\/kulturbloggen.com\/index.php?rest_route=%2Fwp%2Fv2%2Fcategories&post=119573"},{"taxonomy":"post_tag","embeddable":true,"href":"https:\/\/kulturbloggen.com\/index.php?rest_route=%2Fwp%2Fv2%2Ftags&post=119573"}],"curies":[{"name":"wp","href":"https:\/\/api.w.org\/{rel}","templated":true}]}}