{"id":119471,"date":"2018-08-15T21:33:47","date_gmt":"2018-08-15T20:33:47","guid":{"rendered":"https:\/\/kulturbloggen.com\/?p=119471"},"modified":"2018-08-16T07:55:52","modified_gmt":"2018-08-16T06:55:52","slug":"grant-pa-tradgarden-ett-vasen-som-blommar-ut","status":"publish","type":"post","link":"https:\/\/kulturbloggen.com\/?p=119471","title":{"rendered":"Grant p\u00e5 Tr\u00e4dg\u00e5rden &#8211; Ett v\u00e4sen som blommar ut"},"content":{"rendered":"<p><a href=\"https:\/\/kulturbloggen.com\/wp-content\/uploads\/2018\/08\/grant5.jpg\"><img loading=\"lazy\" decoding=\"async\" class=\"alignnone size-large wp-image-119476\" src=\"https:\/\/kulturbloggen.com\/wp-content\/uploads\/2018\/08\/grant5.jpg\" alt=\"\" width=\"600\" height=\"900\" srcset=\"https:\/\/kulturbloggen.com\/wp-content\/uploads\/2018\/08\/grant5.jpg 600w, https:\/\/kulturbloggen.com\/wp-content\/uploads\/2018\/08\/grant5-200x300.jpg 200w\" sizes=\"auto, (max-width: 600px) 100vw, 600px\" \/><\/a><\/p>\n<p>Grant p\u00e5 Tr\u00e4dg\u00e5rden Stockholm<br \/>\n15 augusti 2018<br \/>\nBetyg 4<\/p>\n<p>Grant &#8211; Caroline Cederl\u00f6f &#8211; kliver in p\u00e5 scenen p\u00e5 Tr\u00e4dg\u00e5rden, och \u00e4ger hela scenen. Ja, hon \u00e4r bara helt magisk, sjunger, viskar och ryter som ett skogsv\u00e4sen. H\u00e4nderna r\u00f6r mycket p\u00e5 sig, f\u00f6r att ge mer r\u00f6relse och mystik \u00e5r musiken. Hon bara \u00e4r, och s\u00e5 j\u00e4kla bra. Hon \u00e4r ett skogsv\u00e4sen, som verkligen blommat ut.<\/p>\n<p>R\u00f6sten, den d\u00e4r r\u00f6sten \u00e4r bra. Ska jag j\u00e4mf\u00f6ra henne med n\u00e5gon svensk artist, s\u00e5 \u00e4r det Miss Li. Det \u00e4r pop, med influenser av s\u00e5 m\u00e5nga andra stilar. Det \u00e4r bra och jag blir euforisk. Det \u00e4r stora k\u00e4nslor som skapas av musiken. Grant kommer snart att vara f\u00f6r stor f\u00f6r Tr\u00e4dg\u00e5rden. Hon \u00e4r spikrakt p\u00e5 v\u00e4g mot mycket st\u00f6rre scener. En resa jag med gl\u00e4dje kommer att f\u00f6lja.\u00a0<a href=\"https:\/\/kulturbloggen.com\/wp-content\/uploads\/2018\/08\/grant1.jpg\"><img loading=\"lazy\" decoding=\"async\" class=\"alignnone size-full wp-image-119472\" src=\"https:\/\/kulturbloggen.com\/wp-content\/uploads\/2018\/08\/grant1.jpg\" alt=\"\" width=\"600\" height=\"450\" srcset=\"https:\/\/kulturbloggen.com\/wp-content\/uploads\/2018\/08\/grant1.jpg 600w, https:\/\/kulturbloggen.com\/wp-content\/uploads\/2018\/08\/grant1-300x225.jpg 300w\" sizes=\"auto, (max-width: 600px) 100vw, 600px\" \/><\/a> <a href=\"https:\/\/kulturbloggen.com\/wp-content\/uploads\/2018\/08\/grant2.jpg\"><img loading=\"lazy\" decoding=\"async\" class=\"alignnone size-large wp-image-119473\" src=\"https:\/\/kulturbloggen.com\/wp-content\/uploads\/2018\/08\/grant2.jpg\" alt=\"\" width=\"600\" height=\"400\" srcset=\"https:\/\/kulturbloggen.com\/wp-content\/uploads\/2018\/08\/grant2.jpg 600w, https:\/\/kulturbloggen.com\/wp-content\/uploads\/2018\/08\/grant2-300x200.jpg 300w\" sizes=\"auto, (max-width: 600px) 100vw, 600px\" \/><\/a> <a href=\"https:\/\/kulturbloggen.com\/wp-content\/uploads\/2018\/08\/grant3.jpg\"><img loading=\"lazy\" decoding=\"async\" class=\"alignnone size-large wp-image-119474\" src=\"https:\/\/kulturbloggen.com\/wp-content\/uploads\/2018\/08\/grant3.jpg\" alt=\"\" width=\"600\" height=\"400\" srcset=\"https:\/\/kulturbloggen.com\/wp-content\/uploads\/2018\/08\/grant3.jpg 600w, https:\/\/kulturbloggen.com\/wp-content\/uploads\/2018\/08\/grant3-300x200.jpg 300w\" sizes=\"auto, (max-width: 600px) 100vw, 600px\" \/><\/a> <a href=\"https:\/\/kulturbloggen.com\/wp-content\/uploads\/2018\/08\/grant4.jpg\"><img loading=\"lazy\" decoding=\"async\" class=\"alignnone size-large wp-image-119475\" src=\"https:\/\/kulturbloggen.com\/wp-content\/uploads\/2018\/08\/grant4.jpg\" alt=\"\" width=\"600\" height=\"400\" srcset=\"https:\/\/kulturbloggen.com\/wp-content\/uploads\/2018\/08\/grant4.jpg 600w, https:\/\/kulturbloggen.com\/wp-content\/uploads\/2018\/08\/grant4-300x200.jpg 300w\" sizes=\"auto, (max-width: 600px) 100vw, 600px\" \/><\/a> <a href=\"https:\/\/kulturbloggen.com\/wp-content\/uploads\/2018\/08\/grant6.jpg\"><img loading=\"lazy\" decoding=\"async\" class=\"alignnone size-large wp-image-119477\" src=\"https:\/\/kulturbloggen.com\/wp-content\/uploads\/2018\/08\/grant6.jpg\" alt=\"\" width=\"600\" height=\"400\" srcset=\"https:\/\/kulturbloggen.com\/wp-content\/uploads\/2018\/08\/grant6.jpg 600w, https:\/\/kulturbloggen.com\/wp-content\/uploads\/2018\/08\/grant6-300x200.jpg 300w\" sizes=\"auto, (max-width: 600px) 100vw, 600px\" \/><\/a><\/p>\n","protected":false},"excerpt":{"rendered":"<p>Grant p\u00e5 Tr\u00e4dg\u00e5rden Stockholm 15 augusti 2018 Betyg 4 Grant &#8211; Caroline Cederl\u00f6f &#8211; kliver in p\u00e5 scenen p\u00e5 Tr\u00e4dg\u00e5rden, och \u00e4ger hela scenen. Ja, hon \u00e4r bara helt magisk, sjunger, viskar och ryter som ett skogsv\u00e4sen. H\u00e4nderna r\u00f6r mycket p\u00e5 sig, f\u00f6r att ge mer r\u00f6relse och mystik \u00e5r musiken. Hon bara \u00e4r, och [&hellip;]<\/p>\n","protected":false},"author":12,"featured_media":0,"comment_status":"open","ping_status":"open","sticky":false,"template":"","format":"standard","meta":{"_genesis_hide_title":false,"_genesis_hide_breadcrumbs":false,"_genesis_hide_singular_image":false,"_genesis_hide_footer_widgets":false,"_genesis_custom_body_class":"","_genesis_custom_post_class":"","_genesis_layout":"","footnotes":""},"categories":[7,16,13624],"tags":[],"class_list":{"0":"post-119471","1":"post","2":"type-post","3":"status-publish","4":"format-standard","6":"category-musik","7":"category-recension","8":"category-toppnytt","9":"entry"},"_links":{"self":[{"href":"https:\/\/kulturbloggen.com\/index.php?rest_route=\/wp\/v2\/posts\/119471","targetHints":{"allow":["GET"]}}],"collection":[{"href":"https:\/\/kulturbloggen.com\/index.php?rest_route=\/wp\/v2\/posts"}],"about":[{"href":"https:\/\/kulturbloggen.com\/index.php?rest_route=\/wp\/v2\/types\/post"}],"author":[{"embeddable":true,"href":"https:\/\/kulturbloggen.com\/index.php?rest_route=\/wp\/v2\/users\/12"}],"replies":[{"embeddable":true,"href":"https:\/\/kulturbloggen.com\/index.php?rest_route=%2Fwp%2Fv2%2Fcomments&post=119471"}],"version-history":[{"count":2,"href":"https:\/\/kulturbloggen.com\/index.php?rest_route=\/wp\/v2\/posts\/119471\/revisions"}],"predecessor-version":[{"id":119484,"href":"https:\/\/kulturbloggen.com\/index.php?rest_route=\/wp\/v2\/posts\/119471\/revisions\/119484"}],"wp:attachment":[{"href":"https:\/\/kulturbloggen.com\/index.php?rest_route=%2Fwp%2Fv2%2Fmedia&parent=119471"}],"wp:term":[{"taxonomy":"category","embeddable":true,"href":"https:\/\/kulturbloggen.com\/index.php?rest_route=%2Fwp%2Fv2%2Fcategories&post=119471"},{"taxonomy":"post_tag","embeddable":true,"href":"https:\/\/kulturbloggen.com\/index.php?rest_route=%2Fwp%2Fv2%2Ftags&post=119471"}],"curies":[{"name":"wp","href":"https:\/\/api.w.org\/{rel}","templated":true}]}}