{"id":119336,"date":"2018-08-11T01:42:27","date_gmt":"2018-08-11T00:42:27","guid":{"rendered":"https:\/\/kulturbloggen.com\/?p=119336"},"modified":"2018-08-12T11:18:42","modified_gmt":"2018-08-12T10:18:42","slug":"way-our-west-fever-ray-sterila-beats-vacker-mest-beundran","status":"publish","type":"post","link":"https:\/\/kulturbloggen.com\/?p=119336","title":{"rendered":"Way Out West: Fever Ray &#8211; Sterila beats v\u00e4cker mest beundran"},"content":{"rendered":"<p><a href=\"https:\/\/kulturbloggen.com\/wp-content\/uploads\/2018\/08\/38859535_2306467289380190_5006517826463203328_n.jpg\"><img loading=\"lazy\" decoding=\"async\" class=\"alignnone wp-image-119337 size-medium\" src=\"https:\/\/kulturbloggen.com\/wp-content\/uploads\/2018\/08\/38859535_2306467289380190_5006517826463203328_n-200x300.jpg\" alt=\"\" width=\"200\" height=\"300\" srcset=\"https:\/\/kulturbloggen.com\/wp-content\/uploads\/2018\/08\/38859535_2306467289380190_5006517826463203328_n-200x300.jpg 200w, https:\/\/kulturbloggen.com\/wp-content\/uploads\/2018\/08\/38859535_2306467289380190_5006517826463203328_n.jpg 640w\" sizes=\"auto, (max-width: 200px) 100vw, 200px\" \/>Peter Birgerstam<\/a><\/p>\n<p><strong>Fever Ray p\u00e5 Way Out West<\/strong><br \/>\n10 augusti 2018<br \/>\n<strong>Betyg 4<\/strong><\/p>\n<p>I fjol sl\u00e4pptes full\u00e4ngdaren <em>Plunge<\/em>, uppf\u00f6ljaren till debuten. Det resulterade i pris, nomineringar och lovord i utl\u00e4ndsk media. Baserat p\u00e5 vad jag h\u00f6rde live p\u00e5 WOW, k\u00e4nns utm\u00e4rkelsen \u00c5rets dans p\u00e5 P3 Guld, inte alls klockren. Som helhet g\u00f6r Karin Dreijer, k\u00e4nslokall, kalkylerad, elektronisk konstmusik med h\u00e5rda beats i sin bottensats. Bara n\u00e5gon enstaka g\u00e5ng som det sv\u00e4nger.\u00a0 <em>Mama\u00b4s Hand <\/em>blir ett s\u00e5dant s\u00e4llsynt undantag. Annars \u00e4r det ont om floorfillers. Har inte f\u00f6ljt hennes framg\u00e5ngsrika karri\u00e4r, som kunnat breddas i och med att\u00a0 musiken anv\u00e4nts som soundtrack\u00a0 Senast jag s\u00e5g Dreijer\u00a0 var det i The Knife under G\u00f6teborgs Kulturkalas, d\u00e5 hon ju delade scen med sin bror.<\/p>\n<p>Fever Ray live \u00e4r ett helkvinnligt projekt, en sextett som tar mycket kostym, mask och smink i anspr\u00e5k. De jobbar mycket med det visuella,\u00a0 entr\u00e9n g\u00f6rs som om det vore\u00a0 catwalk. Genomt\u00e4nkt koreografi inramar projektet.\u00a0 I utg\u00e5ngsl\u00e4get \u00e4r scenen m\u00f6rklagd, vilket g\u00f6r att spotlights effektfullt kan laborera med ljus och skuggor.\u00a0 Jobbas effektfullt med laser, neon, stroboskopljus och sm\u00e5tt bisarra kroppsstorlekar.\u00a0 Geometriska st\u00e5lkonstruktioner finns med i deras metalliska vinkel. Soundet emanerar fr\u00e5n dels syntar\/ datorer, dels slagverk i form av timpani(?) med tillbeh\u00f6r. I ett moment plockar den sjungande trion fram gitarrer (en h\u00f6jdpunkt i konserten) och en g\u00e5ng bryter ett dragspel av i det elektroniskt basdr\u00e4nkta landskapet. Mitt i utbryter ett stick p\u00e5 slagverk, en uppfriskande mini-tornado. Virvelstormen skapar f\u00f6r ovanlighets skull ett groove. Slagverkarna \u00e4r definitivt mycket duktiga, beh\u00e4rskar sitt hantverk.<\/p>\n<p><a href=\"https:\/\/kulturbloggen.com\/wp-content\/uploads\/2018\/08\/38933086_1920165128276259_5605530472785379328_n.jpg\"><img loading=\"lazy\" decoding=\"async\" class=\"alignnone size-full wp-image-119339\" src=\"https:\/\/kulturbloggen.com\/wp-content\/uploads\/2018\/08\/38933086_1920165128276259_5605530472785379328_n.jpg\" alt=\"\" width=\"258\" height=\"172\" \/><\/a>Peter Birgerstam<\/p>\n<p>Soundet \u00e4r likartat uppbyggt hela v\u00e4gen, med vibrerande blytung bas, fast skiftningar i tempo och instrumentering f\u00f6rekommer. Sj\u00e4lvfallet sjungs alla texter p\u00e5 engelska med emfas, eftersom\u00a0 Dreijer \u00e4r en globalt inriktad artist. 43-\u00e5ringen verkar vara extremt\u00a0 konsekvent i sitt progressiva t\u00e4nkande.\u00a0 F\u00f6r ett otr\u00e4nat \u00f6ra m\u00e4rks ingen skillnad\u00a0 j\u00e4mf\u00f6rt med\u00a0 The Knife, kanske \u00e4r skillnaden subtil ocks\u00e5 f\u00f6r k\u00e4nnare.\u00a0 Man avrundar<\/p>\n<p>Som antytts \u00e4r musiken f\u00f6r kylig f\u00f6r att tr\u00e4nga innanf\u00f6r huden. S\u00e5 det finns risk f\u00f6r att dessa h\u00e5rdsl\u00e5ende, elektroniska beats kommer f\u00f6rsvinna f\u00f6r mig.\u00a0 Dock, anser jag att kvinnorna med projektledaren Karin Dreijer i spetsen befinner sig p\u00e5 en s\u00e5dan sj\u00e4lvst\u00e4ndig h\u00f6g niv\u00e5, att jag efter viss tvekan utdelar ovanst\u00e5ende\u00a0 omd\u00f6me. Som v\u00e4ntat inga introduktioner eller presentationer av medverkande, n\u00e5gra &#8221;tack&#8221; \u00e4r enda ord som mumlas fram.<\/p>\n<p>WOW dag 2: Ett tunt program, men turligt nog drabbades inte arrang\u00f6rerna av stormen i den utstr\u00e4ckning man kunde befara.\u00a0 Tr\u00e4ffade vid matintag en kollega, blev ett l\u00e4ngre samtal, sedan piggade vi upp oss med\u00a0 M.I.A, vars \u00f6vertygande rapp hon kryddar med bhangra. Sn\u00f6pligt nog fick jag bara lyssnat p\u00e5 sista l\u00e5ten n\u00e4r Courtney Marie Andrews spelade extrainsatt p\u00e5 Pustervik. Ville f\u00f6rst hinna med att f\u00e5 en glimt av omsusade Kendrick Lamar.<\/p>\n<p><a href=\"https:\/\/kulturbloggen.com\/wp-content\/uploads\/2018\/08\/38890132_506750139784409_2985265157078253568_n.jpg\"><img loading=\"lazy\" decoding=\"async\" class=\"alignnone wp-image-119340 size-medium\" src=\"https:\/\/kulturbloggen.com\/wp-content\/uploads\/2018\/08\/38890132_506750139784409_2985265157078253568_n-200x300.jpg\" alt=\"\" width=\"200\" height=\"300\" srcset=\"https:\/\/kulturbloggen.com\/wp-content\/uploads\/2018\/08\/38890132_506750139784409_2985265157078253568_n-200x300.jpg 200w, https:\/\/kulturbloggen.com\/wp-content\/uploads\/2018\/08\/38890132_506750139784409_2985265157078253568_n.jpg 640w\" sizes=\"auto, (max-width: 200px) 100vw, 200px\" \/>Peter Birgerstam<\/a><\/p>\n<p>&nbsp;<\/p>\n","protected":false},"excerpt":{"rendered":"<p>Peter Birgerstam Fever Ray p\u00e5 Way Out West 10 augusti 2018 Betyg 4 I fjol sl\u00e4pptes full\u00e4ngdaren Plunge, uppf\u00f6ljaren till debuten. Det resulterade i pris, nomineringar och lovord i utl\u00e4ndsk media. Baserat p\u00e5 vad jag h\u00f6rde live p\u00e5 WOW, k\u00e4nns utm\u00e4rkelsen \u00c5rets dans p\u00e5 P3 Guld, inte alls klockren. Som helhet g\u00f6r Karin Dreijer, k\u00e4nslokall, [&hellip;]<\/p>\n","protected":false},"author":34,"featured_media":0,"comment_status":"open","ping_status":"open","sticky":false,"template":"","format":"standard","meta":{"_genesis_hide_title":false,"_genesis_hide_breadcrumbs":false,"_genesis_hide_singular_image":false,"_genesis_hide_footer_widgets":false,"_genesis_custom_body_class":"","_genesis_custom_post_class":"","_genesis_layout":"","footnotes":""},"categories":[7,16,13624],"tags":[],"class_list":{"0":"post-119336","1":"post","2":"type-post","3":"status-publish","4":"format-standard","6":"category-musik","7":"category-recension","8":"category-toppnytt","9":"entry"},"_links":{"self":[{"href":"https:\/\/kulturbloggen.com\/index.php?rest_route=\/wp\/v2\/posts\/119336","targetHints":{"allow":["GET"]}}],"collection":[{"href":"https:\/\/kulturbloggen.com\/index.php?rest_route=\/wp\/v2\/posts"}],"about":[{"href":"https:\/\/kulturbloggen.com\/index.php?rest_route=\/wp\/v2\/types\/post"}],"author":[{"embeddable":true,"href":"https:\/\/kulturbloggen.com\/index.php?rest_route=\/wp\/v2\/users\/34"}],"replies":[{"embeddable":true,"href":"https:\/\/kulturbloggen.com\/index.php?rest_route=%2Fwp%2Fv2%2Fcomments&post=119336"}],"version-history":[{"count":11,"href":"https:\/\/kulturbloggen.com\/index.php?rest_route=\/wp\/v2\/posts\/119336\/revisions"}],"predecessor-version":[{"id":119397,"href":"https:\/\/kulturbloggen.com\/index.php?rest_route=\/wp\/v2\/posts\/119336\/revisions\/119397"}],"wp:attachment":[{"href":"https:\/\/kulturbloggen.com\/index.php?rest_route=%2Fwp%2Fv2%2Fmedia&parent=119336"}],"wp:term":[{"taxonomy":"category","embeddable":true,"href":"https:\/\/kulturbloggen.com\/index.php?rest_route=%2Fwp%2Fv2%2Fcategories&post=119336"},{"taxonomy":"post_tag","embeddable":true,"href":"https:\/\/kulturbloggen.com\/index.php?rest_route=%2Fwp%2Fv2%2Ftags&post=119336"}],"curies":[{"name":"wp","href":"https:\/\/api.w.org\/{rel}","templated":true}]}}