{"id":119110,"date":"2018-08-01T15:10:35","date_gmt":"2018-08-01T14:10:35","guid":{"rendered":"https:\/\/kulturbloggen.com\/?p=119110"},"modified":"2018-08-02T15:15:36","modified_gmt":"2018-08-02T14:15:36","slug":"bildgalleri","status":"publish","type":"post","link":"https:\/\/kulturbloggen.com\/?p=119110","title":{"rendered":"Bildgalleri: Lissie p\u00e5 Gr\u00f6na Lund"},"content":{"rendered":"<p><a href=\"https:\/\/2.bp.blogspot.com\/-Zr5Q-aKDadw\/W2MRcKXxeGI\/AAAAAAAAEnM\/bjfPeG_RRXMbe1xPqgepoYdxaa4gUSZMQCLcBGAs\/s1600\/lissie%2B%25289%2529.jpg\" imageanchor=\"1\" ><img loading=\"lazy\" decoding=\"async\" border=\"0\" src=\"https:\/\/2.bp.blogspot.com\/-Zr5Q-aKDadw\/W2MRcKXxeGI\/AAAAAAAAEnM\/bjfPeG_RRXMbe1xPqgepoYdxaa4gUSZMQCLcBGAs\/s640\/lissie%2B%25289%2529.jpg\" width=\"640\" height=\"408\" data-original-width=\"1600\" data-original-height=\"1019\" \/><\/a><\/p>\n<p>Amerikanska Lisse intog Gr\u00f6na Lunds lilla scen m\u00e5ndagen den 30 juli i Stockholm. Hennes debut Ep kom redan 2009 och hon har sedan dess sl\u00e4ppt 4st album som kl\u00e4ttrat och blivit hyllade bland kritiker. Hennes l\u00e5tar och hon sj\u00e4lv(!) har varit med i David Lynch hyllade tv-serie Twin Peaks, och flera av hennes l\u00e5ter har \u00e4ven kunnat h\u00f6ras i b\u00e5de Veronica Mars och The O.C. <\/p>\n<p>Foto: Calle Andersson<\/p>\n<p><a href=\"https:\/\/3.bp.blogspot.com\/-1fT5oW_LiLQ\/W2MRsapIRTI\/AAAAAAAAEnU\/9jDgdB444xoJpY_mXbjhGmRz5bXbpLJHwCLcBGAs\/s1600\/lissie%2B%25281%2529.jpg\" imageanchor=\"1\" ><img loading=\"lazy\" decoding=\"async\" border=\"0\" src=\"https:\/\/3.bp.blogspot.com\/-1fT5oW_LiLQ\/W2MRsapIRTI\/AAAAAAAAEnU\/9jDgdB444xoJpY_mXbjhGmRz5bXbpLJHwCLcBGAs\/s640\/lissie%2B%25281%2529.jpg\" width=\"640\" height=\"427\" data-original-width=\"1600\" data-original-height=\"1067\" \/><\/a><\/p>\n<p><a href=\"https:\/\/1.bp.blogspot.com\/-pIlKhE_wET4\/W2MRsT-miSI\/AAAAAAAAEnc\/-WTYgLobPzsDr-io7wsyzuMlu_O88hTkwCLcBGAs\/s1600\/lissie%2B%25282%2529.jpg\" imageanchor=\"1\" ><img loading=\"lazy\" decoding=\"async\" border=\"0\" src=\"https:\/\/1.bp.blogspot.com\/-pIlKhE_wET4\/W2MRsT-miSI\/AAAAAAAAEnc\/-WTYgLobPzsDr-io7wsyzuMlu_O88hTkwCLcBGAs\/s640\/lissie%2B%25282%2529.jpg\" width=\"640\" height=\"406\" data-original-width=\"1600\" data-original-height=\"1016\" \/><\/a><\/p>\n<p><a href=\"https:\/\/3.bp.blogspot.com\/-1z65ZoyqJ_4\/W2MRsSwbTlI\/AAAAAAAAEnY\/A31StiujYlEUMixGRxacFjoSLHa51xh3gCLcBGAs\/s1600\/lissie%2B%25283%2529.jpg\" imageanchor=\"1\" ><img loading=\"lazy\" decoding=\"async\" border=\"0\" src=\"https:\/\/3.bp.blogspot.com\/-1z65ZoyqJ_4\/W2MRsSwbTlI\/AAAAAAAAEnY\/A31StiujYlEUMixGRxacFjoSLHa51xh3gCLcBGAs\/s640\/lissie%2B%25283%2529.jpg\" width=\"640\" height=\"427\" data-original-width=\"1600\" data-original-height=\"1067\" \/><\/a><\/p>\n<p><a href=\"https:\/\/1.bp.blogspot.com\/-BNnv9XWPyOE\/W2MRtBZYq0I\/AAAAAAAAEng\/E1KJrvT-O7c7x9Tnl6er1wEGlrG13im6wCLcBGAs\/s1600\/lissie%2B%25284%2529.jpg\" imageanchor=\"1\" ><img loading=\"lazy\" decoding=\"async\" border=\"0\" src=\"https:\/\/1.bp.blogspot.com\/-BNnv9XWPyOE\/W2MRtBZYq0I\/AAAAAAAAEng\/E1KJrvT-O7c7x9Tnl6er1wEGlrG13im6wCLcBGAs\/s640\/lissie%2B%25284%2529.jpg\" width=\"640\" height=\"427\" data-original-width=\"1600\" data-original-height=\"1067\" \/><\/a><\/p>\n<p><a href=\"https:\/\/2.bp.blogspot.com\/-LOkX7trs4gw\/W2MRtq9LFPI\/AAAAAAAAEno\/7q009R4bZvo-rpegP8dAkZgd2vY1htfxACLcBGAs\/s1600\/lissie%2B%25285%2529.jpg\" imageanchor=\"1\" ><img loading=\"lazy\" decoding=\"async\" border=\"0\" src=\"https:\/\/2.bp.blogspot.com\/-LOkX7trs4gw\/W2MRtq9LFPI\/AAAAAAAAEno\/7q009R4bZvo-rpegP8dAkZgd2vY1htfxACLcBGAs\/s640\/lissie%2B%25285%2529.jpg\" width=\"640\" height=\"427\" data-original-width=\"1600\" data-original-height=\"1067\" \/><\/a><\/p>\n<p><a href=\"https:\/\/4.bp.blogspot.com\/-mwY0pv5_iZc\/W2MRtoL7oLI\/AAAAAAAAEnk\/SSelVVX_J2oKuZeB_S6vBpQr8ddTilxuwCLcBGAs\/s1600\/lissie%2B%25286%2529.jpg\" imageanchor=\"1\" ><img loading=\"lazy\" decoding=\"async\" border=\"0\" src=\"https:\/\/4.bp.blogspot.com\/-mwY0pv5_iZc\/W2MRtoL7oLI\/AAAAAAAAEnk\/SSelVVX_J2oKuZeB_S6vBpQr8ddTilxuwCLcBGAs\/s640\/lissie%2B%25286%2529.jpg\" width=\"463\" height=\"640\" data-original-width=\"1158\" data-original-height=\"1600\" \/><\/a><\/p>\n<p><a href=\"https:\/\/2.bp.blogspot.com\/-H-nj6OUHdew\/W2MRtkzzdTI\/AAAAAAAAEns\/qXbHkkxLRUcmfqq1kcPeJMY1nFRg-3pfACLcBGAs\/s1600\/lissie%2B%25287%2529.jpg\" imageanchor=\"1\" ><img loading=\"lazy\" decoding=\"async\" border=\"0\" src=\"https:\/\/2.bp.blogspot.com\/-H-nj6OUHdew\/W2MRtkzzdTI\/AAAAAAAAEns\/qXbHkkxLRUcmfqq1kcPeJMY1nFRg-3pfACLcBGAs\/s640\/lissie%2B%25287%2529.jpg\" width=\"478\" height=\"640\" data-original-width=\"1195\" data-original-height=\"1600\" \/><\/a><\/p>\n<p><a href=\"https:\/\/1.bp.blogspot.com\/--GetJTDCVf4\/W2MRuoC49GI\/AAAAAAAAEnw\/I40klXQZOhQUcvnNKH6rAAgmZm_ZKgREgCLcBGAs\/s1600\/lissie%2B%25288%2529.jpg\" imageanchor=\"1\" ><img loading=\"lazy\" decoding=\"async\" border=\"0\" src=\"https:\/\/1.bp.blogspot.com\/--GetJTDCVf4\/W2MRuoC49GI\/AAAAAAAAEnw\/I40klXQZOhQUcvnNKH6rAAgmZm_ZKgREgCLcBGAs\/s640\/lissie%2B%25288%2529.jpg\" width=\"640\" height=\"402\" data-original-width=\"1600\" data-original-height=\"1005\" \/><\/a><\/p>\n","protected":false},"excerpt":{"rendered":"<p>Amerikanska Lisse intog Gr\u00f6na Lunds lilla scen m\u00e5ndagen den 30 juli i Stockholm. Hennes debut Ep kom redan 2009 och hon har sedan dess sl\u00e4ppt 4st album som kl\u00e4ttrat och blivit hyllade bland kritiker. Hennes l\u00e5tar och hon sj\u00e4lv(!) har varit med i David Lynch hyllade tv-serie Twin Peaks, och flera av hennes l\u00e5ter har [&hellip;]<\/p>\n","protected":false},"author":13,"featured_media":0,"comment_status":"open","ping_status":"open","sticky":false,"template":"","format":"standard","meta":{"_genesis_hide_title":false,"_genesis_hide_breadcrumbs":false,"_genesis_hide_singular_image":false,"_genesis_hide_footer_widgets":false,"_genesis_custom_body_class":"","_genesis_custom_post_class":"","_genesis_layout":"","footnotes":""},"categories":[7,13624],"tags":[2110,12282],"class_list":{"0":"post-119110","1":"post","2":"type-post","3":"status-publish","4":"format-standard","6":"category-musik","7":"category-toppnytt","8":"tag-grona-lund","9":"tag-musik","10":"entry"},"_links":{"self":[{"href":"https:\/\/kulturbloggen.com\/index.php?rest_route=\/wp\/v2\/posts\/119110","targetHints":{"allow":["GET"]}}],"collection":[{"href":"https:\/\/kulturbloggen.com\/index.php?rest_route=\/wp\/v2\/posts"}],"about":[{"href":"https:\/\/kulturbloggen.com\/index.php?rest_route=\/wp\/v2\/types\/post"}],"author":[{"embeddable":true,"href":"https:\/\/kulturbloggen.com\/index.php?rest_route=\/wp\/v2\/users\/13"}],"replies":[{"embeddable":true,"href":"https:\/\/kulturbloggen.com\/index.php?rest_route=%2Fwp%2Fv2%2Fcomments&post=119110"}],"version-history":[{"count":2,"href":"https:\/\/kulturbloggen.com\/index.php?rest_route=\/wp\/v2\/posts\/119110\/revisions"}],"predecessor-version":[{"id":119120,"href":"https:\/\/kulturbloggen.com\/index.php?rest_route=\/wp\/v2\/posts\/119110\/revisions\/119120"}],"wp:attachment":[{"href":"https:\/\/kulturbloggen.com\/index.php?rest_route=%2Fwp%2Fv2%2Fmedia&parent=119110"}],"wp:term":[{"taxonomy":"category","embeddable":true,"href":"https:\/\/kulturbloggen.com\/index.php?rest_route=%2Fwp%2Fv2%2Fcategories&post=119110"},{"taxonomy":"post_tag","embeddable":true,"href":"https:\/\/kulturbloggen.com\/index.php?rest_route=%2Fwp%2Fv2%2Ftags&post=119110"}],"curies":[{"name":"wp","href":"https:\/\/api.w.org\/{rel}","templated":true}]}}