{"id":118953,"date":"2018-07-17T14:30:00","date_gmt":"2018-07-17T13:30:00","guid":{"rendered":"https:\/\/kulturbloggen.com\/?p=118953"},"modified":"2018-07-17T14:30:00","modified_gmt":"2018-07-17T13:30:00","slug":"bokrecension-annars-skjuter-jagaren-mig-av-nele-neuhaus","status":"publish","type":"post","link":"https:\/\/kulturbloggen.com\/?p=118953","title":{"rendered":"Bokrecension: Annars skjuter j\u00e4garen mig av Nele Neuhaus"},"content":{"rendered":"<p><img loading=\"lazy\" decoding=\"async\" src=\"https:\/\/kulturbloggen.com\/wp-content\/uploads\/2018\/07\/annarsskjuterjagarenmig.jpg\" alt=\"\" width=\"201\" height=\"317\" class=\"aligncenter size-full wp-image-118955\" srcset=\"https:\/\/kulturbloggen.com\/wp-content\/uploads\/2018\/07\/annarsskjuterjagarenmig.jpg 201w, https:\/\/kulturbloggen.com\/wp-content\/uploads\/2018\/07\/annarsskjuterjagarenmig-190x300.jpg 190w\" sizes=\"auto, (max-width: 201px) 100vw, 201px\" \/><\/p>\n<p><a href=\"https:\/\/www.adlibris.com\/se\/bok\/annars-skjuter-jagaren-mig-9789100175870\">Annars skjuter j\u00e4garen mig<\/a><br \/>\nF\u00f6rfattare: <a href=\"https:\/\/www.bokus.com\/bok\/9789100175870\/annars-skjuter-jagaren-mig\/\">Nele Neuhaus<\/a><br \/>\nUtgiven: 2018-06<br \/>\n\u00d6vers\u00e4ttare: Christine Bredenkamp<br \/>\nISBN: 9789100175870<br \/>\nF\u00f6rlag: <a href=\"https:\/\/www.albertbonniersforlag.se\/Bocker\/skonlitteratur-allmant\/a\/annars-skjuter-jagaren-mig\/\">Albert Bonniers F\u00f6rlag<\/a><br \/>\nSerie: Bodenstein &#038; Kirchhoff (del 6)<\/p>\n<p>Annars skjuter j\u00e4garen mig av den tyska deckarf\u00f6rfattaren Nele Nauhaus \u00e4r en hygglig deckare, lite extra svalka och sp\u00e4nning kan den ge denna sommaren 2018 d\u00e5 svensk sommar sl\u00e5r v\u00e4rmerekord. Handlingen utspelar sig n\u00e4mligen vintertid, kring jul och ny\u00e5r 2012-2013.<\/p>\n<p>Deckaren \u00e4r den sj\u00e4tte i serien om de tv\u00e5 poliserna Pia Kirchhoff och hennes chef Oliver von Bodenstein. Det g\u00e5r, som med m\u00e5nga deckare, alldeles utm\u00e4rkt att l\u00e4sa den utan att ha l\u00e4st de tidigare i serien. Deckarhistorien st\u00e5r f\u00f6r sig sj\u00e4lv och de tv\u00e5 huvudkarakt\u00e4rernas k\u00e4rleksliv och familjerelationer redog\u00f6rs det tydligt f\u00f6r.<\/p>\n<p>Handlingen utspelar sig i Frankfurt, i Tyskland. Pia Kirchhoff har precis gift sig i hemlighet med Christoph och hon ska strax packa f\u00f6r deras br\u00f6llopsresa d\u00e5 hennes chef ringer och fr\u00e5gar om hon kan komma in och hj\u00e4lpa till n\u00e5gra timmar, ett mord har intr\u00e4ffat. En \u00e4ldre kvinna har blivit skjuten n\u00e4r hon var ute med sin hund. I b\u00f6rjan tolkar poliserna mordet som slumpm\u00e4ssigt. Den skjutna kvinnan var p\u00e5 fel plats vid fel tidpunkt. Men n\u00e4r ett nytt mord intr\u00e4ffar strax d\u00e4rp\u00e5: en kvinna skjuts genom sitt k\u00f6ksf\u00f6nster, med samma typ av gev\u00e4r med samma typ av kulor, b\u00f6rjar poliserna misst\u00e4nka att det inte \u00e4r slumpm\u00e4ssiga offer. Snart dyker det ocks\u00e5 upp d\u00f6ds-annonser f\u00f6r de tv\u00e5 kvinnorna, helt uppenbart skrivna av m\u00f6rdaren och d\u00e5 blir det tydligt att morden har med h\u00e4mnd att g\u00f6ra. Tv\u00e5 omtyckta \u00e4ldre kvinnor som inte hade n\u00e5gra ov\u00e4nner: varf\u00f6r blev de m\u00f6rdade?<\/p>\n<p>Morden blir fler. M\u00f6rdaren har en lista \u00f6ver vilka som ska m\u00f6rdas och de tv\u00e5 poliserna och deras kollegor b\u00f6rja nysta i en riktig skandal kring tysk sjukv\u00e5rd, forskning och transplantationskirurgi. Det \u00e4r intressant, skr\u00e4mmande och sp\u00e4nnande. N\u00e5gra kapitel in i boken blir deckaren precis s\u00e5dan jag vill att en deckare ska vara: den greppar tag i mig och jag kan inte sluta l\u00e4sa.<\/p>\n<p><figure id=\"attachment_118959\" aria-describedby=\"caption-attachment-118959\" style=\"width: 280px\" class=\"wp-caption alignright\"><img loading=\"lazy\" decoding=\"async\" src=\"https:\/\/kulturbloggen.com\/wp-content\/uploads\/2018\/07\/nelenauhaus.jpg\" alt=\"\" width=\"280\" height=\"419\" class=\"size-full wp-image-118959\" srcset=\"https:\/\/kulturbloggen.com\/wp-content\/uploads\/2018\/07\/nelenauhaus.jpg 280w, https:\/\/kulturbloggen.com\/wp-content\/uploads\/2018\/07\/nelenauhaus-200x300.jpg 200w\" sizes=\"auto, (max-width: 280px) 100vw, 280px\" \/><figcaption id=\"caption-attachment-118959\" class=\"wp-caption-text\">Foto: Gaby Gerster<\/figcaption><\/figure>F\u00f6rfattaren Nele Nauhaus som \u00e4r f\u00f6dd 1967 i tyska M\u00fcnster \u00e4r av av Europas f\u00f6rsta och st\u00f6rsta sj\u00e4lvpublicerings-succ\u00e9er. Sina f\u00f6rsta tre romaner gav ut ut sj\u00e4lv, p\u00e5 eget f\u00f6rlag. Hennes framg\u00e5ngar gjorde att bokf\u00f6rlaget Ullstein lade m\u00e4rke till henne och skrev kontrakt med henne. I Sverige blev hon utgiven med kriminalromanen Sn\u00f6vit ska d\u00f6. Hennes b\u00f6cker har s\u00e5lt i fem miljoner b\u00f6cker i Tyskland och hon ges ut i 25 l\u00e4nder. Liksom Pia Kirchhoff, den ena huvudpersonen i deckaren, bor Nele Nauhaus lantligt utanf\u00f6r Frankfurt tillsammans med sin man och hundar och h\u00e4star.<\/p>\n<p>Jag gillar b\u00f6cker och kultur \u00f6verhuvudtaget som inte skriver ut allt, som l\u00e4mnar en del \u00e5t mig att k\u00e4nna, t\u00e4nka, lista ut, f\u00f6rst\u00e5 och tolka. D\u00e4r f\u00e5r denna deckare minuspo\u00e4ng. Den \u00e4r emellan\u00e5t lite f\u00f6r \u00f6vertydlig. Jag kan ocks\u00e5 reta mig p\u00e5 kommentarer som verkar vara f\u00f6rfattarens f\u00f6rdomar, d\u00e4r hon kan beskriva en l\u00e4genhet stramt g\u00e5r i gr\u00e5tt, vitt och svart och kommentera att det \u00e4r tydligt att den inte haft en kvinnas hand vid inredning och m\u00f6blering. <\/p>\n<p>Pia liksom Oliver och flera andra av ber\u00e4ttelsens karakt\u00e4rer har problem med att f\u00e5 balans mellan jobb\/karri\u00e4r och privatliv\/familj. De fungerar mycket p\u00e5 situationen men kan inte l\u00e5ta bli att jobba och jobba och jobba. Mellan raderna skiner det fram en inst\u00e4llning hos f\u00f6rfattaren att m\u00e4nniskor som satsar p\u00e5 sin familj \u00e4r lite klokare, kanske till och med mer humana. Det finns en del s\u00e5dant som st\u00f6r mig i boken, men den har flyt i spr\u00e5ket och f\u00e5ngar mitt intresse. Den st\u00e4ller en viktig fr\u00e5ga om moral kring vem som har r\u00e4tt att ta n\u00e5gons liv. Den g\u00f6r m\u00f6rdaren begriplig \u00e4ven om hen inte f\u00e5r min medk\u00e4nsla, m\u00f6rdaren \u00e4r f\u00f6r utstuderad. Det hade varit intressant om m\u00f6rdaren blivit lite mer sympatiskt skildrad, eftersom det m\u00f6rdaren varit med om \u00e4r en stor tragedi. <\/p>\n","protected":false},"excerpt":{"rendered":"<p>Annars skjuter j\u00e4garen mig F\u00f6rfattare: Nele Neuhaus Utgiven: 2018-06 \u00d6vers\u00e4ttare: Christine Bredenkamp ISBN: 9789100175870 F\u00f6rlag: Albert Bonniers F\u00f6rlag Serie: Bodenstein &#038; Kirchhoff (del 6) Annars skjuter j\u00e4garen mig av den tyska deckarf\u00f6rfattaren Nele Nauhaus \u00e4r en hygglig deckare, lite extra svalka och sp\u00e4nning kan den ge denna sommaren 2018 d\u00e5 svensk sommar sl\u00e5r v\u00e4rmerekord. Handlingen [&hellip;]<\/p>\n","protected":false},"author":2,"featured_media":0,"comment_status":"open","ping_status":"open","sticky":false,"template":"","format":"standard","meta":{"_genesis_hide_title":false,"_genesis_hide_breadcrumbs":false,"_genesis_hide_singular_image":false,"_genesis_hide_footer_widgets":false,"_genesis_custom_body_class":"","_genesis_custom_post_class":"","_genesis_layout":"","footnotes":""},"categories":[43,3,16,13624],"tags":[788,1197,12285,6051],"class_list":{"0":"post-118953","1":"post","2":"type-post","3":"status-publish","4":"format-standard","6":"category-bokrecension","7":"category-litteratur","8":"category-recension","9":"category-toppnytt","10":"tag-bokrecension-2","11":"tag-deckare","12":"tag-recension","13":"tag-tyskland","14":"entry"},"_links":{"self":[{"href":"https:\/\/kulturbloggen.com\/index.php?rest_route=\/wp\/v2\/posts\/118953","targetHints":{"allow":["GET"]}}],"collection":[{"href":"https:\/\/kulturbloggen.com\/index.php?rest_route=\/wp\/v2\/posts"}],"about":[{"href":"https:\/\/kulturbloggen.com\/index.php?rest_route=\/wp\/v2\/types\/post"}],"author":[{"embeddable":true,"href":"https:\/\/kulturbloggen.com\/index.php?rest_route=\/wp\/v2\/users\/2"}],"replies":[{"embeddable":true,"href":"https:\/\/kulturbloggen.com\/index.php?rest_route=%2Fwp%2Fv2%2Fcomments&post=118953"}],"version-history":[{"count":5,"href":"https:\/\/kulturbloggen.com\/index.php?rest_route=\/wp\/v2\/posts\/118953\/revisions"}],"predecessor-version":[{"id":118960,"href":"https:\/\/kulturbloggen.com\/index.php?rest_route=\/wp\/v2\/posts\/118953\/revisions\/118960"}],"wp:attachment":[{"href":"https:\/\/kulturbloggen.com\/index.php?rest_route=%2Fwp%2Fv2%2Fmedia&parent=118953"}],"wp:term":[{"taxonomy":"category","embeddable":true,"href":"https:\/\/kulturbloggen.com\/index.php?rest_route=%2Fwp%2Fv2%2Fcategories&post=118953"},{"taxonomy":"post_tag","embeddable":true,"href":"https:\/\/kulturbloggen.com\/index.php?rest_route=%2Fwp%2Fv2%2Ftags&post=118953"}],"curies":[{"name":"wp","href":"https:\/\/api.w.org\/{rel}","templated":true}]}}