{"id":118812,"date":"2018-07-01T19:08:27","date_gmt":"2018-07-01T18:08:27","guid":{"rendered":"https:\/\/kulturbloggen.com\/?p=118812"},"modified":"2018-07-01T19:08:27","modified_gmt":"2018-07-01T18:08:27","slug":"lyssna-anna-the-sea-out-of-the-blue","status":"publish","type":"post","link":"https:\/\/kulturbloggen.com\/?p=118812","title":{"rendered":"Lyssna: Anna &#038; The Sea &#8211; Out Of The Blue"},"content":{"rendered":"<p><img loading=\"lazy\" decoding=\"async\" src=\"https:\/\/kulturbloggen.com\/wp-content\/uploads\/2018\/07\/unnamed-5-300x203.jpg\" alt=\"\" width=\"300\" height=\"203\" class=\"aligncenter size-medium wp-image-118817\" srcset=\"https:\/\/kulturbloggen.com\/wp-content\/uploads\/2018\/07\/unnamed-5-300x203.jpg 300w, https:\/\/kulturbloggen.com\/wp-content\/uploads\/2018\/07\/unnamed-5-768x520.jpg 768w, https:\/\/kulturbloggen.com\/wp-content\/uploads\/2018\/07\/unnamed-5-1024x694.jpg 1024w, https:\/\/kulturbloggen.com\/wp-content\/uploads\/2018\/07\/unnamed-5.jpg 1160w\" sizes=\"auto, (max-width: 300px) 100vw, 300px\" \/><\/p>\n<p>Anna &#038; The Sea har sl\u00e4ppt EP:n Out Of The Blue.<\/p>\n<p>Ett pressmail ber\u00e4ttar:<br \/>\nL\u00e5tarna \u00e4r skrivna och producerade av Anna sj\u00e4lv och inspelade tillsammans med en rad k\u00e4nda namn inom den svenska musikscenen som bl.a. Peter Mor\u00e9n fr\u00e5n Peter Bjorn and John, trummisen Ola Hultgren (Ane Brun, Veronica Maggio), Nils Berg (H\u00e5kan Hellstr\u00f6m) och Fredrik Hermansson (Ane Brun) p\u00e5 orgel och piano och Hanna Ekstr\u00f6m &#038; Anna Dager (Sthlm Strings).<\/p>\n<p> \u201cJag har alltid skrivit egna l\u00e5tar men det var mest f\u00f6r mig sj\u00e4lv. Hade n\u00e5gon sagt till mig f\u00f6r ett \u00e5r sedan att v\u00e5ren 2018 kommer du sl\u00e4ppa tv\u00e5 EP-skivor och samarbeta med n\u00e5gra av Sveriges b\u00e4sta musiker, hade jag inte trott att det var sant! D\u00e4rf\u00f6r valde jag titeln Out Of The Blue, d\u00e5 detta projekt kom till lite av en slump, men ocks\u00e5 f\u00f6r att fira att jag \u00e4ntligen vunnit kampen mot det bl\u00e5.\u201d<\/p>\n<p>Resultatet av dem b\u00e5da \u00e4r indiepop &#8211; rytmiskt, komplext och dr\u00f6mlikt p\u00e5 en och samma g\u00e5ng med en avskalad men storslagen produktion som ger plats \u00e5t Annas s\u00e4regna r\u00f6st som f\u00e5tt liknelser med Lana Del Rey och Kate Bush.<\/p>\n<p> Anna ber\u00e4ttar om sp\u00e5ren p\u00e5 Out Of The Blue:<br \/>\n \u201cL\u00e4ngtan efter bekr\u00e4ftelse och att bli \u00e4lskad \u00e4r centralt i sp\u00e5ret Love Hangover. Hur l\u00e5ngt du \u00e4r beredd att g\u00e5 f\u00f6r att att f\u00e5 det? Den skulle kunna misstas f\u00f6r en klassisk k\u00e4rleksl\u00e5t men handlar i verkligheten om olika typer av beroenden och destruktiva beteenden som missbruk eller att stanna kvar i osunda maktf\u00f6rh\u00e5llanden.\u201d<\/p>\n<p>\u201cRails On The Water handlar om att leva i ett distansf\u00f6rh\u00e5llande och om vikten att forts\u00e4tta skapa fina minnen f\u00f6r varandra. F\u00f6r n\u00e4r man slutar minnas, slutar man \u00e4ven att verkligen leva.\u201d<br \/>\n\u201cSarah \u00e4r en l\u00e5t fylld av kontraster: musik i dur &#8211; text i moll. S\u00f6tvatten m\u00f6ter saltvatten. Att befinna sig p\u00e5 en trygg plats som \u00e4r m\u00f6rk och kall eller i ett paradis som f\u00f6rvandlas till ett helvete. Glittrande gitarrer som lyfter dig och mjukt pitchade pukor som vill kommunicera \u00f6ver l\u00e5nga distanser men som inte n\u00e5r fram i tid.\u201c<\/p>\n<p>Anna kommer ursprungligen fr\u00e5n det lilla samh\u00e4llet F\u00e5gelsta i \u00d6sterg\u00f6tland men flyttade tidigt till Stockholm och involverade sig inom musikscenen som s\u00e5ngerska och bakgrundss\u00e5ngerska i olika band, som ljudtekniker, programledare i radio, musikjournalist och DJ. I hemlighet har hon arbetat med sitt eget material, f\u00f6r vad som k\u00e4nns som en evighet, men det var aldrig r\u00e4tt plats eller tid f\u00f6r att s\u00e4tta ihop allt, tills nu.<\/p>\n<p><iframe loading=\"lazy\" src=\"https:\/\/open.spotify.com\/embed\/album\/41APGoFFd7jxv3U3xKPVSw\" width=\"300\" height=\"380\" frameborder=\"0\" allowtransparency=\"true\"><\/iframe><\/p>\n","protected":false},"excerpt":{"rendered":"<p>Anna &#038; The Sea har sl\u00e4ppt EP:n Out Of The Blue. Ett pressmail ber\u00e4ttar: L\u00e5tarna \u00e4r skrivna och producerade av Anna sj\u00e4lv och inspelade tillsammans med en rad k\u00e4nda namn inom den svenska musikscenen som bl.a. Peter Mor\u00e9n fr\u00e5n Peter Bjorn and John, trummisen Ola Hultgren (Ane Brun, Veronica Maggio), Nils Berg (H\u00e5kan Hellstr\u00f6m) och [&hellip;]<\/p>\n","protected":false},"author":13,"featured_media":0,"comment_status":"open","ping_status":"open","sticky":false,"template":"","format":"standard","meta":{"_genesis_hide_title":false,"_genesis_hide_breadcrumbs":false,"_genesis_hide_singular_image":false,"_genesis_hide_footer_widgets":false,"_genesis_custom_body_class":"","_genesis_custom_post_class":"","_genesis_layout":"","footnotes":""},"categories":[7,13624],"tags":[12282,13718],"class_list":{"0":"post-118812","1":"post","2":"type-post","3":"status-publish","4":"format-standard","6":"category-musik","7":"category-toppnytt","8":"tag-musik","9":"tag-spotiify","10":"entry"},"_links":{"self":[{"href":"https:\/\/kulturbloggen.com\/index.php?rest_route=\/wp\/v2\/posts\/118812","targetHints":{"allow":["GET"]}}],"collection":[{"href":"https:\/\/kulturbloggen.com\/index.php?rest_route=\/wp\/v2\/posts"}],"about":[{"href":"https:\/\/kulturbloggen.com\/index.php?rest_route=\/wp\/v2\/types\/post"}],"author":[{"embeddable":true,"href":"https:\/\/kulturbloggen.com\/index.php?rest_route=\/wp\/v2\/users\/13"}],"replies":[{"embeddable":true,"href":"https:\/\/kulturbloggen.com\/index.php?rest_route=%2Fwp%2Fv2%2Fcomments&post=118812"}],"version-history":[{"count":2,"href":"https:\/\/kulturbloggen.com\/index.php?rest_route=\/wp\/v2\/posts\/118812\/revisions"}],"predecessor-version":[{"id":118818,"href":"https:\/\/kulturbloggen.com\/index.php?rest_route=\/wp\/v2\/posts\/118812\/revisions\/118818"}],"wp:attachment":[{"href":"https:\/\/kulturbloggen.com\/index.php?rest_route=%2Fwp%2Fv2%2Fmedia&parent=118812"}],"wp:term":[{"taxonomy":"category","embeddable":true,"href":"https:\/\/kulturbloggen.com\/index.php?rest_route=%2Fwp%2Fv2%2Fcategories&post=118812"},{"taxonomy":"post_tag","embeddable":true,"href":"https:\/\/kulturbloggen.com\/index.php?rest_route=%2Fwp%2Fv2%2Ftags&post=118812"}],"curies":[{"name":"wp","href":"https:\/\/api.w.org\/{rel}","templated":true}]}}