{"id":118794,"date":"2018-06-29T12:25:06","date_gmt":"2018-06-29T11:25:06","guid":{"rendered":"https:\/\/kulturbloggen.com\/?p=118794"},"modified":"2018-06-29T12:25:06","modified_gmt":"2018-06-29T11:25:06","slug":"ar-man-omtyckt-har-man-misslyckats-i-sitt-ambete","status":"publish","type":"post","link":"https:\/\/kulturbloggen.com\/?p=118794","title":{"rendered":"&#8221;\u00c4r man omtyckt har man misslyckats i sitt \u00e4mbete&#8221;"},"content":{"rendered":"<p>S\u00e5 l\u00e4r d\u00e5varande borgm\u00e4stare i Ronneby Blasius K\u00f6nig ha uttryckt sig p\u00e5 sin tid 1678. Ett uttalande fr\u00e5n en ledande politiker som idag s\u00e4kert hade f\u00e5tt ett och annat \u00f6gonbryn att h\u00f6jas, men som f\u00f6r tiden f\u00f6r h\u00e4ndelserna som \u00e5rets stadsvandring i Ronneby utspelar sig i, i slutet p\u00e5 1600-talet, inte var s\u00e4rdeles uppseendev\u00e4ckande. Ty det handlade i grunden om makt och grymhet.<\/p>\n<figure id=\"attachment_118795\" aria-describedby=\"caption-attachment-118795\" style=\"width: 225px\" class=\"wp-caption alignright\"><a href=\"https:\/\/kulturbloggen.com\/wp-content\/uploads\/2018\/06\/20180627_190444-e1530267702722.jpg\"><img loading=\"lazy\" decoding=\"async\" class=\"size-medium wp-image-118795\" src=\"https:\/\/kulturbloggen.com\/wp-content\/uploads\/2018\/06\/20180627_190444-e1530267702722-225x300.jpg\" alt=\"\" width=\"225\" height=\"300\" srcset=\"https:\/\/kulturbloggen.com\/wp-content\/uploads\/2018\/06\/20180627_190444-e1530267702722-225x300.jpg 225w, https:\/\/kulturbloggen.com\/wp-content\/uploads\/2018\/06\/20180627_190444-e1530267702722-768x1024.jpg 768w\" sizes=\"auto, (max-width: 225px) 100vw, 225px\" \/><\/a><figcaption id=\"caption-attachment-118795\" class=\"wp-caption-text\">(Samling utanf\u00f6r Massmanska kvarnen, Ronneby kring 1675) foto: Martin Moberg<\/figcaption><\/figure>\n<p>Allt detta sker i en tid n\u00e4r s\u00e5lunda det politiska ledarskapet l\u00e5g l\u00e5ngt ifr\u00e5n dagens sociala medier likeinriktade dito och n\u00e4r dessutom Sverige och Danmark krigade om herrav\u00e4ldet \u00f6ver Sk\u00e5ne, Blekinge och Halland. Drygt 50 personer varav undertecknad samlades i onsdags kv\u00e4ll p\u00e5 Ronneby torg, d\u00e4r guiden Anders Johnson fr\u00e5n Ronneby Folkteater med engagerad st\u00e4mma inledde med tidsramarna f\u00f6r stadsvandringen.<\/p>\n<p>En vandring l\u00e4ngs Ronnebys gator och gr\u00e4nder, som kom att kretsa kring en h\u00e4xprocess i Ronneby (den enda i sitt slag), med tv\u00e5 till h\u00e4xeri d\u00f6mda kvinnor. F\u00f6r n\u00e4r stadsvandrarna v\u00e4l n\u00e5r Heliga Kors kyrka s\u00e5 kommer de f\u00f6rbi, med vakter runt om sig p\u00e5 v\u00e4g till f\u00e4ngsligt f\u00f6rvar innan avr\u00e4ttningen ska utf\u00f6ras. Och det skvaller detta f\u00f6r med sig p\u00e5 kyrkbacken&#8230;.<\/p>\n<p>Det \u00e4r en sp\u00e4nnande ber\u00e4ttelse som vi fick ta del av och vara en del utav ty handlingen utspelar sig mycket n\u00e4ra publiken &#8211; med kvinnorna i centrum, fr\u00e5n de v\u00e4lbest\u00e4llda till de fattiga. Vad ska nu h\u00e4nda med Ronneby n\u00e4r svenskarna nu tar \u00f6ver och bl a anl\u00e4gger Karlskrona \u00f6ster om Ronneby. Sk\u00e5despelare ur Ronneby Folkteater gestaltar p\u00e5 ett bra och engagerande s\u00e4tt ber\u00e4ttelser i tidsenliga kostymer ngt som g\u00f6r historien levande igen.<\/p>\n<figure id=\"attachment_118799\" aria-describedby=\"caption-attachment-118799\" style=\"width: 225px\" class=\"wp-caption alignleft\"><a href=\"https:\/\/kulturbloggen.com\/wp-content\/uploads\/2018\/06\/20180627_180720-e1530271236698.jpg\"><img loading=\"lazy\" decoding=\"async\" class=\"size-medium wp-image-118799\" src=\"https:\/\/kulturbloggen.com\/wp-content\/uploads\/2018\/06\/20180627_180720-e1530271236698-225x300.jpg\" alt=\"\" width=\"225\" height=\"300\" srcset=\"https:\/\/kulturbloggen.com\/wp-content\/uploads\/2018\/06\/20180627_180720-e1530271236698-225x300.jpg 225w, https:\/\/kulturbloggen.com\/wp-content\/uploads\/2018\/06\/20180627_180720-e1530271236698-768x1024.jpg 768w\" sizes=\"auto, (max-width: 225px) 100vw, 225px\" \/><\/a><figcaption id=\"caption-attachment-118799\" class=\"wp-caption-text\">(Blasius K\u00f6nig och Knut Hahns fruar kommer f\u00f6rbi Ronneby torg) foto: Martin Moberg<\/figcaption><\/figure>\n<p>F\u00f6r staden Ronnebys centrala huvudgestalter finns med l\u00e4ngs med stadsvandringen och Borgm\u00e4stare Blasius K\u00f6nig dyker dessutom upp i egen h\u00f6g person ngnstans l\u00e4ngs v\u00e4gen och icke att f\u00f6rgl\u00f6mma finns kyrkoherde Canutus (Knut) Hahn med i den bakgrundshistorik som man f\u00e5r ta del av.<\/p>\n<p>Dessa vandringar utg\u00e5r allts\u00e5 fr\u00e5n Ronneby torg, det sker onsdagar fr o m 27 juni t o m 8 augusti kl. 18.00 och det tar cirka en och en halv timme. Biljetter s\u00e4ljs dels p\u00e5 n\u00e4tet, men det g\u00e5r ocks\u00e5 bra att k\u00f6pa dessa p\u00e5 Turistbyr\u00e5n samt p\u00e5 plats p\u00e5 torget. Max 60 deltagare per vandring och det \u00e4r ett bra maxantal. Jag rekommenderar varmt att du tar dig till Ronneby och \u00e4r med p\u00e5 en historisk vandring som st\u00e4ller staden Ronneby i nytt ljus&#8230;<\/p>\n<p>&nbsp;<\/p>\n","protected":false},"excerpt":{"rendered":"<p>S\u00e5 l\u00e4r d\u00e5varande borgm\u00e4stare i Ronneby Blasius K\u00f6nig ha uttryckt sig p\u00e5 sin tid 1678. Ett uttalande fr\u00e5n en ledande politiker som idag s\u00e4kert hade f\u00e5tt ett och annat \u00f6gonbryn att h\u00f6jas, men som f\u00f6r tiden f\u00f6r h\u00e4ndelserna som \u00e5rets stadsvandring i Ronneby utspelar sig i, i slutet p\u00e5 1600-talet, inte var s\u00e4rdeles uppseendev\u00e4ckande. Ty [&hellip;]<\/p>\n","protected":false},"author":57,"featured_media":0,"comment_status":"open","ping_status":"open","sticky":false,"template":"","format":"standard","meta":{"_genesis_hide_title":false,"_genesis_hide_breadcrumbs":false,"_genesis_hide_singular_image":false,"_genesis_hide_footer_widgets":false,"_genesis_custom_body_class":"","_genesis_custom_post_class":"","_genesis_layout":"","footnotes":""},"categories":[16],"tags":[13716,13713,13006,1125,2277,13715,3074,4832,13007,13714,5533],"class_list":{"0":"post-118794","1":"post","2":"type-post","3":"status-publish","4":"format-standard","6":"category-recension","7":"tag-1600-tal","8":"tag-blasius-konig","9":"tag-blekinge","10":"tag-danmark","11":"tag-historia","12":"tag-knut-hahn","13":"tag-kultur","14":"tag-ronneby","15":"tag-ronneby-folkteater","16":"tag-stadsvandring","17":"tag-sverige","18":"entry"},"_links":{"self":[{"href":"https:\/\/kulturbloggen.com\/index.php?rest_route=\/wp\/v2\/posts\/118794","targetHints":{"allow":["GET"]}}],"collection":[{"href":"https:\/\/kulturbloggen.com\/index.php?rest_route=\/wp\/v2\/posts"}],"about":[{"href":"https:\/\/kulturbloggen.com\/index.php?rest_route=\/wp\/v2\/types\/post"}],"author":[{"embeddable":true,"href":"https:\/\/kulturbloggen.com\/index.php?rest_route=\/wp\/v2\/users\/57"}],"replies":[{"embeddable":true,"href":"https:\/\/kulturbloggen.com\/index.php?rest_route=%2Fwp%2Fv2%2Fcomments&post=118794"}],"version-history":[{"count":5,"href":"https:\/\/kulturbloggen.com\/index.php?rest_route=\/wp\/v2\/posts\/118794\/revisions"}],"predecessor-version":[{"id":118801,"href":"https:\/\/kulturbloggen.com\/index.php?rest_route=\/wp\/v2\/posts\/118794\/revisions\/118801"}],"wp:attachment":[{"href":"https:\/\/kulturbloggen.com\/index.php?rest_route=%2Fwp%2Fv2%2Fmedia&parent=118794"}],"wp:term":[{"taxonomy":"category","embeddable":true,"href":"https:\/\/kulturbloggen.com\/index.php?rest_route=%2Fwp%2Fv2%2Fcategories&post=118794"},{"taxonomy":"post_tag","embeddable":true,"href":"https:\/\/kulturbloggen.com\/index.php?rest_route=%2Fwp%2Fv2%2Ftags&post=118794"}],"curies":[{"name":"wp","href":"https:\/\/api.w.org\/{rel}","templated":true}]}}