{"id":11868,"date":"2009-08-16T08:42:13","date_gmt":"2009-08-16T06:42:13","guid":{"rendered":"http:\/\/kulturbloggen.com\/?p=11868"},"modified":"2009-08-16T08:42:13","modified_gmt":"2009-08-16T06:42:13","slug":"kammaraklagare-jamfor-valdtakt-med-att-ga-mot-rott-ljus","status":"publish","type":"post","link":"https:\/\/kulturbloggen.com\/?p=11868","title":{"rendered":"Kammar\u00e5klagare j\u00e4mf\u00f6r v\u00e5ldt\u00e4kt med att g\u00e5 mot r\u00f6tt ljus"},"content":{"rendered":"<p><img loading=\"lazy\" decoding=\"async\" src=\"http:\/\/sodergren.com\/kulturbloggen\/wp-content\/uploads\/2009\/08\/valdtakt.jpg\" alt=\"valdtakt\" title=\"valdtakt\" width=\"220\" height=\"204\" class=\"aligncenter size-full wp-image-11869\" \/><br \/>\nMed jurister som anser att v\u00e5ldt\u00e4kt kan j\u00e4mf\u00f6ras med att g\u00e5 mot r\u00f6tt ljus &#8211; ja d\u00e5 inser man att det \u00e4r dags att fler kvinnor f\u00e5r positioner inom juridikens maktsf\u00e4r och att det \u00e4r dags f\u00f6r vissa att g\u00e5 i pension.<br \/>\n<a href=\"http:\/\/www.svd.se\/nyheter\/inrikes\/artikel_3355945.svd\">Ur Svenska Dagbladet:<\/a><\/p>\n<blockquote><p>\u2013 N\u00e4r man s\u00e4ger v\u00e5ldt\u00e4kt t\u00e4nker man mest p\u00e5 riktiga ruggiga v\u00e5ldt\u00e4kter. Men tar man en man och en kvinna som k\u00e4nner varandra och kvinnan s\u00e4ger att hon inte har lust i dag, men mannen k\u00f6r \u00e4nd\u00e5. Visst \u00e4r det oschysst, men kanske inte v\u00e4rt tv\u00e5 \u00e5rs f\u00e4ngelse. Det liknar mer en ordningsf\u00f6rseelse, s\u00e4ger han. <\/p><\/blockquote>\n<p>Den 66-\u00e5rige mannen som s\u00e4ger s\u00e5 \u00e4r kammar\u00e5klagare Rolf Hillegren.<\/p>\n<p>Jo, uttalandet har satt ig\u00e5ng reaktioner. <a href=\"http:\/\/www.aftonbladet.se\/nyheter\/article5649680.ab\">Aftonbladet<\/a>:<\/p>\n<blockquote><p>Riksdagsledamoten Anna K\u00f6nig Jerlmyr, M, har l\u00e4nge k\u00e4mpat f\u00f6r sk\u00e4rpt lagstiftning kring v\u00e5ldt\u00e4kter och blir mycket uppr\u00f6rd \u00f6ver \u00e5klagarens uttalande. Hon befarar att det kan f\u00e5 offer att inte v\u00e5ga anm\u00e4la.<\/p>\n<p>\u2013 Jag blir m\u00f6rkr\u00e4dd. Det \u00e4r ju det h\u00e4r som vi hela tiden sl\u00e5ss mot, f\u00f6rdomarna om vad som \u00e4r en riktig v\u00e5ldt\u00e4kt och inte, s\u00e4ger hon<\/p><\/blockquote>\n<p>Det \u00e4r klart att det \u00e4r sv\u00e5rt att d\u00f6ma i fall d\u00e4r ord st\u00e5r mot ord. Men n\u00e4r inst\u00e4llningen bland h\u00f6gt uppsatta jurister \u00e4r som kammar-\u00e5klagaren \u00e4r att v\u00e5ldt\u00e4kt inte \u00e4r n\u00e5got grovt brott, d\u00e5 blir risken stor att skyldiga f\u00e5r g\u00e5 fria.<\/p>\n<p>Kammar\u00e5klagarens uttalande kom i efterdyningarna av att H\u00f6gsta domstolen i b\u00f6rjan av juli rev upp upp tv\u00e5 hovr\u00e4ttsdomar kring v\u00e5ldt\u00e4kt d\u00e4r ord st\u00e5tt mot ord. Budskalkpet till svenska domstolar: Det ska inte r\u00e4cka att brottsoffrets ber\u00e4ttelse \u00e4r mer trov\u00e4rdig \u00e4n den \u00e5talades.<br \/>\nTv\u00e5 g\u00e4rningsm\u00e4n har sedan dess  frik\u00e4nts med h\u00e4nvisning till den nya praxisen, skriver Svenska Dagbladet.<\/p>\n<p>Eftersom kammar\u00e5klagaren \u00e4r 66 hoppas jag verkligen att han g\u00e5r i pension nu.<\/p>\n<p><a href=\"http:\/\/ejnermark.blogspot.com\/2009\/08\/goda-nyheter-fran-hogsta-domstolen.html\">Loke har ocks\u00e5 kommenterat kammar\u00e5klagarens utspel.<\/a><\/p>\n<p>L\u00e4s \u00e4ven andra bloggares \u00e5sikter om <a href=\"http:\/\/bloggar.se\/om\/juridik\" rel=\"tag\">juridik<\/a>, <a href=\"http:\/\/bloggar.se\/om\/samh%E4lle\" rel=\"tag\">samh\u00e4lle<\/a>, <a href=\"http:\/\/bloggar.se\/om\/kammar%E5klagare\" rel=\"tag\">kammar\u00e5klagare<\/a>, <a href=\"http:\/\/bloggar.se\/om\/v%E5ldt%E4kt\" rel=\"tag\">v\u00e5ldt\u00e4kt<\/a><br \/>\n.<\/p>\n","protected":false},"excerpt":{"rendered":"<p>Med jurister som anser att v\u00e5ldt\u00e4kt kan j\u00e4mf\u00f6ras med att g\u00e5 mot r\u00f6tt ljus &#8211; ja d\u00e5 inser man att det \u00e4r dags att fler kvinnor f\u00e5r positioner inom juridikens maktsf\u00e4r och att det \u00e4r dags f\u00f6r vissa att g\u00e5 i pension. Ur Svenska Dagbladet: \u2013 N\u00e4r man s\u00e4ger v\u00e5ldt\u00e4kt t\u00e4nker man mest p\u00e5 riktiga [&hellip;]<\/p>\n","protected":false},"author":2,"featured_media":0,"comment_status":"open","ping_status":"open","sticky":false,"template":"","format":"standard","meta":{"_genesis_hide_title":false,"_genesis_hide_breadcrumbs":false,"_genesis_hide_singular_image":false,"_genesis_hide_footer_widgets":false,"_genesis_custom_body_class":"","_genesis_custom_post_class":"","_genesis_layout":"","footnotes":""},"categories":[20],"tags":[2811,4917],"class_list":{"0":"post-11868","1":"post","2":"type-post","3":"status-publish","4":"format-standard","6":"category-film","7":"tag-juridik","8":"tag-samhalle","9":"entry"},"_links":{"self":[{"href":"https:\/\/kulturbloggen.com\/index.php?rest_route=\/wp\/v2\/posts\/11868","targetHints":{"allow":["GET"]}}],"collection":[{"href":"https:\/\/kulturbloggen.com\/index.php?rest_route=\/wp\/v2\/posts"}],"about":[{"href":"https:\/\/kulturbloggen.com\/index.php?rest_route=\/wp\/v2\/types\/post"}],"author":[{"embeddable":true,"href":"https:\/\/kulturbloggen.com\/index.php?rest_route=\/wp\/v2\/users\/2"}],"replies":[{"embeddable":true,"href":"https:\/\/kulturbloggen.com\/index.php?rest_route=%2Fwp%2Fv2%2Fcomments&post=11868"}],"version-history":[{"count":0,"href":"https:\/\/kulturbloggen.com\/index.php?rest_route=\/wp\/v2\/posts\/11868\/revisions"}],"wp:attachment":[{"href":"https:\/\/kulturbloggen.com\/index.php?rest_route=%2Fwp%2Fv2%2Fmedia&parent=11868"}],"wp:term":[{"taxonomy":"category","embeddable":true,"href":"https:\/\/kulturbloggen.com\/index.php?rest_route=%2Fwp%2Fv2%2Fcategories&post=11868"},{"taxonomy":"post_tag","embeddable":true,"href":"https:\/\/kulturbloggen.com\/index.php?rest_route=%2Fwp%2Fv2%2Ftags&post=11868"}],"curies":[{"name":"wp","href":"https:\/\/api.w.org\/{rel}","templated":true}]}}