{"id":118679,"date":"2018-06-20T14:45:19","date_gmt":"2018-06-20T13:45:19","guid":{"rendered":"https:\/\/kulturbloggen.com\/?p=118679"},"modified":"2018-06-20T14:48:03","modified_gmt":"2018-06-20T13:48:03","slug":"eu-har-tagit-forsta-steget-till-att-doda-det-fria-internet","status":"publish","type":"post","link":"https:\/\/kulturbloggen.com\/?p=118679","title":{"rendered":"EU har tagit f\u00f6rsta steget till att d\u00f6da det fria Internet"},"content":{"rendered":"<p><img loading=\"lazy\" decoding=\"async\" src=\"https:\/\/kulturbloggen.com\/wp-content\/uploads\/2018\/06\/freedom-of-speech-156029_640.png\" alt=\"\" width=\"446\" height=\"640\" class=\"aligncenter size-full wp-image-118682\" srcset=\"https:\/\/kulturbloggen.com\/wp-content\/uploads\/2018\/06\/freedom-of-speech-156029_640.png 446w, https:\/\/kulturbloggen.com\/wp-content\/uploads\/2018\/06\/freedom-of-speech-156029_640-209x300.png 209w\" sizes=\"auto, (max-width: 446px) 100vw, 446px\" \/><\/p>\n<p>Det ska bli f\u00f6rbjudet att l\u00e4nka till upphovsskyddat material. Och det ska installeras filter som s\u00f6ker igenom Internet efter brott mot reglerna &#8211; helt enkelt censur.<\/p>\n<p>F\u00f6rslaget inneb\u00e4r bland annat att den som l\u00e4nkar till en sida med exempelvis en tidningsartikel ska kunna f\u00e5 betala b\u00f6ter. <\/p>\n<p>Europaparlamentet ska r\u00f6sta om utskottets direktiv i h\u00f6st. Om parlamentet r\u00f6star igenom utskottets f\u00f6rslag (vilket inte alls \u00e4r om\u00f6jligt d\u00e5 parlamentet oftast g\u00e5r p\u00e5 utskottens f\u00f6rslag). <\/p>\n<p>Det kommer d\u00e5 att bli f\u00f6rbjudet att dela med sig av videoklipp eller Spotify-l\u00e4nkar i Facebook. Fr\u00e5gan \u00e4r hur Google kan hantera s\u00f6kningar? Troligen kommer reglerna inte att drabba dessa stora akt\u00f6rer utan det blir de mindre akt\u00f6rerna, mindre sajter och hemsidor, som drabbas.<\/p>\n<p>Debatt\u00f6ren Amelia Andersson som varit parlamentariker f\u00f6r Piratpartiet s\u00e4ger till Dagens Nyheter att st\u00f6rre akt\u00f6rer som Facebook kommer att sluta avtal med r\u00e4ttighets-organisationer s\u00e5 att anv\u00e4ndare kan publicera material obehindrat.<\/p>\n<p>Att EU-politikerna kan ta ett s\u00e5dant h\u00e4r beslut visar att de inte f\u00f6rst\u00e5r vad Internet \u00e4r. Internet \u00e4r l\u00e4nkar. Det \u00e4r vad Internet handlar om.<br \/>\nOmr\u00f6stningens resultat visar ocks\u00e5 tydligt att EU-politikerna sitter i de stora kommersiella underh\u00e5llningsf\u00f6retagens kn\u00e4n, de storf\u00f6retag som kan beg\u00e4ra miljarder i skadest\u00e5nd av sm\u00e5 fattiga fildelare.<\/p>\n<p>Det h\u00e4r \u00e4r sorgligt, bedr\u00f6vligt och EU-parlamentet \u00e4r p\u00e5 v\u00e4g att vrida tillbaka tiden, att stoppa utvecklingen. T\u00e4nk om klostren hade gjort s\u00e5 n\u00e4r boktryckarkonsten kom &#8211; f\u00f6r att d\u00e5 hade klostren inte l\u00e4ngre makten \u00f6ver bokutgivningen. P\u00e5 klostren skrevs b\u00f6cker f\u00f6r hand. Boktryckarkonsten revolutionerade samh\u00e4llena och gav m\u00e5nga fler m\u00f6jlighet att n\u00e5 ut med sina tankar. Nu har EU tagit ett stort steg f\u00f6r att stoppa en utveckling av m\u00e4nniskors m\u00f6jlighet att yttra sig.<\/p>\n<p>Centerpartiets EU-parlamentariker Fredrick Federley \u00e4r kritisk till f\u00f6rslaget och s\u00e4ger till Sveriges Radio.<br \/>\n\u2013 Det riskerar att bli till en form av filter som inneb\u00e4r att man sj\u00e4lvcensurerar sig och att allt material m\u00e5ste granskas fr\u00e5n b\u00f6rjan, s\u00e4ger han.<\/p>\n","protected":false},"excerpt":{"rendered":"<p>Det ska bli f\u00f6rbjudet att l\u00e4nka till upphovsskyddat material. Och det ska installeras filter som s\u00f6ker igenom Internet efter brott mot reglerna &#8211; helt enkelt censur. F\u00f6rslaget inneb\u00e4r bland annat att den som l\u00e4nkar till en sida med exempelvis en tidningsartikel ska kunna f\u00e5 betala b\u00f6ter. Europaparlamentet ska r\u00f6sta om utskottets direktiv i h\u00f6st. Om [&hellip;]<\/p>\n","protected":false},"author":2,"featured_media":0,"comment_status":"open","ping_status":"open","sticky":false,"template":"","format":"standard","meta":{"_genesis_hide_title":false,"_genesis_hide_breadcrumbs":false,"_genesis_hide_singular_image":false,"_genesis_hide_footer_widgets":false,"_genesis_custom_body_class":"","_genesis_custom_post_class":"","_genesis_layout":"","footnotes":""},"categories":[62,13624],"tags":[1214,1581,2811],"class_list":["post-118679","post","type-post","status-publish","format-standard","category-medie-och-kulturpolitik","category-toppnytt","tag-demokrati","tag-eu","tag-juridik","entry"],"_links":{"self":[{"href":"https:\/\/kulturbloggen.com\/index.php?rest_route=\/wp\/v2\/posts\/118679","targetHints":{"allow":["GET"]}}],"collection":[{"href":"https:\/\/kulturbloggen.com\/index.php?rest_route=\/wp\/v2\/posts"}],"about":[{"href":"https:\/\/kulturbloggen.com\/index.php?rest_route=\/wp\/v2\/types\/post"}],"author":[{"embeddable":true,"href":"https:\/\/kulturbloggen.com\/index.php?rest_route=\/wp\/v2\/users\/2"}],"replies":[{"embeddable":true,"href":"https:\/\/kulturbloggen.com\/index.php?rest_route=%2Fwp%2Fv2%2Fcomments&post=118679"}],"version-history":[{"count":3,"href":"https:\/\/kulturbloggen.com\/index.php?rest_route=\/wp\/v2\/posts\/118679\/revisions"}],"predecessor-version":[{"id":118683,"href":"https:\/\/kulturbloggen.com\/index.php?rest_route=\/wp\/v2\/posts\/118679\/revisions\/118683"}],"wp:attachment":[{"href":"https:\/\/kulturbloggen.com\/index.php?rest_route=%2Fwp%2Fv2%2Fmedia&parent=118679"}],"wp:term":[{"taxonomy":"category","embeddable":true,"href":"https:\/\/kulturbloggen.com\/index.php?rest_route=%2Fwp%2Fv2%2Fcategories&post=118679"},{"taxonomy":"post_tag","embeddable":true,"href":"https:\/\/kulturbloggen.com\/index.php?rest_route=%2Fwp%2Fv2%2Ftags&post=118679"}],"curies":[{"name":"wp","href":"https:\/\/api.w.org\/{rel}","templated":true}]}}