{"id":118628,"date":"2018-06-17T23:10:11","date_gmt":"2018-06-17T22:10:11","guid":{"rendered":"https:\/\/kulturbloggen.com\/?p=118628"},"modified":"2018-09-21T18:04:42","modified_gmt":"2018-09-21T17:04:42","slug":"dan-helgesen-skivdebuterar-i-host","status":"publish","type":"post","link":"https:\/\/kulturbloggen.com\/?p=118628","title":{"rendered":"Dan Helgesen skivdebuterar i h\u00f6st"},"content":{"rendered":"<p><a href=\"https:\/\/kulturbloggen.com\/wp-content\/uploads\/2018\/06\/dan20helgesen.jpeg.jpg\"><img loading=\"lazy\" decoding=\"async\" class=\"alignnone size-medium wp-image-118571\" src=\"https:\/\/kulturbloggen.com\/wp-content\/uploads\/2018\/06\/dan20helgesen.jpeg-300x247.jpg\" alt=\"\" width=\"300\" height=\"247\" srcset=\"https:\/\/kulturbloggen.com\/wp-content\/uploads\/2018\/06\/dan20helgesen.jpeg-300x247.jpg 300w, https:\/\/kulturbloggen.com\/wp-content\/uploads\/2018\/06\/dan20helgesen.jpeg.jpg 583w\" sizes=\"auto, (max-width: 300px) 100vw, 300px\" \/><\/a><\/p>\n<p>I torsdags repriserades filmen om Esbj\u00f6rn Svensson p\u00e5 SVT, en sev\u00e4rd\u00a0 ber\u00f6rande dokument\u00e4r. En av de r\u00f6ster som medverkar \u00e4r ljudgeniet \u00c5ke Linton, vars betydelse f\u00f6r E.S.T och deras exceptionella genomslag internationellt,\u00a0 gjorde att han brukade kallas deras\u00a0 fj\u00e4rde medlem. G\u00f6teborgsbaserade Linton\u00a0 har genom \u00e5ren naturligtvis odlat fler musikerkontakter. F\u00f6r n\u00e5gra \u00e5r sedan tog han initiativ till att spela in Dan Helgesen, en genrefri klaviaturspelare undertecknad uppskattat i flera s\u00e4ttningar. Det h\u00e4nder att Helgesen trakterar keyboards, fast hans specialitet \u00e4r hammondorgel och d\u00e5 specifikt den ber\u00f6mda B3-modellen. Han vet verkligen hur man pressar fram r\u00e4tt toner, ur ett instrument med osedvanligt stora valm\u00f6jligheter. Jag har h\u00f6rt honom med Emrik, Johan Johanssons\u00a0 trio, i eget namn. och ska i sommar se honom framtr\u00e4da med\u00a0 bluesbandet Sweet Little Angels. Andra frilansmusikern lirat med\u00a0 \u00e4r exempelvis Glen Hughes (Deep Purple), Stefan Andersson, Bronk, Mikael Rickfors, Mats Ronander samt Freda`.<\/p>\n<p>\u00c4ntligen \u00e4r debuten p\u00e5 g\u00e5ng med egenh\u00e4ndigt skrivna l\u00e5tar, f\u00f6r en veteran som i ton\u00e5ren var den yngste att ha g\u00e5tt p\u00e5 musiklinjen i Ljungskile. Vad som \u00e5terst\u00e5r innan utgivning p\u00e5 vinyl och i digitala kanaler \u00e4r ett ett skivbolag i ryggen. N\u00e4mnde Linton har tillsammans med Charlie Storm producerat de sex l\u00e5tar som kommer finnas p\u00e5\u00a0<em>Hammond Explosion Agogo.<\/em> D\u00e4rut\u00f6ver har paret mixat och mastrat. Inspelningarna har \u00e4gt rum i exklusiva Svenska Grammofonstudion\u00a0 (en studio jag en g\u00e5ng bes\u00f6kt vid\u00a0 skivsl\u00e4pp). F\u00f6r er som i likhet med mig h\u00f6rt Dan lira live, kommer\u00a0 plattan ge\u00a0 fler perspektiv p\u00e5 hans musicerande. V\u00e5gar leverera denna teaser eftersom jag\u00a0 f\u00e5tt f\u00f6rm\u00e5nen att f\u00f6rhandslyssna via n\u00e4tet. Recension, j\u00e4mte uppgifter fr\u00e5n kort telefonintervju, kommer\u00a0 i h\u00f6st,\u00a0 Texten publiceras n\u00e4r skivan finns tillg\u00e4nglig. Se min notis som en puff! Organisten kn\u00f6t till sig n\u00e5gra renommerade musiker f\u00f6r sitt projekt. \u00a0 \u00a0 Bandet best\u00e5r av Lars Lade K\u00e4llf\u00e4lt (trummor, Henrik Pilen Pilkvist (gitarr) och Mattias Gr\u00f6nros (bas).<\/p>\n<p>Extra musiker: en slagverkare,\u00a0 str\u00e5kkvartetten Wulfson Quartet <em>(Sadness) <\/em>samt p\u00e5 tv\u00e5 sp\u00e5r en vokalist.\u00a0 Mer info i samband med recensionen.<\/p>\n<p><a href=\"https:\/\/kulturbloggen.com\/wp-content\/uploads\/2018\/06\/Foto20pa\u030a20Bandet.jpeg.jpg\"><img loading=\"lazy\" decoding=\"async\" class=\"alignnone size-full wp-image-118633\" src=\"https:\/\/kulturbloggen.com\/wp-content\/uploads\/2018\/06\/Foto20pa\u030a20Bandet.jpeg.jpg\" alt=\"\" width=\"480\" height=\"480\" srcset=\"https:\/\/kulturbloggen.com\/wp-content\/uploads\/2018\/06\/Foto20pa\u030a20Bandet.jpeg.jpg 480w, https:\/\/kulturbloggen.com\/wp-content\/uploads\/2018\/06\/Foto20pa\u030a20Bandet.jpeg-150x150.jpg 150w, https:\/\/kulturbloggen.com\/wp-content\/uploads\/2018\/06\/Foto20pa\u030a20Bandet.jpeg-300x300.jpg 300w\" sizes=\"auto, (max-width: 480px) 100vw, 480px\" \/><\/a>Foton Lida Mansouri, Uno Karlsson, Tina Lagus och Janne Kvarnstr\u00f6m (den sistn\u00e4mnde foton p\u00e5 gitarrist o trummis)<\/p>\n<p><a href=\"https:\/\/kulturbloggen.com\/wp-content\/uploads\/2018\/06\/Foto20pa\u030a20Bandet.jpeg.jpg\"><img loading=\"lazy\" decoding=\"async\" class=\"alignnone size-medium wp-image-118633\" src=\"https:\/\/kulturbloggen.com\/wp-content\/uploads\/2018\/06\/Foto20pa\u030a20Bandet.jpeg-300x300.jpg\" alt=\"\" width=\"300\" height=\"300\" srcset=\"https:\/\/kulturbloggen.com\/wp-content\/uploads\/2018\/06\/Foto20pa\u030a20Bandet.jpeg-300x300.jpg 300w, https:\/\/kulturbloggen.com\/wp-content\/uploads\/2018\/06\/Foto20pa\u030a20Bandet.jpeg-150x150.jpg 150w, https:\/\/kulturbloggen.com\/wp-content\/uploads\/2018\/06\/Foto20pa\u030a20Bandet.jpeg.jpg 480w\" sizes=\"auto, (max-width: 300px) 100vw, 300px\" \/><\/a><a href=\"https:\/\/kulturbloggen.com\/wp-content\/uploads\/2018\/06\/Foto20pa\u030a20Bandet.jpeg.jpg\"><img loading=\"lazy\" decoding=\"async\" class=\"alignnone size-medium wp-image-118633\" src=\"https:\/\/kulturbloggen.com\/wp-content\/uploads\/2018\/06\/Foto20pa\u030a20Bandet.jpeg-300x300.jpg\" alt=\"\" width=\"300\" height=\"300\" srcset=\"https:\/\/kulturbloggen.com\/wp-content\/uploads\/2018\/06\/Foto20pa\u030a20Bandet.jpeg-300x300.jpg 300w, https:\/\/kulturbloggen.com\/wp-content\/uploads\/2018\/06\/Foto20pa\u030a20Bandet.jpeg-150x150.jpg 150w, https:\/\/kulturbloggen.com\/wp-content\/uploads\/2018\/06\/Foto20pa\u030a20Bandet.jpeg.jpg 480w\" sizes=\"auto, (max-width: 300px) 100vw, 300px\" \/><\/a><\/p>\n<p>&nbsp;<\/p>\n","protected":false},"excerpt":{"rendered":"<p>I torsdags repriserades filmen om Esbj\u00f6rn Svensson p\u00e5 SVT, en sev\u00e4rd\u00a0 ber\u00f6rande dokument\u00e4r. En av de r\u00f6ster som medverkar \u00e4r ljudgeniet \u00c5ke Linton, vars betydelse f\u00f6r E.S.T och deras exceptionella genomslag internationellt,\u00a0 gjorde att han brukade kallas deras\u00a0 fj\u00e4rde medlem. G\u00f6teborgsbaserade Linton\u00a0 har genom \u00e5ren naturligtvis odlat fler musikerkontakter. F\u00f6r n\u00e5gra \u00e5r sedan tog han [&hellip;]<\/p>\n","protected":false},"author":34,"featured_media":0,"comment_status":"open","ping_status":"open","sticky":false,"template":"","format":"standard","meta":{"_genesis_hide_title":false,"_genesis_hide_breadcrumbs":false,"_genesis_hide_singular_image":false,"_genesis_hide_footer_widgets":false,"_genesis_custom_body_class":"","_genesis_custom_post_class":"","_genesis_layout":"","footnotes":""},"categories":[7],"tags":[],"class_list":{"0":"post-118628","1":"post","2":"type-post","3":"status-publish","4":"format-standard","6":"category-musik","7":"entry"},"_links":{"self":[{"href":"https:\/\/kulturbloggen.com\/index.php?rest_route=\/wp\/v2\/posts\/118628","targetHints":{"allow":["GET"]}}],"collection":[{"href":"https:\/\/kulturbloggen.com\/index.php?rest_route=\/wp\/v2\/posts"}],"about":[{"href":"https:\/\/kulturbloggen.com\/index.php?rest_route=\/wp\/v2\/types\/post"}],"author":[{"embeddable":true,"href":"https:\/\/kulturbloggen.com\/index.php?rest_route=\/wp\/v2\/users\/34"}],"replies":[{"embeddable":true,"href":"https:\/\/kulturbloggen.com\/index.php?rest_route=%2Fwp%2Fv2%2Fcomments&post=118628"}],"version-history":[{"count":8,"href":"https:\/\/kulturbloggen.com\/index.php?rest_route=\/wp\/v2\/posts\/118628\/revisions"}],"predecessor-version":[{"id":120095,"href":"https:\/\/kulturbloggen.com\/index.php?rest_route=\/wp\/v2\/posts\/118628\/revisions\/120095"}],"wp:attachment":[{"href":"https:\/\/kulturbloggen.com\/index.php?rest_route=%2Fwp%2Fv2%2Fmedia&parent=118628"}],"wp:term":[{"taxonomy":"category","embeddable":true,"href":"https:\/\/kulturbloggen.com\/index.php?rest_route=%2Fwp%2Fv2%2Fcategories&post=118628"},{"taxonomy":"post_tag","embeddable":true,"href":"https:\/\/kulturbloggen.com\/index.php?rest_route=%2Fwp%2Fv2%2Ftags&post=118628"}],"curies":[{"name":"wp","href":"https:\/\/api.w.org\/{rel}","templated":true}]}}