{"id":118559,"date":"2018-06-12T14:54:46","date_gmt":"2018-06-12T13:54:46","guid":{"rendered":"https:\/\/kulturbloggen.com\/?p=118559"},"modified":"2018-06-12T14:54:46","modified_gmt":"2018-06-12T13:54:46","slug":"har-ar-listan-over-sommarens-medverkande-i-allsang-pa-skansen","status":"publish","type":"post","link":"https:\/\/kulturbloggen.com\/?p=118559","title":{"rendered":"H\u00e4r \u00e4r listan \u00f6ver sommarens medverkande i Alls\u00e5ng p\u00e5 Skansen"},"content":{"rendered":"<figure id=\"attachment_118560\" aria-describedby=\"caption-attachment-118560\" style=\"width: 650px\" class=\"wp-caption aligncenter\"><img loading=\"lazy\" decoding=\"async\" src=\"https:\/\/kulturbloggen.com\/wp-content\/uploads\/2018\/06\/sannanielsen_allsangskansen.jpg\" alt=\"\" width=\"650\" height=\"366\" class=\"size-full wp-image-118560\" srcset=\"https:\/\/kulturbloggen.com\/wp-content\/uploads\/2018\/06\/sannanielsen_allsangskansen.jpg 650w, https:\/\/kulturbloggen.com\/wp-content\/uploads\/2018\/06\/sannanielsen_allsangskansen-300x169.jpg 300w\" sizes=\"auto, (max-width: 650px) 100vw, 650px\" \/><figcaption id=\"caption-attachment-118560\" class=\"wp-caption-text\">Sanna Nielsen, programledare f\u00f6r Alls\u00e5ng p\u00e5 Skansen 2018. Foto: Janne Danielsson\/SVT.<\/figcaption><\/figure>\n<p>&#8211; Det \u00e4r \u00e4ntligen dags att f\u00e5 st\u00e4lla sig p\u00e5 vackra Sollidenscenen och h\u00e4lsa alla v\u00e4lkomna till programmet 2018 som har blivit en del av mig och som jag \u00e4r s\u00e5 stolt \u00f6ver att f\u00e5 leda. \u00c4nnu en s\u00e4song ska vi f\u00e5 sjunga tillsammans och jag \u00e4r s\u00e5 nyfiken p\u00e5 alla v\u00e5ra fina g\u00e4ster som kommer till oss i \u00e5r, s\u00e4ger Sanna Nielsen, programledare f\u00f6r Alls\u00e5ng p\u00e5 Skansen.<br \/>\nSommarens program och medverkande presenterades p\u00e5 en presstr\u00e4ff 11 juni.<\/p>\n<p>Pressmeddelandet:<br \/>\nSanna Nielsen f\u00e5r s\u00e4llskap av artister, komiker och musiker under de \u00e5tta Alls\u00e5ngsveckorna.Tillsammans kommer de att skapa program som ger alla tittare n\u00e5got att gl\u00e4djas \u00e5t.<\/p>\n<p>H\u00e4r \u00e4r listan \u00f6ver sommarens medverkande i Alls\u00e5ng p\u00e5 Skansen:<br \/>\nProgram 1, 26 juni<br \/>\nShirley Clamp<br \/>\nPeter J\u00f6back<br \/>\nShirin<br \/>\nJireel<\/p>\n<p>Program 2, 3 juli<br \/>\nGES<br \/>\nLinda Pira<\/p>\n<p>Program 3, 10 juli<br \/>\nAvantgardet<br \/>\nMarkoolio<br \/>\nLilla Al-Fadji<br \/>\nCornelia Beskow<br \/>\nMargaret<\/p>\n<p>Program 4, 17 juli<br \/>\nAlcazar<br \/>\nUno Svenningsson<br \/>\nJojje Wadenius<\/p>\n<p>Program 5, 24 juli<br \/>\nSannex<br \/>\nAmanda Ginsburg<br \/>\nPernilla Wahlgren<\/p>\n<p>Program 6, 31 juli<br \/>\nTove Styrke<br \/>\nTommy K\u00f6rberg<br \/>\nSamir &#038; Viktor<br \/>\nBlen<br \/>\nEmma Peters &#038; Hanna Dorsin<\/p>\n<p>Program 7, 7 augusti<br \/>\nBo Kaspers Orkester \u00e4r f\u00f6rutom g\u00e4ster i programmet ocks\u00e5 \u00e5rets artister i Alls\u00e5ngsscenen \u00e4r din (s\u00e4nds samma kv\u00e4ll kl 21.00).<br \/>\nPetter<br \/>\nMolly Sand\u00e9n<\/p>\n<p>Program 8, 14 augusti<br \/>\nSeinabo Sey<br \/>\nMagnus Uggla<br \/>\nSven-Bertil Taube<\/p>\n<p>Med reservation f\u00f6r att \u00e4ndringar kan komma att ske. Listan uppdateras kontinuerligt d\u00e5 fler artister kommer att sl\u00e4ppas under s\u00e4songens g\u00e5ng.<\/p>\n<p>Se p\u00e5 programmen i SVT1 eller p\u00e5 SVT Play.<\/p>\n","protected":false},"excerpt":{"rendered":"<p>&#8211; Det \u00e4r \u00e4ntligen dags att f\u00e5 st\u00e4lla sig p\u00e5 vackra Sollidenscenen och h\u00e4lsa alla v\u00e4lkomna till programmet 2018 som har blivit en del av mig och som jag \u00e4r s\u00e5 stolt \u00f6ver att f\u00e5 leda. \u00c4nnu en s\u00e4song ska vi f\u00e5 sjunga tillsammans och jag \u00e4r s\u00e5 nyfiken p\u00e5 alla v\u00e5ra fina g\u00e4ster som [&hellip;]<\/p>\n","protected":false},"author":13,"featured_media":0,"comment_status":"open","ping_status":"open","sticky":false,"template":"","format":"standard","meta":{"_genesis_hide_title":false,"_genesis_hide_breadcrumbs":false,"_genesis_hide_singular_image":false,"_genesis_hide_footer_widgets":false,"_genesis_custom_body_class":"","_genesis_custom_post_class":"","_genesis_layout":"","footnotes":""},"categories":[20,13624,13597],"tags":[12067],"class_list":{"0":"post-118559","1":"post","2":"type-post","3":"status-publish","4":"format-standard","6":"category-film","7":"category-toppnytt","8":"category-tv","9":"tag-allsang-pa-skansen","10":"entry"},"_links":{"self":[{"href":"https:\/\/kulturbloggen.com\/index.php?rest_route=\/wp\/v2\/posts\/118559","targetHints":{"allow":["GET"]}}],"collection":[{"href":"https:\/\/kulturbloggen.com\/index.php?rest_route=\/wp\/v2\/posts"}],"about":[{"href":"https:\/\/kulturbloggen.com\/index.php?rest_route=\/wp\/v2\/types\/post"}],"author":[{"embeddable":true,"href":"https:\/\/kulturbloggen.com\/index.php?rest_route=\/wp\/v2\/users\/13"}],"replies":[{"embeddable":true,"href":"https:\/\/kulturbloggen.com\/index.php?rest_route=%2Fwp%2Fv2%2Fcomments&post=118559"}],"version-history":[{"count":1,"href":"https:\/\/kulturbloggen.com\/index.php?rest_route=\/wp\/v2\/posts\/118559\/revisions"}],"predecessor-version":[{"id":118561,"href":"https:\/\/kulturbloggen.com\/index.php?rest_route=\/wp\/v2\/posts\/118559\/revisions\/118561"}],"wp:attachment":[{"href":"https:\/\/kulturbloggen.com\/index.php?rest_route=%2Fwp%2Fv2%2Fmedia&parent=118559"}],"wp:term":[{"taxonomy":"category","embeddable":true,"href":"https:\/\/kulturbloggen.com\/index.php?rest_route=%2Fwp%2Fv2%2Fcategories&post=118559"},{"taxonomy":"post_tag","embeddable":true,"href":"https:\/\/kulturbloggen.com\/index.php?rest_route=%2Fwp%2Fv2%2Ftags&post=118559"}],"curies":[{"name":"wp","href":"https:\/\/api.w.org\/{rel}","templated":true}]}}