{"id":118487,"date":"2018-06-10T14:24:00","date_gmt":"2018-06-10T13:24:00","guid":{"rendered":"https:\/\/kulturbloggen.com\/?p=118487"},"modified":"2018-06-10T14:24:00","modified_gmt":"2018-06-10T13:24:00","slug":"sweden-rock-festival-judas-priest","status":"publish","type":"post","link":"https:\/\/kulturbloggen.com\/?p=118487","title":{"rendered":"Sweden Rock Festival &#8211; Judas Priest"},"content":{"rendered":"<p>Sweden Rock Festival<br \/>\nArtist: Judas Priest<br \/>\nBetyg: 4<\/p>\n<p>I \u00e5tta \u00e5r har vi varit p\u00e5 festivalen och det \u00e4r tredje g\u00e5ngen p\u00e5 dessa \u00e5r som Judas Priest \u00e4r ett av headline-banden. Det \u00e4r snudd p\u00e5 att man kan b\u00f6rja kalla dem f\u00f6r husband va? Varje g\u00e5ng levererar de gedigen och \u00e4lskad heavy metal, s\u00e5 ock i \u00e5r. Det enda som f\u00f6r\u00e4ndrats till i \u00e5r \u00e4r v\u00e4l att Priest har f\u00f6ljt i sp\u00e5ren p\u00e5 den trista trenden att s\u00e5lla vilka medier som f\u00e5r fotografera spelningen. I vanlig ordning verkar det vara de stora mediehusen som f\u00e5r biljett till fotodiket. D\u00e4rf\u00f6r f\u00e5r ni n\u00f6ja er med promotionbilden fr\u00e5n festivalens webbplats.<\/p>\n<p><img loading=\"lazy\" decoding=\"async\" class=\"aligncenter size-full wp-image-118518\" src=\"https:\/\/kulturbloggen.com\/wp-content\/uploads\/2018\/06\/2CE034FE36553CF7.png\" alt=\"\" width=\"540\" height=\"540\" srcset=\"https:\/\/kulturbloggen.com\/wp-content\/uploads\/2018\/06\/2CE034FE36553CF7.png 540w, https:\/\/kulturbloggen.com\/wp-content\/uploads\/2018\/06\/2CE034FE36553CF7-150x150.png 150w, https:\/\/kulturbloggen.com\/wp-content\/uploads\/2018\/06\/2CE034FE36553CF7-300x300.png 300w\" sizes=\"auto, (max-width: 540px) 100vw, 540px\" \/><\/p>\n<p>Det svajar lite inledningsvis b\u00e5de g\u00e4llande s\u00e5ng och ljudbild men det tar sig efter n\u00e5gra l\u00e5tar. Det h\u00e4r \u00e4r ett band som alltid m\u00f6ts av publikens k\u00e4rlek och det ger naturligtvis avtryck i framf\u00f6randet. N\u00e4r den i Parkinson sjuke gitarristen Glenn Tipton, kommer in p\u00e5 scenen vid spelningens avslutning, k\u00e4nns det som om den ber\u00f6mda swedenrockandan ska v\u00e4lta festivalscenen i k\u00e4rlek och omtanke. Det \u00e4r s\u00e5 vackert.<\/p>\n<p>Rob Halford fyller 67 \u00e5r senare i sommar. Jag tror och hoppas att vi kan f\u00e5 \u00e5terse Judas Priest om sis\u00e5d\u00e4r 3 \u00e5r igen. Det r\u00e5der ingen tvekan om att de har kapaciteten och vitaliteten att \u00e5terigen st\u00e5 som avslutare en kv\u00e4ll i Norje Boke.<\/p>\n<p>&nbsp;<\/p>\n","protected":false},"excerpt":{"rendered":"<p>Sweden Rock Festival Artist: Judas Priest Betyg: 4 I \u00e5tta \u00e5r har vi varit p\u00e5 festivalen och det \u00e4r tredje g\u00e5ngen p\u00e5 dessa \u00e5r som Judas Priest \u00e4r ett av headline-banden. Det \u00e4r snudd p\u00e5 att man kan b\u00f6rja kalla dem f\u00f6r husband va? Varje g\u00e5ng levererar de gedigen och \u00e4lskad heavy metal, s\u00e5 ock [&hellip;]<\/p>\n","protected":false},"author":13,"featured_media":0,"comment_status":"open","ping_status":"open","sticky":false,"template":"","format":"standard","meta":{"_genesis_hide_title":false,"_genesis_hide_breadcrumbs":false,"_genesis_hide_singular_image":false,"_genesis_hide_footer_widgets":false,"_genesis_custom_body_class":"","_genesis_custom_post_class":"","_genesis_layout":"","footnotes":""},"categories":[7],"tags":[5553],"class_list":{"0":"post-118487","1":"post","2":"type-post","3":"status-publish","4":"format-standard","6":"category-musik","7":"tag-sweden-rock-festival","8":"entry"},"_links":{"self":[{"href":"https:\/\/kulturbloggen.com\/index.php?rest_route=\/wp\/v2\/posts\/118487","targetHints":{"allow":["GET"]}}],"collection":[{"href":"https:\/\/kulturbloggen.com\/index.php?rest_route=\/wp\/v2\/posts"}],"about":[{"href":"https:\/\/kulturbloggen.com\/index.php?rest_route=\/wp\/v2\/types\/post"}],"author":[{"embeddable":true,"href":"https:\/\/kulturbloggen.com\/index.php?rest_route=\/wp\/v2\/users\/13"}],"replies":[{"embeddable":true,"href":"https:\/\/kulturbloggen.com\/index.php?rest_route=%2Fwp%2Fv2%2Fcomments&post=118487"}],"version-history":[{"count":2,"href":"https:\/\/kulturbloggen.com\/index.php?rest_route=\/wp\/v2\/posts\/118487\/revisions"}],"predecessor-version":[{"id":118519,"href":"https:\/\/kulturbloggen.com\/index.php?rest_route=\/wp\/v2\/posts\/118487\/revisions\/118519"}],"wp:attachment":[{"href":"https:\/\/kulturbloggen.com\/index.php?rest_route=%2Fwp%2Fv2%2Fmedia&parent=118487"}],"wp:term":[{"taxonomy":"category","embeddable":true,"href":"https:\/\/kulturbloggen.com\/index.php?rest_route=%2Fwp%2Fv2%2Fcategories&post=118487"},{"taxonomy":"post_tag","embeddable":true,"href":"https:\/\/kulturbloggen.com\/index.php?rest_route=%2Fwp%2Fv2%2Ftags&post=118487"}],"curies":[{"name":"wp","href":"https:\/\/api.w.org\/{rel}","templated":true}]}}