{"id":118410,"date":"2018-06-08T08:56:12","date_gmt":"2018-06-08T07:56:12","guid":{"rendered":"https:\/\/kulturbloggen.com\/?p=118410"},"modified":"2018-06-08T08:56:12","modified_gmt":"2018-06-08T07:56:12","slug":"lyssna-markus-krunegard-ft-miriam-bryant-o-a-o-a-e-vi-forlorade","status":"publish","type":"post","link":"https:\/\/kulturbloggen.com\/?p=118410","title":{"rendered":"Lyssna: Markus Kruneg\u00e5rd ft. Miriam Bryant &#8211; O A O A E vi f\u00f6rlorade"},"content":{"rendered":"<p><img loading=\"lazy\" decoding=\"async\" src=\"https:\/\/kulturbloggen.com\/wp-content\/uploads\/2018\/06\/OAOAE-omslag-300x300.jpg\" alt=\"\" width=\"300\" height=\"300\" class=\"aligncenter size-medium wp-image-118411\" srcset=\"https:\/\/kulturbloggen.com\/wp-content\/uploads\/2018\/06\/OAOAE-omslag-300x300.jpg 300w, https:\/\/kulturbloggen.com\/wp-content\/uploads\/2018\/06\/OAOAE-omslag-150x150.jpg 150w, https:\/\/kulturbloggen.com\/wp-content\/uploads\/2018\/06\/OAOAE-omslag-768x765.jpg 768w, https:\/\/kulturbloggen.com\/wp-content\/uploads\/2018\/06\/OAOAE-omslag-1024x1020.jpg 1024w\" sizes=\"auto, (max-width: 300px) 100vw, 300px\" \/><\/p>\n<p>Popgiganterna Markus Kruneg\u00e5rd och Miriam Bryant sl\u00e4ppte tillsammans nya singeln &#8221;O A O A E vi f\u00f6rlorade&#8221; den 8 juni 2018.<br \/>\nDet \u00e4r \u00e4r tredje sl\u00e4ppet fr\u00e5n Kruneg\u00e5rds uppkommande album I huvet p\u00e5 en idiot, i en bar, p\u00e5 en \u00d6, i ett hav, p\u00e5 en \u00d6, i en bar, i huvet p\u00e5 en idiot, som sl\u00e4pps 7 september i samband med Markus spelning p\u00e5 Gr\u00f6na Lund.<\/p>\n<p><iframe loading=\"lazy\" src=\"https:\/\/open.spotify.com\/embed\/album\/60pensdXJ736OTHF8DnBKS\" width=\"300\" height=\"380\" frameborder=\"0\" allowtransparency=\"true\"><\/iframe><\/p>\n","protected":false},"excerpt":{"rendered":"<p>Popgiganterna Markus Kruneg\u00e5rd och Miriam Bryant sl\u00e4ppte tillsammans nya singeln &#8221;O A O A E vi f\u00f6rlorade&#8221; den 8 juni 2018. Det \u00e4r \u00e4r tredje sl\u00e4ppet fr\u00e5n Kruneg\u00e5rds uppkommande album I huvet p\u00e5 en idiot, i en bar, p\u00e5 en \u00d6, i ett hav, p\u00e5 en \u00d6, i en bar, i huvet p\u00e5 en idiot, [&hellip;]<\/p>\n","protected":false},"author":13,"featured_media":0,"comment_status":"open","ping_status":"open","sticky":false,"template":"","format":"standard","meta":{"_genesis_hide_title":false,"_genesis_hide_breadcrumbs":false,"_genesis_hide_singular_image":false,"_genesis_hide_footer_widgets":false,"_genesis_custom_body_class":"","_genesis_custom_post_class":"","_genesis_layout":"","footnotes":""},"categories":[7,13624],"tags":[],"class_list":{"0":"post-118410","1":"post","2":"type-post","3":"status-publish","4":"format-standard","6":"category-musik","7":"category-toppnytt","8":"entry"},"_links":{"self":[{"href":"https:\/\/kulturbloggen.com\/index.php?rest_route=\/wp\/v2\/posts\/118410","targetHints":{"allow":["GET"]}}],"collection":[{"href":"https:\/\/kulturbloggen.com\/index.php?rest_route=\/wp\/v2\/posts"}],"about":[{"href":"https:\/\/kulturbloggen.com\/index.php?rest_route=\/wp\/v2\/types\/post"}],"author":[{"embeddable":true,"href":"https:\/\/kulturbloggen.com\/index.php?rest_route=\/wp\/v2\/users\/13"}],"replies":[{"embeddable":true,"href":"https:\/\/kulturbloggen.com\/index.php?rest_route=%2Fwp%2Fv2%2Fcomments&post=118410"}],"version-history":[{"count":1,"href":"https:\/\/kulturbloggen.com\/index.php?rest_route=\/wp\/v2\/posts\/118410\/revisions"}],"predecessor-version":[{"id":118412,"href":"https:\/\/kulturbloggen.com\/index.php?rest_route=\/wp\/v2\/posts\/118410\/revisions\/118412"}],"wp:attachment":[{"href":"https:\/\/kulturbloggen.com\/index.php?rest_route=%2Fwp%2Fv2%2Fmedia&parent=118410"}],"wp:term":[{"taxonomy":"category","embeddable":true,"href":"https:\/\/kulturbloggen.com\/index.php?rest_route=%2Fwp%2Fv2%2Fcategories&post=118410"},{"taxonomy":"post_tag","embeddable":true,"href":"https:\/\/kulturbloggen.com\/index.php?rest_route=%2Fwp%2Fv2%2Ftags&post=118410"}],"curies":[{"name":"wp","href":"https:\/\/api.w.org\/{rel}","templated":true}]}}