{"id":118407,"date":"2018-06-08T08:52:25","date_gmt":"2018-06-08T07:52:25","guid":{"rendered":"https:\/\/kulturbloggen.com\/?p=118407"},"modified":"2023-02-17T11:53:51","modified_gmt":"2023-02-17T10:53:51","slug":"sweden-rock-festival-iron-maiden","status":"publish","type":"post","link":"https:\/\/kulturbloggen.com\/?p=118407","title":{"rendered":"Sweden Rock Festival &#8211; Iron Maiden"},"content":{"rendered":"<p>Plats: Sweden Rock Festival<br \/>\nArtist: Iron Maiden<br \/>\nBetyg: 4<\/p>\n<p>Efter en synnerligen besv\u00e4rlig inledning p\u00e5 \u00e5rets festival, f\u00f6r oss allts\u00e5, \u00e4r vi \u00e4ntligen p\u00e5 plats p\u00e5 det stora f\u00e4ltet i Norje Boke utanf\u00f6r S\u00f6lvesborg. Vi och 35000 andra festivalbes\u00f6kare. Alla \u00e4r vi d\u00e4r f\u00f6r att v\u00e4lkomna Iron Maiden. Det kanske st\u00f6rsta bandet i genren h\u00e5rdrock. Det \u00e4r en publik med stora f\u00f6rv\u00e4ntningar som trampar ot\u00e5ligt framf\u00f6r den stora festvalscenen men vi beh\u00f6ver inte v\u00e4nta s\u00e5 l\u00e4nge. Bandet g\u00e5r p\u00e5 i exakt r\u00e4tt tid och de levererar redan fr\u00e5n b\u00f6rjan. Ett n\u00e4stan tv\u00e5 timmar l\u00e5ngt p\u00e4rlband av deras st\u00f6rsta hits ber\u00e4ttas som i en odyss\u00e9 genom bandets historia. Scenografin \u00e4r m\u00e4ktig och p\u00e5kostad \u00e4ven om flygplanet som sv\u00e4var \u00f6ver bandet under den inledande l\u00e5ten, ser ut som n\u00e5got tillverkad i papier mach\u00e9 p\u00e5 teknikterapin f\u00f6r \u00f6verambiti\u00f6sa rockers. Det s\u00e5g s\u00e4kert h\u00e4ftigt ut p\u00e5 lite l\u00e4ngre avst\u00e5nd fr\u00e5n scenen dock. Det gjorde i alla fall resten av scenbygget. Maiden l\u00e4r ju vara bland det dyraste som bes\u00f6kt Sweden Rock men de har verkligen inte sparat p\u00e5 krutet f\u00f6r publiken.<\/p>\n<figure id=\"attachment_118408\" aria-describedby=\"caption-attachment-118408\" style=\"width: 863px\" class=\"wp-caption aligncenter\"><img loading=\"lazy\" decoding=\"async\" class=\"size-full wp-image-118408\" src=\"https:\/\/kulturbloggen.com\/wp-content\/uploads\/2018\/06\/IMG_20180607_214924974.jpg\" alt=\"\" width=\"863\" height=\"760\" srcset=\"https:\/\/kulturbloggen.com\/wp-content\/uploads\/2018\/06\/IMG_20180607_214924974.jpg 863w, https:\/\/kulturbloggen.com\/wp-content\/uploads\/2018\/06\/IMG_20180607_214924974-300x264.jpg 300w, https:\/\/kulturbloggen.com\/wp-content\/uploads\/2018\/06\/IMG_20180607_214924974-768x676.jpg 768w\" sizes=\"auto, (max-width: 863px) 100vw, 863px\" \/><figcaption id=\"caption-attachment-118408\" class=\"wp-caption-text\">P\u00e5 grund av fotorestriktioner d\u00e4r endast &#8221;utvalda&#8221; medier fick fota fr\u00e5n diket framf\u00f6r scenen, \u00e4r detta enda bilden vi lyckades ta.<\/figcaption><\/figure>\n<p>Musikaliskt d\u00e5? Snortajt! Det g\u00e5r inte att s\u00e4ga n\u00e5got annat om det. Det h\u00e4r \u00e4r en v\u00e4loljad rocknrollmaskin d\u00e4r varje r\u00f6relse, ton och scenbyte \u00e4r slipat till perfektion. Dickinson sjunger grymt bra och bandet sv\u00e4nger sjukt bra. Min enda inv\u00e4ndning \u00e4r att de l\u00e5ter som de alltid g\u00f6r och att deras sound tenderar att g\u00f6ra l\u00e5tarna v\u00e4ldigt lika varandra. Det som trots allt bygger intresset och h\u00e5ller det uppe \u00e4r l\u00e5tarnas intron som \u00e4r sp\u00e4nnande, samt s\u00e5ngarens fantastiska engagemang och h\u00e4ngivenhet. Jag \u00e4lskar att ett s\u00e5 h\u00e4r stort band med s\u00e5 h\u00e4r beg\u00e5vade musiker, inte sl\u00f6sar v\u00e5r tid med trista gitarr- och trumsolon. Instrumentalisterna gl\u00e4nser \u00e4nd\u00e5 p\u00e5 sina respektive instrument men de g\u00f6r det i l\u00e5tarna p\u00e5 ett s\u00e4tt som lyfter, ist\u00e4llet f\u00f6r att skapa ot\u00e5lighet och l\u00e4ngtan efter att det ska sluta.<\/p>\n<p>N\u00e4r n\u00e4stan varje l\u00e5t i ett sp\u00e4ckat schema, framkallar alls\u00e5ng och st\u00e5p\u00e4ls p\u00e5 en m\u00e5ngh\u00f6vdade publiken, kan man inte annat \u00e4n njuta.<\/p>\n<p>Foto: Maria Laakso \u00c5man<\/p>\n<p>&nbsp;<\/p>\n","protected":false},"excerpt":{"rendered":"<p>Plats: Sweden Rock Festival Artist: Iron Maiden Betyg: 4 Efter en synnerligen besv\u00e4rlig inledning p\u00e5 \u00e5rets festival, f\u00f6r oss allts\u00e5, \u00e4r vi \u00e4ntligen p\u00e5 plats p\u00e5 det stora f\u00e4ltet i Norje Boke utanf\u00f6r S\u00f6lvesborg. Vi och 35000 andra festivalbes\u00f6kare. Alla \u00e4r vi d\u00e4r f\u00f6r att v\u00e4lkomna Iron Maiden. Det kanske st\u00f6rsta bandet i genren h\u00e5rdrock. [&hellip;]<\/p>\n","protected":false},"author":14,"featured_media":0,"comment_status":"open","ping_status":"open","sticky":false,"template":"","format":"standard","meta":{"_genesis_hide_title":false,"_genesis_hide_breadcrumbs":false,"_genesis_hide_singular_image":false,"_genesis_hide_footer_widgets":false,"_genesis_custom_body_class":"","_genesis_custom_post_class":"","_genesis_layout":"","footnotes":""},"categories":[7,16,13624],"tags":[2563],"class_list":{"0":"post-118407","1":"post","2":"type-post","3":"status-publish","4":"format-standard","6":"category-musik","7":"category-recension","8":"category-toppnytt","9":"tag-iron-maiden","10":"entry"},"_links":{"self":[{"href":"https:\/\/kulturbloggen.com\/index.php?rest_route=\/wp\/v2\/posts\/118407","targetHints":{"allow":["GET"]}}],"collection":[{"href":"https:\/\/kulturbloggen.com\/index.php?rest_route=\/wp\/v2\/posts"}],"about":[{"href":"https:\/\/kulturbloggen.com\/index.php?rest_route=\/wp\/v2\/types\/post"}],"author":[{"embeddable":true,"href":"https:\/\/kulturbloggen.com\/index.php?rest_route=\/wp\/v2\/users\/14"}],"replies":[{"embeddable":true,"href":"https:\/\/kulturbloggen.com\/index.php?rest_route=%2Fwp%2Fv2%2Fcomments&post=118407"}],"version-history":[{"count":1,"href":"https:\/\/kulturbloggen.com\/index.php?rest_route=\/wp\/v2\/posts\/118407\/revisions"}],"predecessor-version":[{"id":118409,"href":"https:\/\/kulturbloggen.com\/index.php?rest_route=\/wp\/v2\/posts\/118407\/revisions\/118409"}],"wp:attachment":[{"href":"https:\/\/kulturbloggen.com\/index.php?rest_route=%2Fwp%2Fv2%2Fmedia&parent=118407"}],"wp:term":[{"taxonomy":"category","embeddable":true,"href":"https:\/\/kulturbloggen.com\/index.php?rest_route=%2Fwp%2Fv2%2Fcategories&post=118407"},{"taxonomy":"post_tag","embeddable":true,"href":"https:\/\/kulturbloggen.com\/index.php?rest_route=%2Fwp%2Fv2%2Ftags&post=118407"}],"curies":[{"name":"wp","href":"https:\/\/api.w.org\/{rel}","templated":true}]}}