{"id":118378,"date":"2018-06-07T12:55:06","date_gmt":"2018-06-07T11:55:06","guid":{"rendered":"https:\/\/kulturbloggen.com\/?p=118378"},"modified":"2018-06-07T13:01:55","modified_gmt":"2018-06-07T12:01:55","slug":"mariah-carey-till-sverige-med-julkonserten-all-i-want-for-christmas-is-you","status":"publish","type":"post","link":"https:\/\/kulturbloggen.com\/?p=118378","title":{"rendered":"Mariah Carey till Sverige med julkonserten &#8221;All I Want for Christmas is You&#8221;"},"content":{"rendered":"<p><img loading=\"lazy\" decoding=\"async\" src=\"https:\/\/kulturbloggen.com\/wp-content\/uploads\/2018\/06\/unnamed-33-300x144.jpg\" alt=\"\" width=\"300\" height=\"144\" class=\"aligncenter size-medium wp-image-118379\" srcset=\"https:\/\/kulturbloggen.com\/wp-content\/uploads\/2018\/06\/unnamed-33-300x144.jpg 300w, https:\/\/kulturbloggen.com\/wp-content\/uploads\/2018\/06\/unnamed-33.jpg 690w\" sizes=\"auto, (max-width: 300px) 100vw, 300px\" \/><\/p>\n<p>Mariah Carey till Sverige med julkonserten &#8221;All I Want for Christmas is You&#8221;, ber\u00e4ttar ett pressmeddelande:<br \/>\nV\u00e4rldsstj\u00e4rnan, s\u00e5ngundret och den internationella ikonen Mariah Carey meddelar idag att hon \u00e5terv\u00e4nder till Europa med sin oerh\u00f6rt framg\u00e5ngsrika och kritikerrosade turn\u00e9 \u201dAll I Want For Christmas Is You\u201d med start i november. Turn\u00e9n kommer till G\u00f6teborg och Scandinavium 3 december 2018.<\/p>\n","protected":false},"excerpt":{"rendered":"<p>Mariah Carey till Sverige med julkonserten &#8221;All I Want for Christmas is You&#8221;, ber\u00e4ttar ett pressmeddelande: V\u00e4rldsstj\u00e4rnan, s\u00e5ngundret och den internationella ikonen Mariah Carey meddelar idag att hon \u00e5terv\u00e4nder till Europa med sin oerh\u00f6rt framg\u00e5ngsrika och kritikerrosade turn\u00e9 \u201dAll I Want For Christmas Is You\u201d med start i november. Turn\u00e9n kommer till G\u00f6teborg och Scandinavium [&hellip;]<\/p>\n","protected":false},"author":13,"featured_media":0,"comment_status":"open","ping_status":"open","sticky":false,"template":"","format":"standard","meta":{"_genesis_hide_title":false,"_genesis_hide_breadcrumbs":false,"_genesis_hide_singular_image":false,"_genesis_hide_footer_widgets":false,"_genesis_custom_body_class":"","_genesis_custom_post_class":"","_genesis_layout":"","footnotes":""},"categories":[7],"tags":[13705,8412,12282],"class_list":{"0":"post-118378","1":"post","2":"type-post","3":"status-publish","4":"format-standard","6":"category-musik","7":"tag-julkonserter","8":"tag-mariah-carey","9":"tag-musik","10":"entry"},"_links":{"self":[{"href":"https:\/\/kulturbloggen.com\/index.php?rest_route=\/wp\/v2\/posts\/118378","targetHints":{"allow":["GET"]}}],"collection":[{"href":"https:\/\/kulturbloggen.com\/index.php?rest_route=\/wp\/v2\/posts"}],"about":[{"href":"https:\/\/kulturbloggen.com\/index.php?rest_route=\/wp\/v2\/types\/post"}],"author":[{"embeddable":true,"href":"https:\/\/kulturbloggen.com\/index.php?rest_route=\/wp\/v2\/users\/13"}],"replies":[{"embeddable":true,"href":"https:\/\/kulturbloggen.com\/index.php?rest_route=%2Fwp%2Fv2%2Fcomments&post=118378"}],"version-history":[{"count":1,"href":"https:\/\/kulturbloggen.com\/index.php?rest_route=\/wp\/v2\/posts\/118378\/revisions"}],"predecessor-version":[{"id":118380,"href":"https:\/\/kulturbloggen.com\/index.php?rest_route=\/wp\/v2\/posts\/118378\/revisions\/118380"}],"wp:attachment":[{"href":"https:\/\/kulturbloggen.com\/index.php?rest_route=%2Fwp%2Fv2%2Fmedia&parent=118378"}],"wp:term":[{"taxonomy":"category","embeddable":true,"href":"https:\/\/kulturbloggen.com\/index.php?rest_route=%2Fwp%2Fv2%2Fcategories&post=118378"},{"taxonomy":"post_tag","embeddable":true,"href":"https:\/\/kulturbloggen.com\/index.php?rest_route=%2Fwp%2Fv2%2Ftags&post=118378"}],"curies":[{"name":"wp","href":"https:\/\/api.w.org\/{rel}","templated":true}]}}