{"id":118345,"date":"2018-06-06T19:18:39","date_gmt":"2018-06-06T18:18:39","guid":{"rendered":"https:\/\/kulturbloggen.com\/?p=118345"},"modified":"2018-06-06T19:18:39","modified_gmt":"2018-06-06T18:18:39","slug":"tillsammans-cup-karlek-till-sverige-tillsammans","status":"publish","type":"post","link":"https:\/\/kulturbloggen.com\/?p=118345","title":{"rendered":"Tillsammans Cup &#8211; k\u00e4rlek till Sverige &#8211; Tillsammans"},"content":{"rendered":"<p><a href=\"https:\/\/kulturbloggen.com\/wp-content\/uploads\/2018\/06\/tillsammans.jpg\"><img loading=\"lazy\" decoding=\"async\" class=\"alignnone size-full wp-image-118346\" src=\"https:\/\/kulturbloggen.com\/wp-content\/uploads\/2018\/06\/tillsammans.jpg\" alt=\"\" width=\"960\" height=\"720\" srcset=\"https:\/\/kulturbloggen.com\/wp-content\/uploads\/2018\/06\/tillsammans.jpg 960w, https:\/\/kulturbloggen.com\/wp-content\/uploads\/2018\/06\/tillsammans-300x225.jpg 300w, https:\/\/kulturbloggen.com\/wp-content\/uploads\/2018\/06\/tillsammans-768x576.jpg 768w\" sizes=\"auto, (max-width: 960px) 100vw, 960px\" \/><\/a><\/p>\n<p>Nationaldag, den 6 juni, och r\u00f6d dag sedan 2005, s\u00e5 det k\u00e4nns som vi inte riktigt vet hur vi ska fira denna tillsammans. F\u00f6r tv\u00e5 \u00e5r sen, mitt under den period av stor invandring s\u00e5 skapades Tillsammans Cup p\u00e5 Enskede Ip. I \u00e5r arrangerandes den f\u00f6r tredje g\u00e5ngen och nu har den spridit sig, och arrangeras p\u00e5 ursprunget &#8211; Enskede Ip och arton andra platser.<\/p>\n<ul>\n<li>\u00a0Stockholm<\/li>\n<li>\u00d6rebro<\/li>\n<li>\u00d6ster\u00e5ker<\/li>\n<li>Katrineholm<\/li>\n<li>Motala<\/li>\n<li>Kristianstad<\/li>\n<li>Helsingborg<\/li>\n<li>Botkyrka<\/li>\n<li>Fisks\u00e4tra<\/li>\n<li>Halmstad<\/li>\n<li>Sundsvall<\/li>\n<li>Akalla<\/li>\n<li>\u00d6rnsk\u00f6ldsvik<\/li>\n<li>H\u00f6ga kusten<\/li>\n<li>Osby<\/li>\n<li>G\u00e4vle<\/li>\n<li>Sundbyberg<\/li>\n<li>Malm\u00f6<\/li>\n<li>Bolln\u00e4s<\/li>\n<\/ul>\n<p>Kulturbloggen \u00e4r p\u00e5 plats f\u00f6r tredje \u00e5ret p\u00e5 raken. Erk\u00e4nner, vi \u00e4lskar den trevliga st\u00e4mningen, och att det \u00e4r helt OK att g\u00e5 omkring med en tr\u00f6ja d\u00e4r det st\u00e5r Heja Sverige p\u00e5.\u00a0Tillsammans Cup har v\u00e4xt till en nationell offensiv f\u00f6r m\u00e5ngfald och visar p\u00e5 exempel p\u00e5 vad som kan g\u00f6ras.<\/p>\n<p>Erk\u00e4nner att det \u00e4r artisterna som lockat oss. I \u00e5r blev de utlovade fem artisterna till slut tre, men de tre var desto b\u00e4ttre. Att gratis kunna se Parham, Janice och Norlie &amp; KKV p\u00e5 en scen i Enskede \u00e4r makal\u00f6st. Att sen se Norlie st\u00e5 i en k\u00f6 till en matvagn som alla andra g\u00f6r att det k\u00e4nns p\u00e5 riktigt. Det h\u00e4r \u00e4r en fest, en fest f\u00f6r fotbollen, f\u00f6r Sverige och f\u00f6r att vi vill leva tillsammans.<\/p>\n","protected":false},"excerpt":{"rendered":"<p>Nationaldag, den 6 juni, och r\u00f6d dag sedan 2005, s\u00e5 det k\u00e4nns som vi inte riktigt vet hur vi ska fira denna tillsammans. F\u00f6r tv\u00e5 \u00e5r sen, mitt under den period av stor invandring s\u00e5 skapades Tillsammans Cup p\u00e5 Enskede Ip. I \u00e5r arrangerandes den f\u00f6r tredje g\u00e5ngen och nu har den spridit sig, och [&hellip;]<\/p>\n","protected":false},"author":12,"featured_media":0,"comment_status":"open","ping_status":"open","sticky":false,"template":"","format":"standard","meta":{"_genesis_hide_title":false,"_genesis_hide_breadcrumbs":false,"_genesis_hide_singular_image":false,"_genesis_hide_footer_widgets":false,"_genesis_custom_body_class":"","_genesis_custom_post_class":"","_genesis_layout":"","footnotes":""},"categories":[44],"tags":[12292,13703,7840,13704,13702],"class_list":{"0":"post-118345","1":"post","2":"type-post","3":"status-publish","4":"format-standard","6":"category-chadie","7":"tag-fotboll-sport-nyheter","8":"tag-janice","9":"tag-norlie-kkv","10":"tag-parham","11":"tag-tillsammanscup","12":"entry"},"_links":{"self":[{"href":"https:\/\/kulturbloggen.com\/index.php?rest_route=\/wp\/v2\/posts\/118345","targetHints":{"allow":["GET"]}}],"collection":[{"href":"https:\/\/kulturbloggen.com\/index.php?rest_route=\/wp\/v2\/posts"}],"about":[{"href":"https:\/\/kulturbloggen.com\/index.php?rest_route=\/wp\/v2\/types\/post"}],"author":[{"embeddable":true,"href":"https:\/\/kulturbloggen.com\/index.php?rest_route=\/wp\/v2\/users\/12"}],"replies":[{"embeddable":true,"href":"https:\/\/kulturbloggen.com\/index.php?rest_route=%2Fwp%2Fv2%2Fcomments&post=118345"}],"version-history":[{"count":1,"href":"https:\/\/kulturbloggen.com\/index.php?rest_route=\/wp\/v2\/posts\/118345\/revisions"}],"predecessor-version":[{"id":118347,"href":"https:\/\/kulturbloggen.com\/index.php?rest_route=\/wp\/v2\/posts\/118345\/revisions\/118347"}],"wp:attachment":[{"href":"https:\/\/kulturbloggen.com\/index.php?rest_route=%2Fwp%2Fv2%2Fmedia&parent=118345"}],"wp:term":[{"taxonomy":"category","embeddable":true,"href":"https:\/\/kulturbloggen.com\/index.php?rest_route=%2Fwp%2Fv2%2Fcategories&post=118345"},{"taxonomy":"post_tag","embeddable":true,"href":"https:\/\/kulturbloggen.com\/index.php?rest_route=%2Fwp%2Fv2%2Ftags&post=118345"}],"curies":[{"name":"wp","href":"https:\/\/api.w.org\/{rel}","templated":true}]}}