{"id":117793,"date":"2018-05-11T16:11:51","date_gmt":"2018-05-11T15:11:51","guid":{"rendered":"https:\/\/kulturbloggen.com\/?p=117793"},"modified":"2018-05-11T16:11:51","modified_gmt":"2018-05-11T15:11:51","slug":"titta-lyssna-thus-owls-a-shade-of-green","status":"publish","type":"post","link":"https:\/\/kulturbloggen.com\/?p=117793","title":{"rendered":"Titta\/lyssna: Thus Owls &#8211; A Shade Of Green"},"content":{"rendered":"<p><img loading=\"lazy\" decoding=\"async\" src=\"https:\/\/kulturbloggen.com\/wp-content\/uploads\/2018\/05\/thusowls.png\" alt=\"\" width=\"237\" height=\"237\" class=\"aligncenter size-full wp-image-117794\" srcset=\"https:\/\/kulturbloggen.com\/wp-content\/uploads\/2018\/05\/thusowls.png 237w, https:\/\/kulturbloggen.com\/wp-content\/uploads\/2018\/05\/thusowls-150x150.png 150w\" sizes=\"auto, (max-width: 237px) 100vw, 237px\" \/><\/p>\n<p>Efter ett par \u00e5rs tystnad, \u00e4r det svensk-utvandrade bandet Thus Owls, aka makarna Erika &#038; Simon Angell, tillbaka med singeln &#8221;A Shade Of Green&#8221; fr\u00e5n sin nya skiva som sl\u00e4pps i h\u00f6st. S\u00e5ngen ges ut p\u00e5 den egna etiketten &#8221;For The Living And The Dead&#8221; och presenteras tillsammans med en lo-fi, svartvit video, lika naket intim som s\u00e5ngen sj\u00e4lv. Idag bor Erika och Simon i Montreal, Canada men bandet planerar att komma till Sverige i h\u00f6st f\u00f6r att presentera den nya plattan live. <\/p>\n<p><iframe loading=\"lazy\" src=\"https:\/\/open.spotify.com\/embed\/album\/3WgtUtqPvbUZJBphAl0Wf5\" width=\"300\" height=\"380\" frameborder=\"0\" allowtransparency=\"true\"><\/iframe><\/p>\n<p><iframe loading=\"lazy\" width=\"560\" height=\"315\" src=\"https:\/\/www.youtube.com\/embed\/1P15KWuvpnc\" frameborder=\"0\" allow=\"autoplay; encrypted-media\" allowfullscreen><\/iframe><\/p>\n","protected":false},"excerpt":{"rendered":"<p>Efter ett par \u00e5rs tystnad, \u00e4r det svensk-utvandrade bandet Thus Owls, aka makarna Erika &#038; Simon Angell, tillbaka med singeln &#8221;A Shade Of Green&#8221; fr\u00e5n sin nya skiva som sl\u00e4pps i h\u00f6st. S\u00e5ngen ges ut p\u00e5 den egna etiketten &#8221;For The Living And The Dead&#8221; och presenteras tillsammans med en lo-fi, svartvit video, lika naket [&hellip;]<\/p>\n","protected":false},"author":13,"featured_media":0,"comment_status":"open","ping_status":"open","sticky":false,"template":"","format":"standard","meta":{"_genesis_hide_title":false,"_genesis_hide_breadcrumbs":false,"_genesis_hide_singular_image":false,"_genesis_hide_footer_widgets":false,"_genesis_custom_body_class":"","_genesis_custom_post_class":"","_genesis_layout":"","footnotes":""},"categories":[7],"tags":[3387,12282,5324],"class_list":{"0":"post-117793","1":"post","2":"type-post","3":"status-publish","4":"format-standard","6":"category-musik","7":"tag-lyssna","8":"tag-musik","9":"tag-spotify","10":"entry"},"_links":{"self":[{"href":"https:\/\/kulturbloggen.com\/index.php?rest_route=\/wp\/v2\/posts\/117793","targetHints":{"allow":["GET"]}}],"collection":[{"href":"https:\/\/kulturbloggen.com\/index.php?rest_route=\/wp\/v2\/posts"}],"about":[{"href":"https:\/\/kulturbloggen.com\/index.php?rest_route=\/wp\/v2\/types\/post"}],"author":[{"embeddable":true,"href":"https:\/\/kulturbloggen.com\/index.php?rest_route=\/wp\/v2\/users\/13"}],"replies":[{"embeddable":true,"href":"https:\/\/kulturbloggen.com\/index.php?rest_route=%2Fwp%2Fv2%2Fcomments&post=117793"}],"version-history":[{"count":1,"href":"https:\/\/kulturbloggen.com\/index.php?rest_route=\/wp\/v2\/posts\/117793\/revisions"}],"predecessor-version":[{"id":117795,"href":"https:\/\/kulturbloggen.com\/index.php?rest_route=\/wp\/v2\/posts\/117793\/revisions\/117795"}],"wp:attachment":[{"href":"https:\/\/kulturbloggen.com\/index.php?rest_route=%2Fwp%2Fv2%2Fmedia&parent=117793"}],"wp:term":[{"taxonomy":"category","embeddable":true,"href":"https:\/\/kulturbloggen.com\/index.php?rest_route=%2Fwp%2Fv2%2Fcategories&post=117793"},{"taxonomy":"post_tag","embeddable":true,"href":"https:\/\/kulturbloggen.com\/index.php?rest_route=%2Fwp%2Fv2%2Ftags&post=117793"}],"curies":[{"name":"wp","href":"https:\/\/api.w.org\/{rel}","templated":true}]}}