{"id":117788,"date":"2018-05-11T08:47:33","date_gmt":"2018-05-11T07:47:33","guid":{"rendered":"https:\/\/kulturbloggen.com\/?p=117788"},"modified":"2018-05-11T08:47:33","modified_gmt":"2018-05-11T07:47:33","slug":"lyssna-maia-hirasawa-jag-valjer-inte-dig","status":"publish","type":"post","link":"https:\/\/kulturbloggen.com\/?p=117788","title":{"rendered":"Lyssna: Maia Hirasawa &#8211; Jag v\u00e4ljer inte dig"},"content":{"rendered":"<p><img loading=\"lazy\" decoding=\"async\" src=\"https:\/\/kulturbloggen.com\/wp-content\/uploads\/2018\/05\/Maia_Hirasawa_2_\u00a9Johan_Strindberg-200x300.jpeg\" alt=\"\" width=\"200\" height=\"300\" class=\"aligncenter size-medium wp-image-117789\" srcset=\"https:\/\/kulturbloggen.com\/wp-content\/uploads\/2018\/05\/Maia_Hirasawa_2_\u00a9Johan_Strindberg-200x300.jpeg 200w, https:\/\/kulturbloggen.com\/wp-content\/uploads\/2018\/05\/Maia_Hirasawa_2_\u00a9Johan_Strindberg-768x1151.jpeg 768w, https:\/\/kulturbloggen.com\/wp-content\/uploads\/2018\/05\/Maia_Hirasawa_2_\u00a9Johan_Strindberg-683x1024.jpeg 683w, https:\/\/kulturbloggen.com\/wp-content\/uploads\/2018\/05\/Maia_Hirasawa_2_\u00a9Johan_Strindberg.jpeg 854w\" sizes=\"auto, (max-width: 200px) 100vw, 200px\" \/><\/p>\n<p>Maia Hirasawa har sl\u00e4ppt singeln \u201dJag V\u00e4ljer Inte Dig\u201d<br \/>\n\u201dJag V\u00e4ljer Inte Dig\u201d \u00e4r f\u00f6rsta smakprovet fr\u00e5n en kommande EP som sl\u00e4pps i h\u00f6st och ett album som v\u00e4ntas tidigt 2019. Singeln sl\u00e4pps f\u00f6r f\u00f6rsta g\u00e5ngen p\u00e5 eget bolag. <\/p>\n<p>Ett pressmail ber\u00e4ttar:<br \/>\nF\u00f6rra \u00e5ret firade Maia Hirasawa tio \u00e5r som artist. Hon har sedan debuten varit en sj\u00e4lvklar del av det svenska men \u00e4ven det japanska musiklivet och pendlat mellan de tv\u00e5 l\u00e4nderna. Hennes lekfulla, sj\u00e4lvklara melodier och egna r\u00f6st har tilltalat m\u00e5nga och hon sjunger numera p\u00e5 tre spr\u00e5k;  engelska, svenska och japanska. F\u00f6rra albumet var p\u00e5 svenska och nu \u00e4r hon tillbaka med en ny singel p\u00e5 svenska som doftar sommarmelankoli och r\u00e5 \u00e4rlighet. <\/p>\n<p>Tillsammans med den nybildade producenttrion T\u00c5FAB (\u00c5ke Olofsson fr\u00e5n Den Svenska Bj\u00f6rnstammen, samt Sebastian Rutgersson och Peter Engstr\u00f6m fr\u00e5n 047) fr\u00e5n G\u00f6teborg, har hon producerat en 80-talsflirtande hj\u00e4rtekrossballad. \u201dJag V\u00e4ljer Inte Dig\u201d \u00e4r f\u00f6rsta smakprovet fr\u00e5n en kommande EP som sl\u00e4pps i h\u00f6st och ett album som v\u00e4ntas tidigt 2019. Singeln sl\u00e4pps fredagen den 11 maj, f\u00f6r f\u00f6rsta g\u00e5ngen p\u00e5 eget bolag. <\/p>\n<p>\u2013 Jag ser allting i filmklipp i huvudet n\u00e4r jag skriver l\u00e5tar. I min nya l\u00e5t Jag V\u00e4ljer Inte Dig har jag tydliga bilder av vad som egentligen h\u00e4nde den d\u00e4r dagen f\u00f6r drygt ett \u00e5r sen. Det var br\u00f6llop, det var varmt, man skulle vara lycklig. P\u00e5 en s\u00e5n fest st\u00e4lls k\u00e4rleken p\u00e5 sin spets, men det \u00e4r ocks\u00e5 d\u00e5 man kan inse att det \u00e4r dags att sl\u00e4ppa taget, s\u00e4ger Maia Hirasawa.<\/p>\n<p>&#8221;Jag V\u00e4ljer Inte Dig\u201d<br \/>\nText &#038; Musik: Maia Hirasawa<br \/>\nProducent: T\u00c5FAB (\u00c5ke Olofsson, Peter Engstr\u00f6m, Sebastian Rutgersson)<br \/>\nMusiker: Maia Hirasawa, \u00c5ke Olofsson, Peter Engstr\u00f6m, Sebastian Rutgersson, David Lindvall <\/p>\n<p>&#8221;Jag V\u00e4ljer Inte Dig (akustisk version)\u201d<br \/>\nText &#038; Musik: Maia Hirasawa<br \/>\nProducent: Maia Hirasawa<br \/>\nMusiker: Maia Hirasawa, Ida Lindberg, Carolina Wallin P\u00e9rez <\/p>\n<p><iframe loading=\"lazy\" src=\"https:\/\/open.spotify.com\/embed\/album\/65E4GXFU9FQ74DYK1HdGXH\" width=\"300\" height=\"380\" frameborder=\"0\" allowtransparency=\"true\"><\/iframe><\/p>\n","protected":false},"excerpt":{"rendered":"<p>Maia Hirasawa har sl\u00e4ppt singeln \u201dJag V\u00e4ljer Inte Dig\u201d \u201dJag V\u00e4ljer Inte Dig\u201d \u00e4r f\u00f6rsta smakprovet fr\u00e5n en kommande EP som sl\u00e4pps i h\u00f6st och ett album som v\u00e4ntas tidigt 2019. Singeln sl\u00e4pps f\u00f6r f\u00f6rsta g\u00e5ngen p\u00e5 eget bolag. Ett pressmail ber\u00e4ttar: F\u00f6rra \u00e5ret firade Maia Hirasawa tio \u00e5r som artist. Hon har sedan debuten [&hellip;]<\/p>\n","protected":false},"author":13,"featured_media":0,"comment_status":"open","ping_status":"open","sticky":false,"template":"","format":"standard","meta":{"_genesis_hide_title":false,"_genesis_hide_breadcrumbs":false,"_genesis_hide_singular_image":false,"_genesis_hide_footer_widgets":false,"_genesis_custom_body_class":"","_genesis_custom_post_class":"","_genesis_layout":"","footnotes":""},"categories":[7,13624],"tags":[3387,12282,5324],"class_list":{"0":"post-117788","1":"post","2":"type-post","3":"status-publish","4":"format-standard","6":"category-musik","7":"category-toppnytt","8":"tag-lyssna","9":"tag-musik","10":"tag-spotify","11":"entry"},"_links":{"self":[{"href":"https:\/\/kulturbloggen.com\/index.php?rest_route=\/wp\/v2\/posts\/117788","targetHints":{"allow":["GET"]}}],"collection":[{"href":"https:\/\/kulturbloggen.com\/index.php?rest_route=\/wp\/v2\/posts"}],"about":[{"href":"https:\/\/kulturbloggen.com\/index.php?rest_route=\/wp\/v2\/types\/post"}],"author":[{"embeddable":true,"href":"https:\/\/kulturbloggen.com\/index.php?rest_route=\/wp\/v2\/users\/13"}],"replies":[{"embeddable":true,"href":"https:\/\/kulturbloggen.com\/index.php?rest_route=%2Fwp%2Fv2%2Fcomments&post=117788"}],"version-history":[{"count":1,"href":"https:\/\/kulturbloggen.com\/index.php?rest_route=\/wp\/v2\/posts\/117788\/revisions"}],"predecessor-version":[{"id":117790,"href":"https:\/\/kulturbloggen.com\/index.php?rest_route=\/wp\/v2\/posts\/117788\/revisions\/117790"}],"wp:attachment":[{"href":"https:\/\/kulturbloggen.com\/index.php?rest_route=%2Fwp%2Fv2%2Fmedia&parent=117788"}],"wp:term":[{"taxonomy":"category","embeddable":true,"href":"https:\/\/kulturbloggen.com\/index.php?rest_route=%2Fwp%2Fv2%2Fcategories&post=117788"},{"taxonomy":"post_tag","embeddable":true,"href":"https:\/\/kulturbloggen.com\/index.php?rest_route=%2Fwp%2Fv2%2Ftags&post=117788"}],"curies":[{"name":"wp","href":"https:\/\/api.w.org\/{rel}","templated":true}]}}