{"id":117672,"date":"2018-05-06T08:05:00","date_gmt":"2018-05-06T07:05:00","guid":{"rendered":"https:\/\/kulturbloggen.com\/?p=117672"},"modified":"2018-05-09T12:51:20","modified_gmt":"2018-05-09T11:51:20","slug":"kulturbloggen-gar-klimatmarschen-for-en-battre-och-starkare-klimatpolitik","status":"publish","type":"post","link":"https:\/\/kulturbloggen.com\/?p=117672","title":{"rendered":"Kulturbloggen g\u00e5r klimatmarschen &#8211; f\u00f6r en b\u00e4ttre och starkare klimatpolitik"},"content":{"rendered":"<p><span style=\"font-weight: 400;\"><a href=\"https:\/\/kulturbloggen.com\/wp-content\/uploads\/2018\/05\/stock-photo-washington-dc-april-thousands-of-people-attend-the-people-s-climate-march-to-stand-up-630429824.jpg\"><img loading=\"lazy\" decoding=\"async\" class=\"alignnone size-medium wp-image-117682\" src=\"https:\/\/kulturbloggen.com\/wp-content\/uploads\/2018\/05\/stock-photo-washington-dc-april-thousands-of-people-attend-the-people-s-climate-march-to-stand-up-630429824-300x213.jpg\" alt=\"\" width=\"300\" height=\"213\" srcset=\"https:\/\/kulturbloggen.com\/wp-content\/uploads\/2018\/05\/stock-photo-washington-dc-april-thousands-of-people-attend-the-people-s-climate-march-to-stand-up-630429824-300x213.jpg 300w, https:\/\/kulturbloggen.com\/wp-content\/uploads\/2018\/05\/stock-photo-washington-dc-april-thousands-of-people-attend-the-people-s-climate-march-to-stand-up-630429824.jpg 450w\" sizes=\"auto, (max-width: 300px) 100vw, 300px\" \/><\/a>Klimatriksdagen arrangeras f\u00f6r andra g\u00e5ngen. Under helgen h\u00f6lls hundratals f\u00f6rel\u00e4sningar, workshops och seminarier om klimatet och h\u00e5llbara l\u00f6sningar f\u00f6r en b\u00e4ttre, stabilare klimatpolitik. <\/span><\/p>\n<p><span style=\"font-weight: 400;\">Initiativet kom fr\u00e5n naturv\u00e4nner i Norrk\u00f6ping som var tr\u00f6tt p\u00e5 att politiker inte lyssnade. \u00c5r 2014, de f\u00f6rra val\u00e5ret, arrangerades den f\u00f6rsta klimatriksdagen med syftet att ge medborgarna en plattform att kunna p\u00e5verka i klimatfr\u00e5gan. F\u00f6rutom f\u00f6rel\u00e4sningar, seminarier och andra aktiviteter s\u00e5 ger klimatriksdagen utrymme \u00e5t att diskutera\u00a0 konkreta politiska \u00e5tg\u00e4rder. <\/span><\/p>\n<p><span style=\"font-weight: 400;\">Folket f\u00e5r r\u00f6sta p\u00e5 motioner som r\u00f6r energi, transport, global or\u00e4ttvisa med mera. Som avslut g\u00e5r alla i samlad trupp mot riksdagen f\u00f6r att \u00f6verl\u00e4mna motionerna till politikerna. <\/span><\/p>\n<p><span style=\"font-weight: 400;\">Klimatriksdagen \u00f6nskar se en f\u00f6r\u00e4ndring. V\u00e4rlden och Sverige \u00e4r l\u00e5ngt ifr\u00e5n att uppn\u00e5 klimatm\u00e5let att h\u00e5lla oss under tv\u00e5 grader. Enligt SVT analys har vi redan misslyckats med att uppfylla Parisavtalet. K\u00e4rnkraftverk m\u00e5ste st\u00e4ngas, bensinbilarna m\u00e5ste bort och k\u00f6ttkonsumtionen m\u00e5ste ner. F\u00f6r\u00e4ndringen g\u00e5r f\u00f6r l\u00e5ngsamt. Inom fem till tio \u00e5r kommer vi att k\u00e4nna av f\u00f6r\u00e4ndringarna med sm\u00e4ltande isar och of\u00f6ruts\u00e4gbart v\u00e4der. Det \u00e4r alarmerande. D\u00e4rf\u00f6r finns klimatriksdagen, f\u00f6r att pressa p\u00e5 politikerna att skynda p\u00e5 processen. Och d\u00e4rf\u00f6r deltar kulturbloggen, b\u00e5de p\u00e5 riksdagen och p\u00e5 marschen mot riksdagen. F\u00f6r vi har bara en planet och den m\u00e5ste vi vara r\u00e4dda om. Tillsammans skapar vi en f\u00f6r\u00e4ndring. Klimatma<\/span><span style=\"font-weight: 400;\">rschen g\u00e5r 14.00 fr\u00e5n Humleg\u00e5rden till svenska riksdagen. G\u00e5 f\u00f6r isbj\u00f6rnarna i Antarktis, g\u00e5 f\u00f6r isarna som sm\u00e4lter, f\u00f6r urbefolkningen som kommer drabbas h\u00e5rdast. G\u00e5 f\u00f6r en b\u00e4ttre klimatpolitik. Agerar vi nu kan vi stoppa e<\/span><span style=\"font-weight: 400;\">n negativ utveckling. Tillsammans styr vi om kursen fr\u00e5n \u00f6verexploatering till ett liv d\u00e4r m\u00e4nniskor lever i samklang med naturen. F\u00f6r\u00e4ndring \u00e4r n\u00f6dv\u00e4ndig och i den ekvationen finns ingen n\u00e5gon som kan st\u00e4lla allt till r\u00e4tta. Det finns bara du. Genom att h\u00f6ja din r\u00f6st f\u00e5r vi maktm\u00e4nniskor att f\u00f6rst\u00e5 digniteten i fr\u00e5gan. Tillsammans h\u00f6jer vi klimatfr\u00e5gan p\u00e5 agendan och tillsammans r\u00e4ddar vi det k\u00e4raste vi har, v\u00e5r planet. \u00a0<\/span><\/p>\n<p><span style=\"font-weight: 400;\">Petter Stjernstedt<\/span><\/p>\n","protected":false},"excerpt":{"rendered":"<p>Klimatriksdagen arrangeras f\u00f6r andra g\u00e5ngen. Under helgen h\u00f6lls hundratals f\u00f6rel\u00e4sningar, workshops och seminarier om klimatet och h\u00e5llbara l\u00f6sningar f\u00f6r en b\u00e4ttre, stabilare klimatpolitik. Initiativet kom fr\u00e5n naturv\u00e4nner i Norrk\u00f6ping som var tr\u00f6tt p\u00e5 att politiker inte lyssnade. \u00c5r 2014, de f\u00f6rra val\u00e5ret, arrangerades den f\u00f6rsta klimatriksdagen med syftet att ge medborgarna en plattform att kunna [&hellip;]<\/p>\n","protected":false},"author":40,"featured_media":0,"comment_status":"open","ping_status":"open","sticky":false,"template":"","format":"standard","meta":{"_genesis_hide_title":false,"_genesis_hide_breadcrumbs":false,"_genesis_hide_singular_image":false,"_genesis_hide_footer_widgets":false,"_genesis_custom_body_class":"","_genesis_custom_post_class":"","_genesis_layout":"","footnotes":""},"categories":[44,13624],"tags":[],"class_list":{"0":"post-117672","1":"post","2":"type-post","3":"status-publish","4":"format-standard","6":"category-chadie","7":"category-toppnytt","8":"entry"},"_links":{"self":[{"href":"https:\/\/kulturbloggen.com\/index.php?rest_route=\/wp\/v2\/posts\/117672","targetHints":{"allow":["GET"]}}],"collection":[{"href":"https:\/\/kulturbloggen.com\/index.php?rest_route=\/wp\/v2\/posts"}],"about":[{"href":"https:\/\/kulturbloggen.com\/index.php?rest_route=\/wp\/v2\/types\/post"}],"author":[{"embeddable":true,"href":"https:\/\/kulturbloggen.com\/index.php?rest_route=\/wp\/v2\/users\/40"}],"replies":[{"embeddable":true,"href":"https:\/\/kulturbloggen.com\/index.php?rest_route=%2Fwp%2Fv2%2Fcomments&post=117672"}],"version-history":[{"count":14,"href":"https:\/\/kulturbloggen.com\/index.php?rest_route=\/wp\/v2\/posts\/117672\/revisions"}],"predecessor-version":[{"id":117674,"href":"https:\/\/kulturbloggen.com\/index.php?rest_route=\/wp\/v2\/posts\/117672\/revisions\/117674"}],"wp:attachment":[{"href":"https:\/\/kulturbloggen.com\/index.php?rest_route=%2Fwp%2Fv2%2Fmedia&parent=117672"}],"wp:term":[{"taxonomy":"category","embeddable":true,"href":"https:\/\/kulturbloggen.com\/index.php?rest_route=%2Fwp%2Fv2%2Fcategories&post=117672"},{"taxonomy":"post_tag","embeddable":true,"href":"https:\/\/kulturbloggen.com\/index.php?rest_route=%2Fwp%2Fv2%2Ftags&post=117672"}],"curies":[{"name":"wp","href":"https:\/\/api.w.org\/{rel}","templated":true}]}}