{"id":117635,"date":"2018-05-03T21:32:57","date_gmt":"2018-05-03T20:32:57","guid":{"rendered":"https:\/\/kulturbloggen.com\/?p=117635"},"modified":"2018-05-03T21:38:55","modified_gmt":"2018-05-03T20:38:55","slug":"bildgalleri-petter-inleder-gronans-konserter-2018","status":"publish","type":"post","link":"https:\/\/kulturbloggen.com\/?p=117635","title":{"rendered":"Bildgalleri &#8211; Petter inleder gr\u00f6nans konserter 2018"},"content":{"rendered":"<p>Petter \u00e4r f\u00f6rst, den f\u00f6rsta artisten i Gr\u00f6na Lunds l\u00e5nga serie av konserter. Den f\u00f6rsta av 50. Vilken inledning, en ganska kylig kv\u00e4ll, r\u00e4tt mycket folk framf\u00f6r den stora scenen trots att regnet h\u00e4ngt i luften de stunder den inte fallit ner. Det kom n\u00e5gra tunga droppar under konserten ocks\u00e5, men det spelade ingen roll.<\/p>\n<p>Petter firar 20 \u00e5r som artist i \u00e5r, och det \u00e4r en artist med poesi i blodet.<\/p>\n<p>H\u00e4r \u00e4r ett antal bilder hur det s\u00e5g ut under kv\u00e4llen.\u00a0<a href=\"https:\/\/kulturbloggen.com\/wp-content\/uploads\/2018\/05\/petter1.jpg\"><img loading=\"lazy\" decoding=\"async\" class=\"alignnone size-full wp-image-117636\" src=\"https:\/\/kulturbloggen.com\/wp-content\/uploads\/2018\/05\/petter1.jpg\" alt=\"\" width=\"600\" height=\"400\" srcset=\"https:\/\/kulturbloggen.com\/wp-content\/uploads\/2018\/05\/petter1.jpg 600w, https:\/\/kulturbloggen.com\/wp-content\/uploads\/2018\/05\/petter1-300x200.jpg 300w\" sizes=\"auto, (max-width: 600px) 100vw, 600px\" \/><\/a><\/p>\n<p><a href=\"https:\/\/kulturbloggen.com\/wp-content\/uploads\/2018\/05\/petter2.jpg\"><img loading=\"lazy\" decoding=\"async\" class=\"alignnone size-large wp-image-117637\" src=\"https:\/\/kulturbloggen.com\/wp-content\/uploads\/2018\/05\/petter2.jpg\" alt=\"\" width=\"600\" height=\"400\" srcset=\"https:\/\/kulturbloggen.com\/wp-content\/uploads\/2018\/05\/petter2.jpg 600w, https:\/\/kulturbloggen.com\/wp-content\/uploads\/2018\/05\/petter2-300x200.jpg 300w\" sizes=\"auto, (max-width: 600px) 100vw, 600px\" \/><br \/>\n<\/a><\/p>\n<p class=\"p1\"><span class=\"s1\">Eye N&#8217; I gjorde ett v\u00e4ldigt energifyllt g\u00e4stspel. &#8221;Det \u00e4r mitt eget atomkraftverk&#8221; sa Petter.<br \/>\n<\/span><a href=\"https:\/\/kulturbloggen.com\/wp-content\/uploads\/2018\/05\/petter3.jpg\"><br \/>\n<img loading=\"lazy\" decoding=\"async\" class=\"alignnone size-large wp-image-117638\" src=\"https:\/\/kulturbloggen.com\/wp-content\/uploads\/2018\/05\/petter3.jpg\" alt=\"\" width=\"600\" height=\"400\" srcset=\"https:\/\/kulturbloggen.com\/wp-content\/uploads\/2018\/05\/petter3.jpg 600w, https:\/\/kulturbloggen.com\/wp-content\/uploads\/2018\/05\/petter3-300x200.jpg 300w\" sizes=\"auto, (max-width: 600px) 100vw, 600px\" \/><\/a> <a href=\"https:\/\/kulturbloggen.com\/wp-content\/uploads\/2018\/05\/petter4.jpg\"><img loading=\"lazy\" decoding=\"async\" class=\"alignnone size-large wp-image-117639\" src=\"https:\/\/kulturbloggen.com\/wp-content\/uploads\/2018\/05\/petter4.jpg\" alt=\"\" width=\"600\" height=\"409\" srcset=\"https:\/\/kulturbloggen.com\/wp-content\/uploads\/2018\/05\/petter4.jpg 600w, https:\/\/kulturbloggen.com\/wp-content\/uploads\/2018\/05\/petter4-300x205.jpg 300w\" sizes=\"auto, (max-width: 600px) 100vw, 600px\" \/><br \/>\nMadi Banji var en annan g\u00e4st p\u00e5 spelningen.<br \/>\n<\/a> <a href=\"https:\/\/kulturbloggen.com\/wp-content\/uploads\/2018\/05\/petter5.jpg\"><img loading=\"lazy\" decoding=\"async\" class=\"alignnone size-large wp-image-117640\" src=\"https:\/\/kulturbloggen.com\/wp-content\/uploads\/2018\/05\/petter5.jpg\" alt=\"\" width=\"600\" height=\"900\" srcset=\"https:\/\/kulturbloggen.com\/wp-content\/uploads\/2018\/05\/petter5.jpg 600w, https:\/\/kulturbloggen.com\/wp-content\/uploads\/2018\/05\/petter5-200x300.jpg 200w\" sizes=\"auto, (max-width: 600px) 100vw, 600px\" \/><\/a> <a href=\"https:\/\/kulturbloggen.com\/wp-content\/uploads\/2018\/05\/petter6.jpg\"><img loading=\"lazy\" decoding=\"async\" class=\"alignnone size-large wp-image-117641\" src=\"https:\/\/kulturbloggen.com\/wp-content\/uploads\/2018\/05\/petter6.jpg\" alt=\"\" width=\"600\" height=\"400\" srcset=\"https:\/\/kulturbloggen.com\/wp-content\/uploads\/2018\/05\/petter6.jpg 600w, https:\/\/kulturbloggen.com\/wp-content\/uploads\/2018\/05\/petter6-300x200.jpg 300w\" sizes=\"auto, (max-width: 600px) 100vw, 600px\" \/><\/a> <a href=\"https:\/\/kulturbloggen.com\/wp-content\/uploads\/2018\/05\/petter7.jpg\"><img loading=\"lazy\" decoding=\"async\" class=\"alignnone size-large wp-image-117642\" src=\"https:\/\/kulturbloggen.com\/wp-content\/uploads\/2018\/05\/petter7.jpg\" alt=\"\" width=\"600\" height=\"400\" srcset=\"https:\/\/kulturbloggen.com\/wp-content\/uploads\/2018\/05\/petter7.jpg 600w, https:\/\/kulturbloggen.com\/wp-content\/uploads\/2018\/05\/petter7-300x200.jpg 300w\" sizes=\"auto, (max-width: 600px) 100vw, 600px\" \/><\/a><\/p>\n<p>&nbsp;<\/p>\n","protected":false},"excerpt":{"rendered":"<p>Petter \u00e4r f\u00f6rst, den f\u00f6rsta artisten i Gr\u00f6na Lunds l\u00e5nga serie av konserter. Den f\u00f6rsta av 50. Vilken inledning, en ganska kylig kv\u00e4ll, r\u00e4tt mycket folk framf\u00f6r den stora scenen trots att regnet h\u00e4ngt i luften de stunder den inte fallit ner. Det kom n\u00e5gra tunga droppar under konserten ocks\u00e5, men det spelade ingen roll. [&hellip;]<\/p>\n","protected":false},"author":12,"featured_media":0,"comment_status":"open","ping_status":"open","sticky":false,"template":"","format":"standard","meta":{"_genesis_hide_title":false,"_genesis_hide_breadcrumbs":false,"_genesis_hide_singular_image":false,"_genesis_hide_footer_widgets":false,"_genesis_custom_body_class":"","_genesis_custom_post_class":"","_genesis_layout":"","footnotes":""},"categories":[7],"tags":[],"class_list":{"0":"post-117635","1":"post","2":"type-post","3":"status-publish","4":"format-standard","6":"category-musik","7":"entry"},"_links":{"self":[{"href":"https:\/\/kulturbloggen.com\/index.php?rest_route=\/wp\/v2\/posts\/117635","targetHints":{"allow":["GET"]}}],"collection":[{"href":"https:\/\/kulturbloggen.com\/index.php?rest_route=\/wp\/v2\/posts"}],"about":[{"href":"https:\/\/kulturbloggen.com\/index.php?rest_route=\/wp\/v2\/types\/post"}],"author":[{"embeddable":true,"href":"https:\/\/kulturbloggen.com\/index.php?rest_route=\/wp\/v2\/users\/12"}],"replies":[{"embeddable":true,"href":"https:\/\/kulturbloggen.com\/index.php?rest_route=%2Fwp%2Fv2%2Fcomments&post=117635"}],"version-history":[{"count":3,"href":"https:\/\/kulturbloggen.com\/index.php?rest_route=\/wp\/v2\/posts\/117635\/revisions"}],"predecessor-version":[{"id":117645,"href":"https:\/\/kulturbloggen.com\/index.php?rest_route=\/wp\/v2\/posts\/117635\/revisions\/117645"}],"wp:attachment":[{"href":"https:\/\/kulturbloggen.com\/index.php?rest_route=%2Fwp%2Fv2%2Fmedia&parent=117635"}],"wp:term":[{"taxonomy":"category","embeddable":true,"href":"https:\/\/kulturbloggen.com\/index.php?rest_route=%2Fwp%2Fv2%2Fcategories&post=117635"},{"taxonomy":"post_tag","embeddable":true,"href":"https:\/\/kulturbloggen.com\/index.php?rest_route=%2Fwp%2Fv2%2Ftags&post=117635"}],"curies":[{"name":"wp","href":"https:\/\/api.w.org\/{rel}","templated":true}]}}