{"id":117565,"date":"2018-04-30T11:55:26","date_gmt":"2018-04-30T10:55:26","guid":{"rendered":"https:\/\/kulturbloggen.com\/?p=117565"},"modified":"2018-04-30T11:55:26","modified_gmt":"2018-04-30T10:55:26","slug":"den-iranske-regissoren-jafar-panahis-nya-film-three-faces-tavlar-i-ar-om-guldpalmen","status":"publish","type":"post","link":"https:\/\/kulturbloggen.com\/?p=117565","title":{"rendered":"Den iranske regiss\u00f6ren Jafar Panahis nya film Three Faces t\u00e4vlar i \u00e5r om Guldpalmen"},"content":{"rendered":"<p><img loading=\"lazy\" decoding=\"async\" src=\"https:\/\/kulturbloggen.com\/wp-content\/uploads\/2018\/04\/iranskfilm650.jpg\" alt=\"\" width=\"650\" height=\"343\" class=\"aligncenter size-full wp-image-117568\" srcset=\"https:\/\/kulturbloggen.com\/wp-content\/uploads\/2018\/04\/iranskfilm650.jpg 650w, https:\/\/kulturbloggen.com\/wp-content\/uploads\/2018\/04\/iranskfilm650-300x158.jpg 300w\" sizes=\"auto, (max-width: 650px) 100vw, 650px\" \/><\/p>\n<p>Den iranske regiss\u00f6ren Jafar Panahis nya film Three Faces t\u00e4vlar i \u00e5r om Guldpalmen.<\/p>\n<p>Ett pressmeddelande ber\u00e4ttar:<\/p>\n<p>I Three Faces har den k\u00e4nda sk\u00e5despelerskan Behnaz  personligen drabbats av en ung flickas v\u00e4djan p\u00e5 video. Flickans familj f\u00f6rbjuder henne att studera p\u00e5 teaterh\u00f6gskolan i Tehehran. Behnaz l\u00e4mnar filminspelningen hon \u00e4r mitt uppe i och kontaktar filmregiss\u00f6ren Jafar Panahi. Tillsammans ger de sig av p\u00e5 en bilresa till flickans by i hopp om att kunna \u00e4ndra f\u00f6r\u00e4ldrarnas beslut.<\/p>\n<p>Det \u00e4r fortfarande oklart om de iranska myndighterna kommer att ge Panahi utresetillst\u00e5nd. Klart \u00e4r att sk\u00e5despelerskan Behnaz Jafari och ytterligare en av sk\u00e5despelarna i filmen kommer att vara p\u00e5 plats i Cannes.<\/p>\n","protected":false},"excerpt":{"rendered":"<p>Den iranske regiss\u00f6ren Jafar Panahis nya film Three Faces t\u00e4vlar i \u00e5r om Guldpalmen. Ett pressmeddelande ber\u00e4ttar: I Three Faces har den k\u00e4nda sk\u00e5despelerskan Behnaz personligen drabbats av en ung flickas v\u00e4djan p\u00e5 video. Flickans familj f\u00f6rbjuder henne att studera p\u00e5 teaterh\u00f6gskolan i Tehehran. Behnaz l\u00e4mnar filminspelningen hon \u00e4r mitt uppe i och kontaktar filmregiss\u00f6ren [&hellip;]<\/p>\n","protected":false},"author":13,"featured_media":0,"comment_status":"open","ping_status":"open","sticky":false,"template":"","format":"standard","meta":{"_genesis_hide_title":false,"_genesis_hide_breadcrumbs":false,"_genesis_hide_singular_image":false,"_genesis_hide_footer_widgets":false,"_genesis_custom_body_class":"","_genesis_custom_post_class":"","_genesis_layout":"","footnotes":""},"categories":[50,20,13624],"tags":[13317,12286],"class_list":{"0":"post-117565","1":"post","2":"type-post","3":"status-publish","4":"format-standard","6":"category-filmfilm","7":"category-film","8":"category-toppnytt","9":"tag-guldpalmen","10":"tag-film","11":"entry"},"_links":{"self":[{"href":"https:\/\/kulturbloggen.com\/index.php?rest_route=\/wp\/v2\/posts\/117565","targetHints":{"allow":["GET"]}}],"collection":[{"href":"https:\/\/kulturbloggen.com\/index.php?rest_route=\/wp\/v2\/posts"}],"about":[{"href":"https:\/\/kulturbloggen.com\/index.php?rest_route=\/wp\/v2\/types\/post"}],"author":[{"embeddable":true,"href":"https:\/\/kulturbloggen.com\/index.php?rest_route=\/wp\/v2\/users\/13"}],"replies":[{"embeddable":true,"href":"https:\/\/kulturbloggen.com\/index.php?rest_route=%2Fwp%2Fv2%2Fcomments&post=117565"}],"version-history":[{"count":3,"href":"https:\/\/kulturbloggen.com\/index.php?rest_route=\/wp\/v2\/posts\/117565\/revisions"}],"predecessor-version":[{"id":117569,"href":"https:\/\/kulturbloggen.com\/index.php?rest_route=\/wp\/v2\/posts\/117565\/revisions\/117569"}],"wp:attachment":[{"href":"https:\/\/kulturbloggen.com\/index.php?rest_route=%2Fwp%2Fv2%2Fmedia&parent=117565"}],"wp:term":[{"taxonomy":"category","embeddable":true,"href":"https:\/\/kulturbloggen.com\/index.php?rest_route=%2Fwp%2Fv2%2Fcategories&post=117565"},{"taxonomy":"post_tag","embeddable":true,"href":"https:\/\/kulturbloggen.com\/index.php?rest_route=%2Fwp%2Fv2%2Ftags&post=117565"}],"curies":[{"name":"wp","href":"https:\/\/api.w.org\/{rel}","templated":true}]}}