{"id":117512,"date":"2018-04-27T08:17:14","date_gmt":"2018-04-27T07:17:14","guid":{"rendered":"https:\/\/kulturbloggen.com\/?p=117512"},"modified":"2018-05-05T18:59:03","modified_gmt":"2018-05-05T17:59:03","slug":"sang-och-musik-i-harmonisk-symbios-lill-lindfors-i-molnlycke","status":"publish","type":"post","link":"https:\/\/kulturbloggen.com\/?p=117512","title":{"rendered":"S\u00e5ng och musik i harmonisk symbios &#8211; Lill Lindfors i M\u00f6lnlycke"},"content":{"rendered":"<p><strong>Lill Lindfors med Mats Norrefalk och Claes Crona trio<\/strong><\/p>\n<p>R\u00e5da Rum i M\u00f6lnlycke<\/p>\n<p><strong>5<\/strong><\/p>\n<p>25\/4 2018<\/p>\n<p><a href=\"https:\/\/kulturbloggen.com\/wp-content\/uploads\/2018\/04\/31306884_10214493842652269_7454024284621504512_n.jpg\"><img loading=\"lazy\" decoding=\"async\" class=\"alignnone size-full wp-image-117514\" src=\"https:\/\/kulturbloggen.com\/wp-content\/uploads\/2018\/04\/31306884_10214493842652269_7454024284621504512_n.jpg\" alt=\"\" width=\"960\" height=\"720\" srcset=\"https:\/\/kulturbloggen.com\/wp-content\/uploads\/2018\/04\/31306884_10214493842652269_7454024284621504512_n.jpg 960w, https:\/\/kulturbloggen.com\/wp-content\/uploads\/2018\/04\/31306884_10214493842652269_7454024284621504512_n-300x225.jpg 300w, https:\/\/kulturbloggen.com\/wp-content\/uploads\/2018\/04\/31306884_10214493842652269_7454024284621504512_n-768x576.jpg 768w\" sizes=\"auto, (max-width: 960px) 100vw, 960px\" \/><\/a>Foto Qlaez Wennberg<\/p>\n<p>Vil sl\u00e5 fast ett flagrant f\u00f6rbiseende, s\u00e5 obegripligt att det b\u00f6r etiketteras som en underl\u00e5tenhetssynd. Syftar p\u00e5 att Lill Lindfors \u00e4nnu inte\u00a0 \u00e4r invald i Swedish Music Hall of Fame. Konserten inf\u00f6r cirka 800 begeistrade personer p\u00e5 den ort d\u00e4r jag gick i skolan, st\u00e4rkte mig i min uppfattning. Visst p\u00e5verkar f\u00f6rv\u00e4ntningar. Icke f\u00f6rty\u00a0 var vi med om n\u00e5got exceptionellt i M\u00f6lnlycke.\u00a0 En mogen dams \u00e5lder ska man av artighetssk\u00e4l h\u00e5lla tyst om. P\u00e5minner d\u00e4rf\u00f6r ist\u00e4llet om en osedvanligt l\u00e5ng karri\u00e4r, vars f\u00f6rsta storhetstid inf\u00f6ll f\u00f6r drygt femtio \u00e5r sedan med huvudroll i West Side Story, hits i single-format, medverkan i Eurovision Song Contest och som gr\u00e4dde p\u00e5 moset plattan\u00a0<em>Du \u00e4r den ende.<\/em><\/p>\n<p>\u00c4ven om artisten st\u00e5r i centrum\u00a0 p\u00e5\u00a0 egna l\u00e5nga ben, m\u00e5ste konsertens succ\u00e9\u00a0 i lika h\u00f6g grad tillskrivas musikerna omkring henne. Vi ser l\u00e4ngst till h\u00f6ger p\u00e5 scen n\u00e4ra samarbetspartnern Mats Norrefalk p\u00e5 diverse gitarrer, vars resonans \u00e5terges f\u00f6rtr\u00e4ffligt.\u00a0 Han spelar ljuvligt ihop med n\u00e5gra superproffs. Garvade oldtimern Claes Crona vid flygeln tillsammans med Johan Granstr\u00f6m (ny bekantskap f\u00f6r mig som bland andra spelar med Bengan Jansson) p\u00e5 elbas och allest\u00e4des n\u00e4rvarande Johan L\u00f6fcrantz Ramsay bakom trumsetet. Var en smula bet\u00e4nksam d\u00e5 jag blev varse, vilka som utgjorde komp och att elbas ingick i s\u00e4ttningen. Ack vad jag bedrog mig. Basen mullrade aldrig och Johan som jag ofta sett\u00a0 smaska p\u00e5, gav finstilt musicerande ett ansikte. Granstr\u00f6m fick utrymme f\u00f6r flera smakfulla soloinpass, medan den jazzinfluerade batteristen, antingen tillbakadragen eller lagom p\u00e5drivande, servade \u00f6vriga med idealiska rytmer. Ljudet i den spati\u00f6sa lokalen som ut\u00f6kats med l\u00e4ktare, f\u00f6ref\u00f6ll nedskruvat ett par decibel, anpassat till \u00e5h\u00f6rare i samma generation som kv\u00e4llens affischnamn.<\/p>\n<p>Har inte st\u00f6rre koll p\u00e5 Lindfors produktion eller nuvarande repertoar. S\u00e5g trevlig konsert p\u00e5 regnigt G\u00f6taplatsen med G\u00f6teborg Wind Orchestra f\u00f6r n\u00e5gra \u00e5r sedan och n\u00e4r hon ingick i\u00a0 Bengt Arne Wallin &#8211; hyllning i Kulturhuset vid Sergels torg.\u00a0 F\u00f6r att vara i underh\u00e5llningsbranschen har hon gjort osedvanligt mycket med substans, i skiftande genrer och uttrycksformer.\u00a0 Att agera faller sig naturligt, likas\u00e5 att framf\u00f6ra monologer. Av artisten som f\u00e5tt b\u00e5de hederspris p\u00e5 Grammisgala, guldros i Montreux och medalj av kungen, gavs en avancerad provkarta p\u00e5 n\u00e4mnda beg\u00e5vning. Stockholmsslangen i\u00a0<em>Bystan\u00a0<\/em>respektive fyndiga <em>Biologilektionen\u00a0<\/em>p\u00e5 rimmad vers tillh\u00f6rde avdelningen rappa\u00a0 smarta monologer. F\u00f6rm\u00e5gan att memorera komplicerade textavsnitt \u00e4r definitivt beundransv\u00e4rd. \u00c4mnen hon kretsade kring i sina &#8221;prator&#8221; var s\u00e5dant som spr\u00e5kf\u00f6rbistring, tidens obarmh\u00e4rtiga g\u00e5ng, l\u00e4ngtan i plural, k\u00e4ndisskap och sitt barnbarns inst\u00e4llning till tillvaron. Ganska tidigt in i konserten kom en reflektion. Lindfors \u00e4r m\u00e5n om att framf\u00f6ra intelligenta, underfundiga texter. Flera g\u00e5nger framh\u00f6ll hon\u00a0 Bj\u00f6rn Barlachs\u00a0 betydelse. Sj\u00e4lv \u00e4r verkligen inte o\u00e4ven p\u00e5 den punkten, vilket hon bevisade med den \u00e4ran n\u00e4r hon reciterade\u00a0<em>Om jag blir rik n\u00e5n g\u00e5ng.<\/em><\/p>\n<p>Enda som st\u00f6rde\u00a0 en smula var s\u00e4ttet att rikta sig till utvalda &#8221;offer&#8221; p\u00e5 f\u00f6rsta raden, ett tjatigt beteende som ju flitigt f\u00f6rekommer hos st\u00e5 upp &#8211; komiker. Annars en fl\u00e4ckfri, formidabel f\u00f6rest\u00e4llning i tv\u00e5 gener\u00f6sa set. (I paus kunde man\u00a0 k\u00f6pa skivor av Claes Crona.) Rimligt att f\u00f6rmoda att Lindfors tappat n\u00e5got av sitt vokala omf\u00e5ng. Nu kunde man f\u00e5 intrycket att hon sparade n\u00e5gra oktaver till sin m\u00e4ktiga slutton Vad som erbj\u00f6ds var hur som helst magnifikt! Lill Lindfors textar suver\u00e4nt och det melodiska sinnelaget \u00e4r frapperande, rent av bl\u00e4ndande. Musikerna\u00a0 vet precis hur de ska f\u00f6rst\u00e4rka hennes imponerande vokala f\u00f6rm\u00e5ga, vare sig hon sjunger jazzmedley, visa, poppiga\u00a0 \u00f6rh\u00e4ngen fr\u00e5n 70-talet, genuina schlagers eller latinstyle.<\/p>\n<p>Inledde gjorde <em>Bedr\u00e4geri<\/em>, en lovs\u00e5ng till frimodigt sj\u00e4lvst\u00e4ndigt leverne, \u00e5tf\u00f6ljt av\u00a0 fr\u00e4sigt jazztema med en glad blues i sig. Anita O\u00b4 Day hyllades i den ekvilibristiska texten. I\u00a0<em>Jag vill n\u00e5 dig (L\u00e4ngtans samba)\u00a0<\/em>briljerade Granstr\u00f6m och Norrefalk. Den senares spanskklingande ackord f\u00f6rh\u00f6jde l\u00e5tens atmosf\u00e4r. Paret \u00e5terkom i\u00a0<em>Me And Bobby McGee,\u00a0<\/em>d\u00e4r de duellerade fr\u00e4ckt i ett omtag p\u00e5 refr\u00e4ngen. En annan h\u00f6jdpunkt var instrumental, n\u00e4mligen en vals fr\u00e5n Venezuela framf\u00f6rd av Mats p\u00e5 soprangitarr med nylonstr\u00e4ngar. Ingen\u00a0<em>Du \u00e4r den ende\u00a0<\/em>i vackra R\u00e5da Rum , d\u00e4remot flera andra titlar fr\u00e5n den ikoniska lp jag \u00e4rvde efter pappa (vars grav ligger n\u00e5gra stenkast fr\u00e5n konsertlokalen). Vidare \u00e5terfanns p\u00e5 l\u00e5tlistan \u00f6msinta klassikern\u00a0<em>Tillsammans \u00e4r ett s\u00e4tt att finnas till,\u00a0<\/em>&#8221;obligatorisk&#8221; klappa-takten &#8211; medverkan i<em> Musik skall byggas utav gl\u00e4dje,\u00a0<\/em>p\u00e5 beg\u00e4ran ett frejdigt alls\u00e5ngs-potpurri och som extranummer finst\u00e4mda <em>Paint Your Pretty Picture With a Song<\/em> av Bill Withers; med i programmet f\u00f6r att hedra kollegor som nyligen d\u00f6tt.<\/p>\n<p>Inst\u00e4mmer i pr\u00e4stens\u00a0 omd\u00f6me, han som fanns p\u00e5 plats f\u00f6r att vi befann oss i ett megastort f\u00f6rsamlingshem. Lill Lindfors \u00e4r tidl\u00f6s! Vill bara l\u00e4gga till att hon \u00e4r en komplett s\u00e5ngare och underh\u00e5llare. Oavsett om hon fokuserar p\u00e5 att tolka dr\u00f6mskt\/\u00a0 poetiskt eller ber\u00e4tta n\u00e5got up-tempo, g\u00e4rna med humoristisk knorr, beh\u00e4rskar hon fullst\u00e4ndigt valt format. Och musikerna var som framg\u00e5tt bed\u00e5rande, n\u00e4r de gav en stj\u00e4rna utan divalater perfekt inramning. Det url\u00e4ckra kompet beredde v\u00e4g f\u00f6r genialiske gitarrmanen\u00a0 Norrefalk och eleganten vid pianot. Claes Crona med sin enorma erfarenhet vet precis hur man ackompanjerar,\u00a0 levererade h\u00e4rligt underst\u00f6d och f\u00e4rgade dessutom fina melodier med eget temperament. N\u00e4r en recensent m\u00e4rker att han blir r\u00f6rd av att tala om en upplevelse, b\u00f6r denne styrd av s\u00e5v\u00e4l impulsivitet som eftert\u00e4nksamhet , ta beslutet att utdela en fullpo\u00e4ngare.\u00a0 K\u00e4nns finemang\u00a0 att f\u00e5 dokumentera en fulltr\u00e4ff.<\/p>\n<p>&nbsp;<\/p>\n<p>&nbsp;<\/p>\n<p>&nbsp;<\/p>\n<p>&nbsp;<\/p>\n<p>&nbsp;<\/p>\n","protected":false},"excerpt":{"rendered":"<p>Lill Lindfors med Mats Norrefalk och Claes Crona trio R\u00e5da Rum i M\u00f6lnlycke 5 25\/4 2018 Foto Qlaez Wennberg Vil sl\u00e5 fast ett flagrant f\u00f6rbiseende, s\u00e5 obegripligt att det b\u00f6r etiketteras som en underl\u00e5tenhetssynd. Syftar p\u00e5 att Lill Lindfors \u00e4nnu inte\u00a0 \u00e4r invald i Swedish Music Hall of Fame. Konserten inf\u00f6r cirka 800 begeistrade personer [&hellip;]<\/p>\n","protected":false},"author":34,"featured_media":0,"comment_status":"open","ping_status":"open","sticky":false,"template":"","format":"standard","meta":{"_genesis_hide_title":false,"_genesis_hide_breadcrumbs":false,"_genesis_hide_singular_image":false,"_genesis_hide_footer_widgets":false,"_genesis_custom_body_class":"","_genesis_custom_post_class":"","_genesis_layout":"","footnotes":""},"categories":[7,16,20],"tags":[],"class_list":{"0":"post-117512","1":"post","2":"type-post","3":"status-publish","4":"format-standard","6":"category-musik","7":"category-recension","8":"category-film","9":"entry"},"_links":{"self":[{"href":"https:\/\/kulturbloggen.com\/index.php?rest_route=\/wp\/v2\/posts\/117512","targetHints":{"allow":["GET"]}}],"collection":[{"href":"https:\/\/kulturbloggen.com\/index.php?rest_route=\/wp\/v2\/posts"}],"about":[{"href":"https:\/\/kulturbloggen.com\/index.php?rest_route=\/wp\/v2\/types\/post"}],"author":[{"embeddable":true,"href":"https:\/\/kulturbloggen.com\/index.php?rest_route=\/wp\/v2\/users\/34"}],"replies":[{"embeddable":true,"href":"https:\/\/kulturbloggen.com\/index.php?rest_route=%2Fwp%2Fv2%2Fcomments&post=117512"}],"version-history":[{"count":7,"href":"https:\/\/kulturbloggen.com\/index.php?rest_route=\/wp\/v2\/posts\/117512\/revisions"}],"predecessor-version":[{"id":117667,"href":"https:\/\/kulturbloggen.com\/index.php?rest_route=\/wp\/v2\/posts\/117512\/revisions\/117667"}],"wp:attachment":[{"href":"https:\/\/kulturbloggen.com\/index.php?rest_route=%2Fwp%2Fv2%2Fmedia&parent=117512"}],"wp:term":[{"taxonomy":"category","embeddable":true,"href":"https:\/\/kulturbloggen.com\/index.php?rest_route=%2Fwp%2Fv2%2Fcategories&post=117512"},{"taxonomy":"post_tag","embeddable":true,"href":"https:\/\/kulturbloggen.com\/index.php?rest_route=%2Fwp%2Fv2%2Ftags&post=117512"}],"curies":[{"name":"wp","href":"https:\/\/api.w.org\/{rel}","templated":true}]}}