{"id":117485,"date":"2018-04-25T22:47:16","date_gmt":"2018-04-25T21:47:16","guid":{"rendered":"https:\/\/kulturbloggen.com\/?p=117485"},"modified":"2018-04-25T22:52:20","modified_gmt":"2018-04-25T21:52:20","slug":"the-magnettes-tilldragande-bra-fuckyoupop","status":"publish","type":"post","link":"https:\/\/kulturbloggen.com\/?p=117485","title":{"rendered":"The Magnettes &#8211; tilldragande bra fuckyoupop"},"content":{"rendered":"<p>The Magnettes<\/p>\n<p>Scen: Obaren Stockholm<\/p>\n<p>Betyg: 4<\/p>\n<p><a href=\"https:\/\/kulturbloggen.com\/wp-content\/uploads\/2018\/04\/m3.jpg\"><img loading=\"lazy\" decoding=\"async\" class=\"alignnone size-large wp-image-117489\" src=\"https:\/\/kulturbloggen.com\/wp-content\/uploads\/2018\/04\/m3.jpg\" alt=\"\" width=\"600\" height=\"450\" srcset=\"https:\/\/kulturbloggen.com\/wp-content\/uploads\/2018\/04\/m3.jpg 600w, https:\/\/kulturbloggen.com\/wp-content\/uploads\/2018\/04\/m3-300x225.jpg 300w\" sizes=\"auto, (max-width: 600px) 100vw, 600px\" \/><\/a><\/p>\n<p>En onsdag, Obaren i Stockholm, k\u00e4nslan att m\u00e5nga p\u00e5 plats inte riktigt vet vad de ska f\u00e5 lyssna p\u00e5. P\u00e5 scenen kliver det upp ett energipaket fr\u00e5n fucking Pajala, det \u00e4r\u00a0Rebecka Digervall och Sanna Kalla som tillsammans med\u00a0Tomas B\u00e4cklund Thunestr\u00f6m \u00e4r The Magnettes. De \u00e4r stolta budb\u00e4rare av att vara sj\u00e4lvutn\u00e4mnda t\u00f6ntar fr\u00e5n Pajala, som \u00e4r p\u00e5 ett mellanstadiedisco p\u00e5 Obaren, och vilket disco. Energin som sl\u00e4pps loss i lokalen kan liknas med en flodv\u00e5g som bara sv\u00e4mmar \u00f6ver, kanske samma \u00f6versv\u00e4mning som hotar i norra Sverige n\u00e4r all sn\u00f6 nu ska sm\u00e4lta bort. Beh\u00f6ver n\u00e5gon \u00f6ka p\u00e5 sn\u00f6sm\u00e4ltningen, sl\u00e4pp loss Rebecka och Sanna.<\/p>\n<p>\u00c4lskar energin, uttrycket och den punkiga attityden. Det finns en enda sak att klaga p\u00e5, hade g\u00e4rna f\u00e5tt mer musik. Det \u00e4r fuckyoupop, det \u00e4r elektronisk popmusik pumpad med energi, men samtidigt har dom en vaggvisa, Pajala state of mind. Det \u00e4r musik som sprider gl\u00e4dje, som g\u00f6r att folk vill och ska ligga.<\/p>\n<p>Det \u00e4r ingen enkel publik p\u00e5 Obaren, men det skiter Rebecka och Sanna i. Alla ska ha kul, de kastar sig ut bland publiken, de sjunger som gudinnor, dompterar och \u00e4r helt enkelt underbara. The Magnettes, v\u00e4rda att se innan de tagit \u00f6ver hela v\u00e4rlden. Jag kommer att h\u00e5lla koll p\u00e5 dom, och kommer inte att missa att se dom live n\u00e4sta g\u00e5ng jag f\u00e5r chansen. Det kan vara Sveriges n\u00e4sta musikexport.<\/p>\n<p><a href=\"https:\/\/kulturbloggen.com\/wp-content\/uploads\/2018\/04\/m1.jpg\"><img loading=\"lazy\" decoding=\"async\" class=\"alignnone size-full wp-image-117487\" src=\"https:\/\/kulturbloggen.com\/wp-content\/uploads\/2018\/04\/m1.jpg\" alt=\"\" width=\"600\" height=\"450\" srcset=\"https:\/\/kulturbloggen.com\/wp-content\/uploads\/2018\/04\/m1.jpg 600w, https:\/\/kulturbloggen.com\/wp-content\/uploads\/2018\/04\/m1-300x225.jpg 300w\" sizes=\"auto, (max-width: 600px) 100vw, 600px\" \/><\/a> <a href=\"https:\/\/kulturbloggen.com\/wp-content\/uploads\/2018\/04\/m2.jpg\"><img loading=\"lazy\" decoding=\"async\" class=\"alignnone size-large wp-image-117488\" src=\"https:\/\/kulturbloggen.com\/wp-content\/uploads\/2018\/04\/m2.jpg\" alt=\"\" width=\"600\" height=\"450\" srcset=\"https:\/\/kulturbloggen.com\/wp-content\/uploads\/2018\/04\/m2.jpg 600w, https:\/\/kulturbloggen.com\/wp-content\/uploads\/2018\/04\/m2-300x225.jpg 300w\" sizes=\"auto, (max-width: 600px) 100vw, 600px\" \/><\/a><br \/>\n<iframe loading=\"lazy\" src=\"https:\/\/www.youtube.com\/embed\/dde8AdNqv28\" width=\"560\" height=\"315\" frameborder=\"0\" allowfullscreen=\"allowfullscreen\"><\/iframe><\/p>\n<p><iframe loading=\"lazy\" src=\"https:\/\/www.youtube.com\/embed\/dYfLddaSip0\" width=\"560\" height=\"315\" frameborder=\"0\" allowfullscreen=\"allowfullscreen\"><\/iframe><\/p>\n","protected":false},"excerpt":{"rendered":"<p>The Magnettes Scen: Obaren Stockholm Betyg: 4 En onsdag, Obaren i Stockholm, k\u00e4nslan att m\u00e5nga p\u00e5 plats inte riktigt vet vad de ska f\u00e5 lyssna p\u00e5. P\u00e5 scenen kliver det upp ett energipaket fr\u00e5n fucking Pajala, det \u00e4r\u00a0Rebecka Digervall och Sanna Kalla som tillsammans med\u00a0Tomas B\u00e4cklund Thunestr\u00f6m \u00e4r The Magnettes. De \u00e4r stolta budb\u00e4rare av [&hellip;]<\/p>\n","protected":false},"author":12,"featured_media":0,"comment_status":"open","ping_status":"open","sticky":false,"template":"","format":"standard","meta":{"_genesis_hide_title":false,"_genesis_hide_breadcrumbs":false,"_genesis_hide_singular_image":false,"_genesis_hide_footer_widgets":false,"_genesis_custom_body_class":"","_genesis_custom_post_class":"","_genesis_layout":"","footnotes":""},"categories":[7,16],"tags":[],"class_list":{"0":"post-117485","1":"post","2":"type-post","3":"status-publish","4":"format-standard","6":"category-musik","7":"category-recension","8":"entry"},"_links":{"self":[{"href":"https:\/\/kulturbloggen.com\/index.php?rest_route=\/wp\/v2\/posts\/117485","targetHints":{"allow":["GET"]}}],"collection":[{"href":"https:\/\/kulturbloggen.com\/index.php?rest_route=\/wp\/v2\/posts"}],"about":[{"href":"https:\/\/kulturbloggen.com\/index.php?rest_route=\/wp\/v2\/types\/post"}],"author":[{"embeddable":true,"href":"https:\/\/kulturbloggen.com\/index.php?rest_route=\/wp\/v2\/users\/12"}],"replies":[{"embeddable":true,"href":"https:\/\/kulturbloggen.com\/index.php?rest_route=%2Fwp%2Fv2%2Fcomments&post=117485"}],"version-history":[{"count":4,"href":"https:\/\/kulturbloggen.com\/index.php?rest_route=\/wp\/v2\/posts\/117485\/revisions"}],"predecessor-version":[{"id":117492,"href":"https:\/\/kulturbloggen.com\/index.php?rest_route=\/wp\/v2\/posts\/117485\/revisions\/117492"}],"wp:attachment":[{"href":"https:\/\/kulturbloggen.com\/index.php?rest_route=%2Fwp%2Fv2%2Fmedia&parent=117485"}],"wp:term":[{"taxonomy":"category","embeddable":true,"href":"https:\/\/kulturbloggen.com\/index.php?rest_route=%2Fwp%2Fv2%2Fcategories&post=117485"},{"taxonomy":"post_tag","embeddable":true,"href":"https:\/\/kulturbloggen.com\/index.php?rest_route=%2Fwp%2Fv2%2Ftags&post=117485"}],"curies":[{"name":"wp","href":"https:\/\/api.w.org\/{rel}","templated":true}]}}