{"id":117434,"date":"2018-04-24T05:49:20","date_gmt":"2018-04-24T04:49:20","guid":{"rendered":"https:\/\/kulturbloggen.com\/?p=117434"},"modified":"2018-04-24T05:49:20","modified_gmt":"2018-04-24T04:49:20","slug":"boy-george-och-culture-club-till-europride-2018-i-goteborg","status":"publish","type":"post","link":"https:\/\/kulturbloggen.com\/?p=117434","title":{"rendered":"Boy George och Culture Club till EuroPride 2018 i G\u00f6teborg"},"content":{"rendered":"<p><img loading=\"lazy\" decoding=\"async\" src=\"https:\/\/kulturbloggen.com\/wp-content\/uploads\/2018\/04\/boygeorgepride.jpg\" alt=\"\" width=\"650\" height=\"406\" class=\"aligncenter size-full wp-image-117436\" srcset=\"https:\/\/kulturbloggen.com\/wp-content\/uploads\/2018\/04\/boygeorgepride.jpg 650w, https:\/\/kulturbloggen.com\/wp-content\/uploads\/2018\/04\/boygeorgepride-300x187.jpg 300w\" sizes=\"auto, (max-width: 650px) 100vw, 650px\" \/><\/p>\n<p>Den 18 augusti upptr\u00e4der Boy George och Culture Club p\u00e5 G\u00f6taplatsen som ett crescendo p\u00e5 EuroPride i G\u00f6teborg. En s\u00e4llan sk\u00e5dad folkfest i regnb\u00e5gens f\u00e4rger kommer att fylla staden. Konserten \u00e4r gratis och \u00f6ppen f\u00f6r alla.<\/p>\n<p>Ett pressmeddelande ber\u00e4ttar:<br \/>\n\u201dDet k\u00e4nns fantastiskt att komma tillbaka till Sverige och speciellt G\u00f6teborg f\u00f6r att vara en del av EuroPride 2018. Vi har satt samman en show fylld med hits och minnen som vi vet kommer att bli sommarens b\u00e4sta utekv\u00e4ll.\u201d s\u00e4ger Boy George.<\/p>\n<p>Grammy-vinnaren, Boy George och Culture Club har s\u00e5lt mer \u00e4n 50 miljoner skivor med hits som \u201dDo You Really Want to Hurt Me,\u201d \u201dKarma Chameleon,\u201d and \u201dI\u2019ll Tumble 4 Ya\u201d sedan bandet grundades 1981.<\/p>\n<p>Frontar gruppen g\u00f6r brittiska singer\/songwriter Boy George som \u00e4r k\u00e4nd som en av musikv\u00e4rldens mest ikoniska artister. George bel\u00f6nades 2015 med \u201cNovello lifetime achievement award\u201d f\u00f6r sina insatser inom musikindustrin.<\/p>\n<p>Deras senaste framtr\u00e4danden har rosats med fantastiska recensioner:<br \/>\nCulture Club is \u2026.\u201da true show band, with a master at it\u2019s center. If you like to go out, if you like to feel good, if you like to be transported by music, if you are in search of authenticity in a land inundated by fake, \u2026..then this is your gig!\u201d<\/p>\n<p>\u2013 critic Bob Lefsetz (review of show at The Greek Theatre)<\/p>\n<p><strong>EuroPride<\/strong><br \/>\nEuroPride \u00e4r den gemensamma festival som varje \u00e5r uppm\u00e4rksammas extra i Europa och st\u00e5r v\u00e4rd f\u00f6r samtal, debatt och n\u00e4tverkande f\u00f6r en starkare kamp f\u00f6r lika r\u00e4ttigheter.<\/p>\n<p>Organisationen EPOA (European Pride Organisers\u2019 Association) \u00e4r den organisation som beslutar och tilldelar v\u00e4rdskapet. EuroPride h\u00f6ll f\u00f6rsta g\u00e5ngen 1992 och d\u00e5 i London.<\/p>\n<p>Nu i sommar arrangeras EuroPride tillsammans av Stockholm Pride och West Pride mellan 27 juli och 19 augusti.<\/p>\n<p>Det \u00e4r f\u00f6rsta g\u00e5ngen tv\u00e5 st\u00e4der arrangerar detta tillsammans och tredje g\u00e5ngen som Stockholm Pride \u00e4r med som arrang\u00f6r. Stockholm Pride har tidigare arrangerat EuroPride 1998 och 2008.<\/p>\n<p><strong>Datum f\u00f6r EuroPride 2018<\/strong><br \/>\nStockholm 27 juli \u2013 5 augusti<br \/>\nG\u00f6teborg 14 \u2013 19 augusti<\/p>\n","protected":false},"excerpt":{"rendered":"<p>Den 18 augusti upptr\u00e4der Boy George och Culture Club p\u00e5 G\u00f6taplatsen som ett crescendo p\u00e5 EuroPride i G\u00f6teborg. En s\u00e4llan sk\u00e5dad folkfest i regnb\u00e5gens f\u00e4rger kommer att fylla staden. Konserten \u00e4r gratis och \u00f6ppen f\u00f6r alla. Ett pressmeddelande ber\u00e4ttar: \u201dDet k\u00e4nns fantastiskt att komma tillbaka till Sverige och speciellt G\u00f6teborg f\u00f6r att vara en del [&hellip;]<\/p>\n","protected":false},"author":13,"featured_media":0,"comment_status":"open","ping_status":"open","sticky":false,"template":"","format":"standard","meta":{"_genesis_hide_title":false,"_genesis_hide_breadcrumbs":false,"_genesis_hide_singular_image":false,"_genesis_hide_footer_widgets":false,"_genesis_custom_body_class":"","_genesis_custom_post_class":"","_genesis_layout":"","footnotes":""},"categories":[62,7],"tags":[13689,4491],"class_list":{"0":"post-117434","1":"post","2":"type-post","3":"status-publish","4":"format-standard","6":"category-medie-och-kulturpolitik","7":"category-musik","8":"tag-europride","9":"tag-pride","10":"entry"},"_links":{"self":[{"href":"https:\/\/kulturbloggen.com\/index.php?rest_route=\/wp\/v2\/posts\/117434","targetHints":{"allow":["GET"]}}],"collection":[{"href":"https:\/\/kulturbloggen.com\/index.php?rest_route=\/wp\/v2\/posts"}],"about":[{"href":"https:\/\/kulturbloggen.com\/index.php?rest_route=\/wp\/v2\/types\/post"}],"author":[{"embeddable":true,"href":"https:\/\/kulturbloggen.com\/index.php?rest_route=\/wp\/v2\/users\/13"}],"replies":[{"embeddable":true,"href":"https:\/\/kulturbloggen.com\/index.php?rest_route=%2Fwp%2Fv2%2Fcomments&post=117434"}],"version-history":[{"count":3,"href":"https:\/\/kulturbloggen.com\/index.php?rest_route=\/wp\/v2\/posts\/117434\/revisions"}],"predecessor-version":[{"id":117438,"href":"https:\/\/kulturbloggen.com\/index.php?rest_route=\/wp\/v2\/posts\/117434\/revisions\/117438"}],"wp:attachment":[{"href":"https:\/\/kulturbloggen.com\/index.php?rest_route=%2Fwp%2Fv2%2Fmedia&parent=117434"}],"wp:term":[{"taxonomy":"category","embeddable":true,"href":"https:\/\/kulturbloggen.com\/index.php?rest_route=%2Fwp%2Fv2%2Fcategories&post=117434"},{"taxonomy":"post_tag","embeddable":true,"href":"https:\/\/kulturbloggen.com\/index.php?rest_route=%2Fwp%2Fv2%2Ftags&post=117434"}],"curies":[{"name":"wp","href":"https:\/\/api.w.org\/{rel}","templated":true}]}}