{"id":117328,"date":"2018-04-20T15:06:36","date_gmt":"2018-04-20T14:06:36","guid":{"rendered":"https:\/\/kulturbloggen.com\/?p=117328"},"modified":"2018-04-20T15:06:36","modified_gmt":"2018-04-20T14:06:36","slug":"lyssna-eva-dahlgren-jag-vill-ju-bara-vara-fri-ep","status":"publish","type":"post","link":"https:\/\/kulturbloggen.com\/?p=117328","title":{"rendered":"Lyssna:  Eva Dahlgren &#8211; Jag vill ju bara vara fri (EP)"},"content":{"rendered":"<p><img loading=\"lazy\" decoding=\"async\" src=\"https:\/\/kulturbloggen.com\/wp-content\/uploads\/2018\/04\/evadahlgren2018.jpg\" alt=\"\" width=\"337\" height=\"337\" class=\"aligncenter size-full wp-image-117330\" srcset=\"https:\/\/kulturbloggen.com\/wp-content\/uploads\/2018\/04\/evadahlgren2018.jpg 337w, https:\/\/kulturbloggen.com\/wp-content\/uploads\/2018\/04\/evadahlgren2018-150x150.jpg 150w, https:\/\/kulturbloggen.com\/wp-content\/uploads\/2018\/04\/evadahlgren2018-300x300.jpg 300w\" sizes=\"auto, (max-width: 337px) 100vw, 337px\" \/><\/p>\n<p>Eva Dahlgren har sl\u00e4ppt 4-sp\u00e5rs EPn &#8221;Jag vill ju bara vara fri&#8221;.<\/p>\n<p>Ett pressmail:<br \/>\nSom bekant har Eva Dahlgren en alldeles speciell plats i m\u00e5nga nordbors hj\u00e4rtan \u00e4nda sedan slutet av 70 talet.  Med detta l\u00e5nga fina f\u00f6rtroende i bagaget, tittar Eva alltid fram\u00e5t och \u00e4r trampar vidare p\u00e5 nya v\u00e4gar.<\/p>\n<p>Eva Dahlgren har sedan albumet \u201dJag sjunger ljuset\u201d, Evas f\u00f6rsta sl\u00e4pp p\u00e5 10 \u00e5r, fortsatt att jobba med producenten Johannes Berglund (Jennie Abrahamsson, Ane Brun, Shout Out Loads mfl)<\/p>\n<p>I mars sl\u00e4ppte Eva Dahlgren singeln \u201dJag vill ju bara vara fri\u201d, h\u00e4r bj\u00f6d Eva in Amanda Bergman fr\u00e5n hyllade Amason och Oskar Linnros.<\/p>\n<p>Den 20 april 2018 sl\u00e4pptes hela EPn med samma namn. En digital 4-sp\u00e5rs EP med tv\u00e5 nya l\u00e5tar; bekantingen \u201dJag vill ju bara vara fri\u201d, \u201dDu var inte min d\u00e5\u201d samt livefavoriterna; \u201dIngen \u00e4r som jag\u201d (Petroleum och t\u00e5ng 2007) och \u201dSand\u201d (Lai Lai 1999).<br \/>\nDagen efter, p\u00e5 sj\u00e4lvaste Record Store Day sl\u00e4pps EPn p\u00e5 viny.l I samband med detta g\u00e4star Eva Dahlgren med band Bengans i G\u00f6teborg.<\/p>\n<p><iframe loading=\"lazy\" src=\"https:\/\/open.spotify.com\/embed\/album\/5f7NTjOdRwFSZCiY1dGp37\" width=\"300\" height=\"380\" frameborder=\"0\" allowtransparency=\"true\"><\/iframe><\/p>\n","protected":false},"excerpt":{"rendered":"<p>Eva Dahlgren har sl\u00e4ppt 4-sp\u00e5rs EPn &#8221;Jag vill ju bara vara fri&#8221;. Ett pressmail: Som bekant har Eva Dahlgren en alldeles speciell plats i m\u00e5nga nordbors hj\u00e4rtan \u00e4nda sedan slutet av 70 talet. Med detta l\u00e5nga fina f\u00f6rtroende i bagaget, tittar Eva alltid fram\u00e5t och \u00e4r trampar vidare p\u00e5 nya v\u00e4gar. Eva Dahlgren har sedan [&hellip;]<\/p>\n","protected":false},"author":13,"featured_media":0,"comment_status":"open","ping_status":"open","sticky":false,"template":"","format":"standard","meta":{"_genesis_hide_title":false,"_genesis_hide_breadcrumbs":false,"_genesis_hide_singular_image":false,"_genesis_hide_footer_widgets":false,"_genesis_custom_body_class":"","_genesis_custom_post_class":"","_genesis_layout":"","footnotes":""},"categories":[7,13624],"tags":[3387,12282,5324],"class_list":{"0":"post-117328","1":"post","2":"type-post","3":"status-publish","4":"format-standard","6":"category-musik","7":"category-toppnytt","8":"tag-lyssna","9":"tag-musik","10":"tag-spotify","11":"entry"},"_links":{"self":[{"href":"https:\/\/kulturbloggen.com\/index.php?rest_route=\/wp\/v2\/posts\/117328","targetHints":{"allow":["GET"]}}],"collection":[{"href":"https:\/\/kulturbloggen.com\/index.php?rest_route=\/wp\/v2\/posts"}],"about":[{"href":"https:\/\/kulturbloggen.com\/index.php?rest_route=\/wp\/v2\/types\/post"}],"author":[{"embeddable":true,"href":"https:\/\/kulturbloggen.com\/index.php?rest_route=\/wp\/v2\/users\/13"}],"replies":[{"embeddable":true,"href":"https:\/\/kulturbloggen.com\/index.php?rest_route=%2Fwp%2Fv2%2Fcomments&post=117328"}],"version-history":[{"count":1,"href":"https:\/\/kulturbloggen.com\/index.php?rest_route=\/wp\/v2\/posts\/117328\/revisions"}],"predecessor-version":[{"id":117331,"href":"https:\/\/kulturbloggen.com\/index.php?rest_route=\/wp\/v2\/posts\/117328\/revisions\/117331"}],"wp:attachment":[{"href":"https:\/\/kulturbloggen.com\/index.php?rest_route=%2Fwp%2Fv2%2Fmedia&parent=117328"}],"wp:term":[{"taxonomy":"category","embeddable":true,"href":"https:\/\/kulturbloggen.com\/index.php?rest_route=%2Fwp%2Fv2%2Fcategories&post=117328"},{"taxonomy":"post_tag","embeddable":true,"href":"https:\/\/kulturbloggen.com\/index.php?rest_route=%2Fwp%2Fv2%2Ftags&post=117328"}],"curies":[{"name":"wp","href":"https:\/\/api.w.org\/{rel}","templated":true}]}}