{"id":117323,"date":"2018-04-20T15:02:28","date_gmt":"2018-04-20T14:02:28","guid":{"rendered":"https:\/\/kulturbloggen.com\/?p=117323"},"modified":"2018-04-20T15:02:28","modified_gmt":"2018-04-20T14:02:28","slug":"lyssna-tomma-intet-ambien","status":"publish","type":"post","link":"https:\/\/kulturbloggen.com\/?p=117323","title":{"rendered":"Lyssna: Tomma Intet &#8211; Ambien"},"content":{"rendered":"<p><img loading=\"lazy\" decoding=\"async\" src=\"https:\/\/kulturbloggen.com\/wp-content\/uploads\/2018\/04\/tommaintet.jpg\" alt=\"\" width=\"650\" height=\"650\" class=\"aligncenter size-full wp-image-117326\" srcset=\"https:\/\/kulturbloggen.com\/wp-content\/uploads\/2018\/04\/tommaintet.jpg 650w, https:\/\/kulturbloggen.com\/wp-content\/uploads\/2018\/04\/tommaintet-150x150.jpg 150w, https:\/\/kulturbloggen.com\/wp-content\/uploads\/2018\/04\/tommaintet-300x300.jpg 300w\" sizes=\"auto, (max-width: 650px) 100vw, 650px\" \/><\/p>\n<p>Musikkollektivet TOMMA INTET, som under sin korta livsl\u00e4ngd redan gjort sig ett namn inom den svenska rockscenen, forts\u00e4tter nu sin odyss\u00e9 med andra singeln fr\u00e5n debutalbumet \u201d&#8230; And the Fallen Universe\u201d som sl\u00e4pps 18 maj. <\/p>\n<p>Ett pressmail ber\u00e4ttar:<br \/>\nL\u00e5ten heter \u201dAmbien\u201d och \u00e4r en arpeggiodriven popp\u00e4rla som f\u00f6r tankarna till 1990-talets tong\u00e5ngar och dr\u00f6mmar som blir verklighet i en efterl\u00e4ngtad kemisk s\u00f6mn. \u201dAlla som n\u00e5gon g\u00e5ng haft s\u00f6mnsv\u00e5righeter vet att det \u00e4r den v\u00e4rsta tortyren en m\u00e4nniska kan uts\u00e4ttas f\u00f6r. Du blir nedsliten till sj\u00e4len efter en l\u00e4ngre period av vakenhet. Att d\u00e5 f\u00e5 vaggas in s\u00f6mn i ett skimmer av Zolpidem \u00e4r som en dr\u00f6m i sig. Det \u00e4r sv\u00e5rt att f\u00f6rklara, men l\u00e5ten Ambien \u00e4r v\u00e5rt f\u00f6rs\u00f6k att s\u00e4tta ord och melodi till just den dr\u00f6mmen\u201d f\u00f6rklarar s\u00e5ngaren Magnus. \u201dAmbien\u201d kommer att f\u00f6ljas upp med en video under l\u00f6rdagen och under helgen g\u00e5r \u00e4ven TOMMA INTET ut med en handfull spelningar gruppen kommer att g\u00f6ra i samband med albumreleasen.<\/p>\n<p><iframe loading=\"lazy\" src=\"https:\/\/open.spotify.com\/embed\/album\/020SWs642C9T4O1BWYAKj8\" width=\"300\" height=\"380\" frameborder=\"0\" allowtransparency=\"true\" allow=\"encrypted-media\"><\/iframe> <\/p>\n","protected":false},"excerpt":{"rendered":"<p>Musikkollektivet TOMMA INTET, som under sin korta livsl\u00e4ngd redan gjort sig ett namn inom den svenska rockscenen, forts\u00e4tter nu sin odyss\u00e9 med andra singeln fr\u00e5n debutalbumet \u201d&#8230; And the Fallen Universe\u201d som sl\u00e4pps 18 maj. Ett pressmail ber\u00e4ttar: L\u00e5ten heter \u201dAmbien\u201d och \u00e4r en arpeggiodriven popp\u00e4rla som f\u00f6r tankarna till 1990-talets tong\u00e5ngar och dr\u00f6mmar som [&hellip;]<\/p>\n","protected":false},"author":13,"featured_media":0,"comment_status":"open","ping_status":"open","sticky":false,"template":"","format":"standard","meta":{"_genesis_hide_title":false,"_genesis_hide_breadcrumbs":false,"_genesis_hide_singular_image":false,"_genesis_hide_footer_widgets":false,"_genesis_custom_body_class":"","_genesis_custom_post_class":"","_genesis_layout":"","footnotes":""},"categories":[7],"tags":[3387,12282,5324],"class_list":{"0":"post-117323","1":"post","2":"type-post","3":"status-publish","4":"format-standard","6":"category-musik","7":"tag-lyssna","8":"tag-musik","9":"tag-spotify","10":"entry"},"_links":{"self":[{"href":"https:\/\/kulturbloggen.com\/index.php?rest_route=\/wp\/v2\/posts\/117323","targetHints":{"allow":["GET"]}}],"collection":[{"href":"https:\/\/kulturbloggen.com\/index.php?rest_route=\/wp\/v2\/posts"}],"about":[{"href":"https:\/\/kulturbloggen.com\/index.php?rest_route=\/wp\/v2\/types\/post"}],"author":[{"embeddable":true,"href":"https:\/\/kulturbloggen.com\/index.php?rest_route=\/wp\/v2\/users\/13"}],"replies":[{"embeddable":true,"href":"https:\/\/kulturbloggen.com\/index.php?rest_route=%2Fwp%2Fv2%2Fcomments&post=117323"}],"version-history":[{"count":1,"href":"https:\/\/kulturbloggen.com\/index.php?rest_route=\/wp\/v2\/posts\/117323\/revisions"}],"predecessor-version":[{"id":117327,"href":"https:\/\/kulturbloggen.com\/index.php?rest_route=\/wp\/v2\/posts\/117323\/revisions\/117327"}],"wp:attachment":[{"href":"https:\/\/kulturbloggen.com\/index.php?rest_route=%2Fwp%2Fv2%2Fmedia&parent=117323"}],"wp:term":[{"taxonomy":"category","embeddable":true,"href":"https:\/\/kulturbloggen.com\/index.php?rest_route=%2Fwp%2Fv2%2Fcategories&post=117323"},{"taxonomy":"post_tag","embeddable":true,"href":"https:\/\/kulturbloggen.com\/index.php?rest_route=%2Fwp%2Fv2%2Ftags&post=117323"}],"curies":[{"name":"wp","href":"https:\/\/api.w.org\/{rel}","templated":true}]}}