{"id":117312,"date":"2018-04-20T14:58:56","date_gmt":"2018-04-20T13:58:56","guid":{"rendered":"https:\/\/kulturbloggen.com\/?p=117312"},"modified":"2018-04-20T15:00:15","modified_gmt":"2018-04-20T14:00:15","slug":"tomma-intet-slapper-sin-andra-singel","status":"publish","type":"post","link":"https:\/\/kulturbloggen.com\/?p=117312","title":{"rendered":"Tomma intet sl\u00e4pper sin andra singel"},"content":{"rendered":"<div><a href=\"https:\/\/kulturbloggen.com\/wp-content\/uploads\/2018\/04\/86396C32-42EA-4344-B0AA-1E7725F78615.png\"><img loading=\"lazy\" decoding=\"async\" class=\"alignnone size-medium wp-image-117314\" src=\"https:\/\/kulturbloggen.com\/wp-content\/uploads\/2018\/04\/86396C32-42EA-4344-B0AA-1E7725F78615-300x300.png\" alt=\"\" width=\"300\" height=\"300\" srcset=\"https:\/\/kulturbloggen.com\/wp-content\/uploads\/2018\/04\/86396C32-42EA-4344-B0AA-1E7725F78615-300x300.png 300w, https:\/\/kulturbloggen.com\/wp-content\/uploads\/2018\/04\/86396C32-42EA-4344-B0AA-1E7725F78615-150x150.png 150w, https:\/\/kulturbloggen.com\/wp-content\/uploads\/2018\/04\/86396C32-42EA-4344-B0AA-1E7725F78615-768x768.png 768w, https:\/\/kulturbloggen.com\/wp-content\/uploads\/2018\/04\/86396C32-42EA-4344-B0AA-1E7725F78615-1024x1024.png 1024w\" sizes=\"auto, (max-width: 300px) 100vw, 300px\" \/><\/a><\/div>\n<div>Inf\u00f6r kommande plattan \u201d&#8230;And the Fallen Universe\u201d\u00a0 sl\u00e4pper Tomma Intet sin andra singel. &#8221;Ambien&#8221; \u00e4r en dr\u00f6msk popl\u00e5t med tydlig 90 -talsvibe.<\/div>\n<div>\n<div>-Alla som n\u00e5gon g\u00e5ng haft s\u00f6mnsv\u00e5righeter vet att det \u00e4r den v\u00e4rsta\u00a0tortyren en m\u00e4nniska kan uts\u00e4ttas f\u00f6r. Du blir nedsliten till sj\u00e4len efter en l\u00e4ngre period av vakenhet. Att d\u00e5 f\u00e5 vaggas in s\u00f6mn i ett skimmer av Zolpidem \u00e4r som en dr\u00f6m i sig. Det \u00e4r sv\u00e5rt att f\u00f6rklara, men l\u00e5ten Ambien \u00e4r v\u00e5rt f\u00f6rs\u00f6k att s\u00e4tta ord och melodi till just den dr\u00f6mmen\u201d , s\u00e4ger s\u00e5ngaren i Tomma Intet Magnus.<\/div>\n<div><\/div>\n<div><\/div>\n<div>\u00c4ven musikvideon till\u00a0&#8221;Ambien\u201d sl\u00e4pps i dagarna.\u00a0 Tomma Intet \u00e4r ett erk\u00e4nt svenskt rockband vars senaste album \u201d&#8230;And the Fallen Universe\u201d finns i butikerna fr\u00e5n 18 maj.<\/div>\n<\/div>\n<div>\n<p><iframe title=\"Spotify Embed: Ambien\" style=\"border-radius: 12px\" width=\"100%\" height=\"352\" frameborder=\"0\" allowfullscreen allow=\"autoplay; clipboard-write; encrypted-media; fullscreen; picture-in-picture\" loading=\"lazy\" src=\"https:\/\/open.spotify.com\/embed\/album\/020SWs642C9T4O1BWYAKj8?si=VQ-JEJW7Qe-WMBQ2TxrViQ&#038;utm_source=oembed\"><\/iframe><\/p>\n<\/div>\n<div>\u00a0Petter Stjernstedt<\/div>\n<div>\n<div><\/div>\n<\/div>\n","protected":false},"excerpt":{"rendered":"<p>Inf\u00f6r kommande plattan \u201d&#8230;And the Fallen Universe\u201d\u00a0 sl\u00e4pper Tomma Intet sin andra singel. &#8221;Ambien&#8221; \u00e4r en dr\u00f6msk popl\u00e5t med tydlig 90 -talsvibe. -Alla som n\u00e5gon g\u00e5ng haft s\u00f6mnsv\u00e5righeter vet att det \u00e4r den v\u00e4rsta\u00a0tortyren en m\u00e4nniska kan uts\u00e4ttas f\u00f6r. Du blir nedsliten till sj\u00e4len efter en l\u00e4ngre period av vakenhet. Att d\u00e5 f\u00e5 vaggas in [&hellip;]<\/p>\n","protected":false},"author":40,"featured_media":0,"comment_status":"open","ping_status":"open","sticky":false,"template":"","format":"standard","meta":{"_genesis_hide_title":false,"_genesis_hide_breadcrumbs":false,"_genesis_hide_singular_image":false,"_genesis_hide_footer_widgets":false,"_genesis_custom_body_class":"","_genesis_custom_post_class":"","_genesis_layout":"","footnotes":""},"categories":[7,13624],"tags":[],"class_list":{"0":"post-117312","1":"post","2":"type-post","3":"status-publish","4":"format-standard","6":"category-musik","7":"category-toppnytt","8":"entry"},"_links":{"self":[{"href":"https:\/\/kulturbloggen.com\/index.php?rest_route=\/wp\/v2\/posts\/117312","targetHints":{"allow":["GET"]}}],"collection":[{"href":"https:\/\/kulturbloggen.com\/index.php?rest_route=\/wp\/v2\/posts"}],"about":[{"href":"https:\/\/kulturbloggen.com\/index.php?rest_route=\/wp\/v2\/types\/post"}],"author":[{"embeddable":true,"href":"https:\/\/kulturbloggen.com\/index.php?rest_route=\/wp\/v2\/users\/40"}],"replies":[{"embeddable":true,"href":"https:\/\/kulturbloggen.com\/index.php?rest_route=%2Fwp%2Fv2%2Fcomments&post=117312"}],"version-history":[{"count":6,"href":"https:\/\/kulturbloggen.com\/index.php?rest_route=\/wp\/v2\/posts\/117312\/revisions"}],"predecessor-version":[{"id":117324,"href":"https:\/\/kulturbloggen.com\/index.php?rest_route=\/wp\/v2\/posts\/117312\/revisions\/117324"}],"wp:attachment":[{"href":"https:\/\/kulturbloggen.com\/index.php?rest_route=%2Fwp%2Fv2%2Fmedia&parent=117312"}],"wp:term":[{"taxonomy":"category","embeddable":true,"href":"https:\/\/kulturbloggen.com\/index.php?rest_route=%2Fwp%2Fv2%2Fcategories&post=117312"},{"taxonomy":"post_tag","embeddable":true,"href":"https:\/\/kulturbloggen.com\/index.php?rest_route=%2Fwp%2Fv2%2Ftags&post=117312"}],"curies":[{"name":"wp","href":"https:\/\/api.w.org\/{rel}","templated":true}]}}